{"id":86383,"date":"2025-05-16T14:03:47","date_gmt":"2025-05-16T20:03:47","guid":{"rendered":"https:\/\/diarioavanzada.com.mx\/?p=86383"},"modified":"2025-05-16T14:03:47","modified_gmt":"2025-05-16T20:03:47","slug":"asesinan-en-acapulco-al-creador-de-contenido-el-guerrero-fenix","status":"publish","type":"post","link":"https:\/\/diarioavanzada.com.mx\/?p=86383","title":{"rendered":"Asesinan en Acapulco al creador de contenido: \u201cEl Guerrero F\u00e9nix\u201d"},"content":{"rendered":"\n<p class=\"p1 wp-block-paragraph\">Guerrero, M\u00e9xico, Avanzada (16\/05\/2025).- Un hombre identificado como Jos\u00e9 Carlos Gonz\u00e1lez Herrera, conocido por su trabajo en redes sociales bajo el seud\u00f3nimo de El Guerrero F\u00e9nix, fue asesinado a balazos la noche del jueves en el centro del puerto de Acapulco, informaron medios locales.<\/p>\n\n\n\n<p class=\"p1 wp-block-paragraph\">La v\u00edctima, de 39 a\u00f1os, era responsable de la p\u00e1gina digital F\u00e9nix Opini\u00f3n Ciudadana, dedicada a difundir informaci\u00f3n de inter\u00e9s p\u00fablico. De acuerdo con los primeros reportes, Gonz\u00e1lez Herrera se encontraba en el interior de su autom\u00f3vil, estacionado frente a una farmacia, cuando fue atacado por sujetos armados cerca de las 19:00 horas.<\/p>\n\n\n\n<p class=\"p1 wp-block-paragraph\">Pese a la r\u00e1pida movilizaci\u00f3n de los cuerpos de emergencia tras una llamada de auxilio, el creador de contenido perdi\u00f3 la vida en el sitio a causa de las heridas de bala. Elementos de la Guardia Nacional, Polic\u00eda Estatal y personal ministerial acudieron para asegurar el \u00e1rea y permitir el trabajo de peritos forenses. M\u00e1s tarde, el cuerpo fue trasladado al Servicio M\u00e9dico Forense.<\/p>\n\n\n\n<p class=\"p1 wp-block-paragraph\">Se sabe que Gonz\u00e1lez Herrera ya hab\u00eda sobrevivido a un atentado previo en junio de 2024, tras realizar una transmisi\u00f3n en vivo durante un incendio registrado en el mercado central de Acapulco.<\/p>\n\n\n\n<p class=\"p1 wp-block-paragraph\">Este caso ocurre apenas unos d\u00edas despu\u00e9s del asesinato de Valeria M\u00e1rquez, influencer de 23 a\u00f1os que fue ultimada a tiros el pasado 13 de mayo mientras se encontraba en una est\u00e9tica en el municipio de Zapopan, Jalisco. Seg\u00fan lo informado por la Fiscal\u00eda estatal, la joven realizaba una transmisi\u00f3n en directo cuando un hombre armado irrumpi\u00f3 en el local y le dispar\u00f3.<\/p>\n\n\n\n<p class=\"p1 wp-block-paragraph\">Las autoridades de Jalisco investigan ese hecho bajo el protocolo de feminicidio. M\u00e1rquez contaba con una destacada presencia en redes sociales, donde acumulaba m\u00e1s de 90 mil seguidores en TikTok.<\/p>\n\n\n\n<p class=\"p1 wp-block-paragraph\">Ambos casos han reavivado el debate sobre la seguridad de los creadores de contenido en el pa\u00eds y los riesgos que enfrentan quienes se dedican a informar o transmitir eventos en tiempo real.<\/p>\n<div class=\"fb-background-color\">\n\t\t\t  <div \n\t\t\t  \tclass = \"fb-comments\" \n\t\t\t  \tdata-href = \"https:\/\/diarioavanzada.com.mx\/?p=86383\"\n\t\t\t  \tdata-numposts = \"10\"\n\t\t\t  \tdata-lazy = \"true\"\n\t\t\t\tdata-colorscheme = \"light\"\n\t\t\t\tdata-order-by = \"social\"\n\t\t\t\tdata-mobile=true>\n\t\t\t  <\/div><\/div>\n\t\t  <style>\n\t\t    .fb-background-color {\n\t\t\t\tbackground:  !important;\n\t\t\t}\n\t\t\t.fb_iframe_widget_fluid_desktop iframe {\n\t\t\t    width: 100% !important;\n\t\t\t}\n\t\t  <\/style>\n\t\t  ","protected":false},"excerpt":{"rendered":"<p>Guerrero, M\u00e9xico, Avanzada (16\/05\/2025).- Un hombre identificado como Jos\u00e9 Carlos Gonz\u00e1lez Herrera, conocido por su trabajo en redes sociales bajo el seud\u00f3nimo de El Guerrero F\u00e9nix, fue asesinado a balazos la noche del jueves en el centro del puerto de Acapulco, informaron medios locales. La v\u00edctima, de 39 a\u00f1os, era responsable de la p\u00e1gina digital [&hellip;]<\/p>\n","protected":false},"author":7,"featured_media":86382,"comment_status":"closed","ping_status":"closed","sticky":false,"template":"","format":"standard","meta":{"_coblocks_attr":"","_coblocks_dimensions":"","_coblocks_responsive_height":"","_coblocks_accordion_ie_support":"","_crdt_document":"","advanced_seo_description":"","jetpack_seo_html_title":"","jetpack_seo_noindex":false,"_jetpack_memberships_contains_paid_content":false,"footnotes":""},"categories":[22,7,231],"tags":[],"class_list":["post-86383","post","type-post","status-publish","format-standard","has-post-thumbnail","hentry","category-nacion","category-noticias","category-seguridad"],"jetpack_featured_media_url":"https:\/\/diarioavanzada.com.mx\/wp-content\/uploads\/2025\/05\/img_8609-1.jpg","jetpack-related-posts":[],"jetpack_sharing_enabled":true,"amp_enabled":true,"_links":{"self":[{"href":"https:\/\/diarioavanzada.com.mx\/index.php?rest_route=\/wp\/v2\/posts\/86383","targetHints":{"allow":["GET"]}}],"collection":[{"href":"https:\/\/diarioavanzada.com.mx\/index.php?rest_route=\/wp\/v2\/posts"}],"about":[{"href":"https:\/\/diarioavanzada.com.mx\/index.php?rest_route=\/wp\/v2\/types\/post"}],"author":[{"embeddable":true,"href":"https:\/\/diarioavanzada.com.mx\/index.php?rest_route=\/wp\/v2\/users\/7"}],"replies":[{"embeddable":true,"href":"https:\/\/diarioavanzada.com.mx\/index.php?rest_route=%2Fwp%2Fv2%2Fcomments&post=86383"}],"version-history":[{"count":1,"href":"https:\/\/diarioavanzada.com.mx\/index.php?rest_route=\/wp\/v2\/posts\/86383\/revisions"}],"predecessor-version":[{"id":86394,"href":"https:\/\/diarioavanzada.com.mx\/index.php?rest_route=\/wp\/v2\/posts\/86383\/revisions\/86394"}],"wp:featuredmedia":[{"embeddable":true,"href":"https:\/\/diarioavanzada.com.mx\/index.php?rest_route=\/wp\/v2\/media\/86382"}],"wp:attachment":[{"href":"https:\/\/diarioavanzada.com.mx\/index.php?rest_route=%2Fwp%2Fv2%2Fmedia&parent=86383"}],"wp:term":[{"taxonomy":"category","embeddable":true,"href":"https:\/\/diarioavanzada.com.mx\/index.php?rest_route=%2Fwp%2Fv2%2Fcategories&post=86383"},{"taxonomy":"post_tag","embeddable":true,"href":"https:\/\/diarioavanzada.com.mx\/index.php?rest_route=%2Fwp%2Fv2%2Ftags&post=86383"}],"curies":[{"name":"wp","href":"https:\/\/api.w.org\/{rel}","templated":true}]}}