{"id":86366,"date":"2025-05-16T06:50:52","date_gmt":"2025-05-16T12:50:52","guid":{"rendered":"https:\/\/diarioavanzada.com.mx\/?p=86366"},"modified":"2025-05-16T06:50:52","modified_gmt":"2025-05-16T12:50:52","slug":"nuestra-colima-el-mas-violento","status":"publish","type":"post","link":"https:\/\/diarioavanzada.com.mx\/?p=86366","title":{"rendered":"Nuestra Colima: El m\u00e1s violento"},"content":{"rendered":"\n<p class=\"s3 wp-block-paragraph\"><strong>Editorial<\/strong><\/p>\n\n\n\n<p class=\"s3 wp-block-paragraph\">Seg\u00fan el \u00cdndice de Paz 2025, Colima result\u00f3&nbsp;ser&nbsp;una vez m\u00e1s&nbsp;el estado menos pac\u00edfico del pa\u00eds. Esta noticia no es sorprendente para aquellos que conocen la realidad del estado, pero es alarmante para quienes a\u00fan ten\u00edan esperanzas de un futuro m\u00e1s seguro.<\/p>\n\n\n\n<p class=\"s3 wp-block-paragraph\">La violencia y la inseguridad han sido una constante en Colima en los \u00faltimos a\u00f1os. La entidad ha sido escenario de enfrentamientos entre grupos delictivos, homicidios, secuestros, desapariciones&nbsp;y extorsiones. La situaci\u00f3n es tan grave que ha generado un clima de miedo y desconfianza entre la poblaci\u00f3n.<\/p>\n\n\n\n<p class=\"s3 wp-block-paragraph\">La inseguridad en Colima es un problema complejo que tiene m\u00faltiples causas. Entre ellas se encuentran la corrupci\u00f3n, la impunidad, la falta de oportunidades y la presencia de grupos delictivos. La corrupci\u00f3n y la impunidad permiten que los delincuentes act\u00faen con total libertad, mientras que la falta de oportunidades y la pobreza empujan a muchos j\u00f3venes a unirse a los grupos delictivos.<\/p>\n\n\n\n<p class=\"s3 wp-block-paragraph\">La&nbsp;situaci\u00f3n actual de la entidad&nbsp;tiene graves consecuencias para la poblaci\u00f3n. La violencia y el miedo generan un clima de incertidumbre que afecta la econom\u00eda, la educaci\u00f3n y la salud.&nbsp;Hay&nbsp;empresarios&nbsp;que, al no poder pagar las extorsiones,&nbsp;se ven obligados a cerrar sus negocios, los estudiantes&nbsp;ven con incertidumbre el futuro y el miedo se ha apoderado de la sociedad en general.<\/p>\n\n\n\n<p class=\"s3 wp-block-paragraph\">Para abordar la inseguridad en Colima, es necesario implementar pol\u00edticas p\u00fablicas efectivas que aborden las causas profundas del problema. Esto incluye la creaci\u00f3n de programas de empleo y educaci\u00f3n, la mejora de la seguridad p\u00fablica y la justicia, y la lucha contra la corrupci\u00f3n y la impunidad.<\/p>\n\n\n\n<p class=\"s3 wp-block-paragraph\">Adem\u00e1s, es fundamental que la sociedad civil se involucre en la b\u00fasqueda de soluciones, pero sobre todo que los ciudadanos exigir a las autoridades que tomen medidas efectivas para garantizar su seguridad.<\/p>\n\n\n\n<p class=\"s3 wp-block-paragraph\">La situaci\u00f3n de inseguridad en Colima es grave y requiere una atenci\u00f3n inmediata.&nbsp;Sin embargo, hasta ahora el gobierno morenista de Indira Vizca\u00edno Silva no ha mostrado inter\u00e9s&nbsp;ni capacidad para&nbsp;atender de manera integral esta problem\u00e1tica, que en vez de&nbsp;mejorar cada vez empeora m\u00e1s.&nbsp;La paz y la seguridad son derechos fundamentales que deben ser protegidos y garantizados por el Estado. Es hora de tomar medidas efectivas para hacer de Colima un lugar m\u00e1s pac\u00edfico y seguro para toda la poblaci\u00f3n.<\/p>\n<div class=\"fb-background-color\">\n\t\t\t  <div \n\t\t\t  \tclass = \"fb-comments\" \n\t\t\t  \tdata-href = \"https:\/\/diarioavanzada.com.mx\/?p=86366\"\n\t\t\t  \tdata-numposts = \"10\"\n\t\t\t  \tdata-lazy = \"true\"\n\t\t\t\tdata-colorscheme = \"light\"\n\t\t\t\tdata-order-by = \"social\"\n\t\t\t\tdata-mobile=true>\n\t\t\t  <\/div><\/div>\n\t\t  <style>\n\t\t    .fb-background-color {\n\t\t\t\tbackground:  !important;\n\t\t\t}\n\t\t\t.fb_iframe_widget_fluid_desktop iframe {\n\t\t\t    width: 100% !important;\n\t\t\t}\n\t\t  <\/style>\n\t\t  ","protected":false},"excerpt":{"rendered":"<p>Editorial Seg\u00fan el \u00cdndice de Paz 2025, Colima result\u00f3&nbsp;ser&nbsp;una vez m\u00e1s&nbsp;el estado menos pac\u00edfico del pa\u00eds. Esta noticia no es sorprendente para aquellos que conocen la realidad del estado, pero es alarmante para quienes a\u00fan ten\u00edan esperanzas de un futuro m\u00e1s seguro. La violencia y la inseguridad han sido una constante en Colima en los [&hellip;]<\/p>\n","protected":false},"author":7,"featured_media":86371,"comment_status":"closed","ping_status":"closed","sticky":false,"template":"","format":"standard","meta":{"_coblocks_attr":"","_coblocks_dimensions":"","_coblocks_responsive_height":"","_coblocks_accordion_ie_support":"","_crdt_document":"","advanced_seo_description":"","jetpack_seo_html_title":"","jetpack_seo_noindex":false,"_jetpack_memberships_contains_paid_content":false,"footnotes":""},"categories":[19,209,7,231],"tags":[210],"class_list":["post-86366","post","type-post","status-publish","format-standard","has-post-thumbnail","hentry","category-colima","category-importantes","category-noticias","category-seguridad","tag-portada"],"jetpack_featured_media_url":"https:\/\/diarioavanzada.com.mx\/wp-content\/uploads\/2025\/05\/img_2404-1.jpg","jetpack-related-posts":[],"jetpack_sharing_enabled":true,"amp_enabled":true,"_links":{"self":[{"href":"https:\/\/diarioavanzada.com.mx\/index.php?rest_route=\/wp\/v2\/posts\/86366","targetHints":{"allow":["GET"]}}],"collection":[{"href":"https:\/\/diarioavanzada.com.mx\/index.php?rest_route=\/wp\/v2\/posts"}],"about":[{"href":"https:\/\/diarioavanzada.com.mx\/index.php?rest_route=\/wp\/v2\/types\/post"}],"author":[{"embeddable":true,"href":"https:\/\/diarioavanzada.com.mx\/index.php?rest_route=\/wp\/v2\/users\/7"}],"replies":[{"embeddable":true,"href":"https:\/\/diarioavanzada.com.mx\/index.php?rest_route=%2Fwp%2Fv2%2Fcomments&post=86366"}],"version-history":[{"count":1,"href":"https:\/\/diarioavanzada.com.mx\/index.php?rest_route=\/wp\/v2\/posts\/86366\/revisions"}],"predecessor-version":[{"id":86372,"href":"https:\/\/diarioavanzada.com.mx\/index.php?rest_route=\/wp\/v2\/posts\/86366\/revisions\/86372"}],"wp:featuredmedia":[{"embeddable":true,"href":"https:\/\/diarioavanzada.com.mx\/index.php?rest_route=\/wp\/v2\/media\/86371"}],"wp:attachment":[{"href":"https:\/\/diarioavanzada.com.mx\/index.php?rest_route=%2Fwp%2Fv2%2Fmedia&parent=86366"}],"wp:term":[{"taxonomy":"category","embeddable":true,"href":"https:\/\/diarioavanzada.com.mx\/index.php?rest_route=%2Fwp%2Fv2%2Fcategories&post=86366"},{"taxonomy":"post_tag","embeddable":true,"href":"https:\/\/diarioavanzada.com.mx\/index.php?rest_route=%2Fwp%2Fv2%2Ftags&post=86366"}],"curies":[{"name":"wp","href":"https:\/\/api.w.org\/{rel}","templated":true}]}}