{"id":86361,"date":"2025-05-15T21:29:16","date_gmt":"2025-05-16T03:29:16","guid":{"rendered":"https:\/\/diarioavanzada.com.mx\/?p=86361"},"modified":"2025-05-15T21:29:16","modified_gmt":"2025-05-16T03:29:16","slug":"sheinbaum-anuncia-aumento-salarial-y-mas-vacaciones-para-maestros","status":"publish","type":"post","link":"https:\/\/diarioavanzada.com.mx\/?p=86361","title":{"rendered":"Sheinbaum anuncia aumento salarial y m\u00e1s vacaciones para maestros"},"content":{"rendered":"\n<p class=\"p1 wp-block-paragraph\">Colima, M\u00e9xico, Avanzada (15\/05\/2025).- En el marco del D\u00eda de la Maestra y el Maestro, la presidenta de M\u00e9xico, Claudia Sheinbaum, anunci\u00f3 un aumento salarial del 9 por ciento retroactivo al 1 de enero y otro incremento adicional del 1 por ciento a partir de septiembre, lo que representa un esfuerzo presupuestal de 36 mil millones de pesos. Adem\u00e1s, inform\u00f3 que las y los docentes tendr\u00e1n una semana adicional de vacaciones al a\u00f1o.<\/p>\n\n\n\n<p class=\"p1 wp-block-paragraph\">Desde el Sal\u00f3n Iberoamericano de la SEP, Sheinbaum reconoci\u00f3 el papel de los maestros en la transformaci\u00f3n educativa del pa\u00eds y anunci\u00f3 que se sustituir\u00e1 la USICAMM, al tiempo que se firmar\u00e1 un decreto para mejorar la movilidad laboral de los docentes, tomando en cuenta la antig\u00fcedad y la cercan\u00eda con sus familias.<\/p>\n\n\n\n<p class=\"p1 wp-block-paragraph\">Tambi\u00e9n expres\u00f3 su disposici\u00f3n para revisar la reforma al ISSSTE de 2007, calific\u00e1ndola como una injusticia para los trabajadores del Estado, y propuso trabajar junto con el magisterio para revertir gradualmente sus efectos.<\/p>\n\n\n\n<p class=\"p1 wp-block-paragraph\">Durante el acto, se entreg\u00f3 la medalla \u201cMaestro Manuel Altamirano\u201d a 40 docentes de distintas entidades, entre ellas Adriana Gonz\u00e1lez Velasco, del estado de Colima, por su destacada trayectoria.<\/p>\n\n\n\n<p class=\"p1 wp-block-paragraph\">El titular de la SEP, Mario Delgado, y el l\u00edder nacional del SNTE, Alfonso Cepeda Salas, acompa\u00f1aron a la presidenta, junto a otras autoridades del gabinete.<\/p>\n\n\n\n<p class=\"wp-block-paragraph\"><\/p>\n<div class=\"fb-background-color\">\n\t\t\t  <div \n\t\t\t  \tclass = \"fb-comments\" \n\t\t\t  \tdata-href = \"https:\/\/diarioavanzada.com.mx\/?p=86361\"\n\t\t\t  \tdata-numposts = \"10\"\n\t\t\t  \tdata-lazy = \"true\"\n\t\t\t\tdata-colorscheme = \"light\"\n\t\t\t\tdata-order-by = \"social\"\n\t\t\t\tdata-mobile=true>\n\t\t\t  <\/div><\/div>\n\t\t  <style>\n\t\t    .fb-background-color {\n\t\t\t\tbackground:  !important;\n\t\t\t}\n\t\t\t.fb_iframe_widget_fluid_desktop iframe {\n\t\t\t    width: 100% !important;\n\t\t\t}\n\t\t  <\/style>\n\t\t  ","protected":false},"excerpt":{"rendered":"<p>Colima, M\u00e9xico, Avanzada (15\/05\/2025).- En el marco del D\u00eda de la Maestra y el Maestro, la presidenta de M\u00e9xico, Claudia Sheinbaum, anunci\u00f3 un aumento salarial del 9 por ciento retroactivo al 1 de enero y otro incremento adicional del 1 por ciento a partir de septiembre, lo que representa un esfuerzo presupuestal de 36 mil [&hellip;]<\/p>\n","protected":false},"author":7,"featured_media":86362,"comment_status":"closed","ping_status":"closed","sticky":false,"template":"","format":"standard","meta":{"_coblocks_attr":"","_coblocks_dimensions":"","_coblocks_responsive_height":"","_coblocks_accordion_ie_support":"","_crdt_document":"","advanced_seo_description":"","jetpack_seo_html_title":"","jetpack_seo_noindex":false,"_jetpack_memberships_contains_paid_content":false,"footnotes":""},"categories":[209,22,7],"tags":[210],"class_list":["post-86361","post","type-post","status-publish","format-standard","has-post-thumbnail","hentry","category-importantes","category-nacion","category-noticias","tag-portada"],"jetpack_featured_media_url":"https:\/\/diarioavanzada.com.mx\/wp-content\/uploads\/2025\/05\/img_2813-1.jpg","jetpack-related-posts":[],"jetpack_sharing_enabled":true,"amp_enabled":true,"_links":{"self":[{"href":"https:\/\/diarioavanzada.com.mx\/index.php?rest_route=\/wp\/v2\/posts\/86361","targetHints":{"allow":["GET"]}}],"collection":[{"href":"https:\/\/diarioavanzada.com.mx\/index.php?rest_route=\/wp\/v2\/posts"}],"about":[{"href":"https:\/\/diarioavanzada.com.mx\/index.php?rest_route=\/wp\/v2\/types\/post"}],"author":[{"embeddable":true,"href":"https:\/\/diarioavanzada.com.mx\/index.php?rest_route=\/wp\/v2\/users\/7"}],"replies":[{"embeddable":true,"href":"https:\/\/diarioavanzada.com.mx\/index.php?rest_route=%2Fwp%2Fv2%2Fcomments&post=86361"}],"version-history":[{"count":1,"href":"https:\/\/diarioavanzada.com.mx\/index.php?rest_route=\/wp\/v2\/posts\/86361\/revisions"}],"predecessor-version":[{"id":86363,"href":"https:\/\/diarioavanzada.com.mx\/index.php?rest_route=\/wp\/v2\/posts\/86361\/revisions\/86363"}],"wp:featuredmedia":[{"embeddable":true,"href":"https:\/\/diarioavanzada.com.mx\/index.php?rest_route=\/wp\/v2\/media\/86362"}],"wp:attachment":[{"href":"https:\/\/diarioavanzada.com.mx\/index.php?rest_route=%2Fwp%2Fv2%2Fmedia&parent=86361"}],"wp:term":[{"taxonomy":"category","embeddable":true,"href":"https:\/\/diarioavanzada.com.mx\/index.php?rest_route=%2Fwp%2Fv2%2Fcategories&post=86361"},{"taxonomy":"post_tag","embeddable":true,"href":"https:\/\/diarioavanzada.com.mx\/index.php?rest_route=%2Fwp%2Fv2%2Ftags&post=86361"}],"curies":[{"name":"wp","href":"https:\/\/api.w.org\/{rel}","templated":true}]}}