{"id":86346,"date":"2025-05-16T19:24:29","date_gmt":"2025-05-17T01:24:29","guid":{"rendered":"https:\/\/diarioavanzada.com.mx\/?p=86346"},"modified":"2025-05-16T19:24:29","modified_gmt":"2025-05-17T01:24:29","slug":"anuncian-actividades-para-el-fomento-del-buen-cine-en-colima","status":"publish","type":"post","link":"https:\/\/diarioavanzada.com.mx\/?p=86346","title":{"rendered":"Anuncian actividades para el fomento del buen cine en Colima"},"content":{"rendered":"\n<p class=\"wp-block-paragraph\" id=\"block-d36dbe0c-94cb-4124-8a55-a054f53d85d2\"><em>El anuncio fue hecho por el rector Christian Jorge Torres Ortiz, quien estuvo acompa\u00f1ado por Guillermo \u201cPony\u201d Cos\u00edo, realizador de cine, y por Emilio Brun, presidente ejecutivo de la Marina y El Bodeg\u00f3n.<\/em><\/p>\n\n\n\n<p class=\"wp-block-paragraph\">Colima, M\u00e9xico, Comunicado (16\/05\/2025).- Con el prop\u00f3sito de fomentar el gusto por el cine cl\u00e1sico y de autor en Colima, este viernes, en rueda de prensa realizada en el sal\u00f3n del Vitral de la Pinacoteca Universitaria, la Universidad de Colima anunci\u00f3 una serie de actividades culturales que iniciar\u00e1n con el ciclo de cine \u201cLa mirada de Bu\u00f1uel\u201d, a realizarse del 21 al 25 de mayo, y con el que se inaugurar\u00e1 la nueva Sala Audiovisual \u201cPony\u201d de la propia Pinacoteca.<\/p>\n\n\n\n<p class=\"wp-block-paragraph\">El anuncio fue encabezado por el rector Christian Jorge Torres Ortiz Zerme\u00f1o, quien estuvo acompa\u00f1ado por Guillermo \u201cPony\u201d Cos\u00edo D\u00edaz, dise\u00f1ador de producci\u00f3n y realizador de cine, quien don\u00f3 a la Universidad un acervo de 3,350 t\u00edtulos cinematogr\u00e1ficos; Emilio Brun Sol\u00f3rzano, presidente ejecutivo de la Marina y El Bodeg\u00f3n, y Claudia Morales Zenteno, directora general de Museos y Acervo Cultural de esta casa de estudios.<\/p>\n\n\n\n<p class=\"wp-block-paragraph\">En su intervenci\u00f3n, el rector Torres Ortiz destac\u00f3 dos principios que orientan este tipo de iniciativas: \u201cQuien suma no se equivoca\u201d y \u201cEducaci\u00f3n, Cultura y Deporte\u201d. Subray\u00f3 que, como universidad p\u00fablica, los recursos suelen ser limitados, por lo que es fundamental la colaboraci\u00f3n con la sociedad civil y con empresas e instituciones para concretar proyectos. \u201cPor eso agradezco de manera especial a Guillermo \u2018El Pony\u2019 y a Emilio Brun por sus aportaciones, que hacen posible este proyecto\u201d.<\/p>\n\n\n\n<p class=\"wp-block-paragraph\">Sobre la premisa \u201cEducaci\u00f3n, Cultura y Deporte\u201d, el rector agreg\u00f3 que \u201ces una formula indispensable, necesaria para nuestro pa\u00eds, para Colima, y para los j\u00f3venes de hoy en d\u00eda. Afortunadamente, desde la Universidad podemos aportar y abonar\u201d.<\/p>\n\n\n\n<p class=\"wp-block-paragraph\">Al hablar sobre las actividades que se llevar\u00e1n a cabo en la Universidad de Colima para el fomento del cine, Torres Ortiz Zerme\u00f1o destac\u00f3 la inauguraci\u00f3n de la Sala Audiovisual de la Pinacoteca Universitaria, que fue equipada en colaboraci\u00f3n con Emilio Brun y Guillermo Cos\u00edo. \u201cAqu\u00ed se proyectar\u00e1n ciclos de cine programados a partir del acervo f\u00edlmico universitario, integrado en gran parte con las 3,350 pel\u00edculas que Guillermo don\u00f3 a la Universidad de Colima\u201d.<\/p>\n\n\n\n<p class=\"wp-block-paragraph\">Adem\u00e1s, anunci\u00f3 la Muestra Internacional de cine de la Cineteca Nacional, en su edici\u00f3n n\u00famero 77, \u201cque vuelve a nuestro Estado y a la Universidad del 27 de mayo al 2 de junio\u201d. Por \u00faltimo, mencion\u00f3 la colaboraci\u00f3n entre la Universidad de Colima y la Filmoteca de la Universidad Nacional Aut\u00f3noma de M\u00e9xico (UNAM), \u201clo que nos permitir\u00e1 acceder a su acervo digital, un esquema de capacitaci\u00f3n para las y los responsables de los 20 cine videoclubes universitarios\u201d.<\/p>\n\n\n\n<p class=\"wp-block-paragraph\">Al tomar la palabra, Guillermo Cosi\u00f3 D\u00edaz (Pony) agradeci\u00f3 a la Universidad de Colima por poder llevar a cabo un sue\u00f1o que tuvo desde hace algunos a\u00f1os. \u201cVa a ser un sue\u00f1o para mucha gente, pues se est\u00e1 logrando un espacio peque\u00f1o, pero ser\u00e1 muy grande para que haya un gran conocimiento del cine. S\u00e9 que en la Universidad hay m\u00e1s de 20 cine clubes, por lo que es importante que cuenten con un espacio como este, as\u00ed como con toda la filmograf\u00eda\u201d.<\/p>\n\n\n\n<p class=\"wp-block-paragraph\">Por su parte, Emilio Brun Solorzano agradeci\u00f3 la oportunidad de poder abonar a este proyecto a trav\u00e9s del equipamiento de la sala audiovisual de la Pinacoteca.<\/p>\n\n\n\n<p class=\"wp-block-paragraph\">Carlos Alberto Ram\u00edrez Vuelvas agradeci\u00f3 a quien fuera el art\u00edfice de este proyecto: Guillermo Cos\u00edo, mejor conocido como \u201cPony\u201d, quien desde hace tiempo ha insistido en la necesidad de fomentar el cine. \u201cEl primer gesto de Pony fue hacer un acervo f\u00edlmico, cuyas las cuales se han ido proyectando en diferentes espacios de la UdeC y fuera de la misma\u201d.<\/p>\n\n\n\n<p class=\"wp-block-paragraph\">\u201cCreo que proyectos como \u00e9ste hacen que sumar esfuerzos sea pertinente y qu\u00e9 mejor que sea en beneficio de las y los estudiantes, de la Universidad y de la sociedad colimense en general, y que podamos fomentar el buen cine, que haya muchos espacios donde se pueda disfrutar\u201d.<\/p>\n\n\n\n<figure class=\"wp-block-image size-large\"><img loading=\"lazy\" decoding=\"async\" width=\"1024\" height=\"683\" src=\"https:\/\/diarioavanzada.com.mx\/wp-content\/uploads\/2025\/05\/Anuncian-actividades-para-el-fomento-del-buen-cine-en-Colima_a-1024x683.jpg\" alt=\"\" class=\"wp-image-86415\" srcset=\"https:\/\/diarioavanzada.com.mx\/wp-content\/uploads\/2025\/05\/Anuncian-actividades-para-el-fomento-del-buen-cine-en-Colima_a-1024x683.jpg 1024w, https:\/\/diarioavanzada.com.mx\/wp-content\/uploads\/2025\/05\/Anuncian-actividades-para-el-fomento-del-buen-cine-en-Colima_a-300x200.jpg 300w, https:\/\/diarioavanzada.com.mx\/wp-content\/uploads\/2025\/05\/Anuncian-actividades-para-el-fomento-del-buen-cine-en-Colima_a-768x512.jpg 768w, https:\/\/diarioavanzada.com.mx\/wp-content\/uploads\/2025\/05\/Anuncian-actividades-para-el-fomento-del-buen-cine-en-Colima_a-1200x800.jpg 1200w, https:\/\/diarioavanzada.com.mx\/wp-content\/uploads\/2025\/05\/Anuncian-actividades-para-el-fomento-del-buen-cine-en-Colima_a.jpg 1224w\" sizes=\"auto, (max-width: 1024px) 100vw, 1024px\" \/><\/figure>\n\n\n\n<figure class=\"wp-block-image size-large\"><img loading=\"lazy\" decoding=\"async\" width=\"1024\" height=\"683\" src=\"https:\/\/diarioavanzada.com.mx\/wp-content\/uploads\/2025\/05\/Anuncian-actividades-para-el-fomento-del-buen-cine-en-Colima_c-1024x683.jpg\" alt=\"\" class=\"wp-image-86418\" srcset=\"https:\/\/diarioavanzada.com.mx\/wp-content\/uploads\/2025\/05\/Anuncian-actividades-para-el-fomento-del-buen-cine-en-Colima_c-1024x683.jpg 1024w, https:\/\/diarioavanzada.com.mx\/wp-content\/uploads\/2025\/05\/Anuncian-actividades-para-el-fomento-del-buen-cine-en-Colima_c-300x200.jpg 300w, https:\/\/diarioavanzada.com.mx\/wp-content\/uploads\/2025\/05\/Anuncian-actividades-para-el-fomento-del-buen-cine-en-Colima_c-768x512.jpg 768w, https:\/\/diarioavanzada.com.mx\/wp-content\/uploads\/2025\/05\/Anuncian-actividades-para-el-fomento-del-buen-cine-en-Colima_c-1200x800.jpg 1200w, https:\/\/diarioavanzada.com.mx\/wp-content\/uploads\/2025\/05\/Anuncian-actividades-para-el-fomento-del-buen-cine-en-Colima_c.jpg 1224w\" sizes=\"auto, (max-width: 1024px) 100vw, 1024px\" \/><\/figure>\n\n\n\n<figure class=\"wp-block-image size-large\"><img loading=\"lazy\" decoding=\"async\" width=\"1024\" height=\"683\" src=\"https:\/\/diarioavanzada.com.mx\/wp-content\/uploads\/2025\/05\/Anuncian-actividades-para-el-fomento-del-buen-cine-en-Colima-1024x683.jpg\" alt=\"\" class=\"wp-image-86420\" srcset=\"https:\/\/diarioavanzada.com.mx\/wp-content\/uploads\/2025\/05\/Anuncian-actividades-para-el-fomento-del-buen-cine-en-Colima-1024x683.jpg 1024w, https:\/\/diarioavanzada.com.mx\/wp-content\/uploads\/2025\/05\/Anuncian-actividades-para-el-fomento-del-buen-cine-en-Colima-300x200.jpg 300w, https:\/\/diarioavanzada.com.mx\/wp-content\/uploads\/2025\/05\/Anuncian-actividades-para-el-fomento-del-buen-cine-en-Colima-768x512.jpg 768w, https:\/\/diarioavanzada.com.mx\/wp-content\/uploads\/2025\/05\/Anuncian-actividades-para-el-fomento-del-buen-cine-en-Colima-1200x800.jpg 1200w, https:\/\/diarioavanzada.com.mx\/wp-content\/uploads\/2025\/05\/Anuncian-actividades-para-el-fomento-del-buen-cine-en-Colima.jpg 1224w\" sizes=\"auto, (max-width: 1024px) 100vw, 1024px\" \/><\/figure>\n\n\n\n<figure class=\"wp-block-image size-large\"><img loading=\"lazy\" decoding=\"async\" width=\"1024\" height=\"683\" src=\"https:\/\/diarioavanzada.com.mx\/wp-content\/uploads\/2025\/05\/Anuncian-actividades-para-el-fomento-del-buen-cine-en-Colima_Carlos-1024x683.jpg\" alt=\"\" class=\"wp-image-86421\" srcset=\"https:\/\/diarioavanzada.com.mx\/wp-content\/uploads\/2025\/05\/Anuncian-actividades-para-el-fomento-del-buen-cine-en-Colima_Carlos-1024x683.jpg 1024w, https:\/\/diarioavanzada.com.mx\/wp-content\/uploads\/2025\/05\/Anuncian-actividades-para-el-fomento-del-buen-cine-en-Colima_Carlos-300x200.jpg 300w, https:\/\/diarioavanzada.com.mx\/wp-content\/uploads\/2025\/05\/Anuncian-actividades-para-el-fomento-del-buen-cine-en-Colima_Carlos-768x512.jpg 768w, https:\/\/diarioavanzada.com.mx\/wp-content\/uploads\/2025\/05\/Anuncian-actividades-para-el-fomento-del-buen-cine-en-Colima_Carlos-1200x800.jpg 1200w, https:\/\/diarioavanzada.com.mx\/wp-content\/uploads\/2025\/05\/Anuncian-actividades-para-el-fomento-del-buen-cine-en-Colima_Carlos.jpg 1224w\" sizes=\"auto, (max-width: 1024px) 100vw, 1024px\" \/><\/figure>\n\n\n\n<figure class=\"wp-block-image size-large\"><img loading=\"lazy\" decoding=\"async\" width=\"1024\" height=\"683\" src=\"https:\/\/diarioavanzada.com.mx\/wp-content\/uploads\/2025\/05\/Anuncian-actividades-para-el-fomento-del-buen-cine-en-Colima_e-1024x683.jpg\" alt=\"\" class=\"wp-image-86424\" srcset=\"https:\/\/diarioavanzada.com.mx\/wp-content\/uploads\/2025\/05\/Anuncian-actividades-para-el-fomento-del-buen-cine-en-Colima_e-1024x683.jpg 1024w, https:\/\/diarioavanzada.com.mx\/wp-content\/uploads\/2025\/05\/Anuncian-actividades-para-el-fomento-del-buen-cine-en-Colima_e-300x200.jpg 300w, https:\/\/diarioavanzada.com.mx\/wp-content\/uploads\/2025\/05\/Anuncian-actividades-para-el-fomento-del-buen-cine-en-Colima_e-768x512.jpg 768w, https:\/\/diarioavanzada.com.mx\/wp-content\/uploads\/2025\/05\/Anuncian-actividades-para-el-fomento-del-buen-cine-en-Colima_e-1200x800.jpg 1200w, https:\/\/diarioavanzada.com.mx\/wp-content\/uploads\/2025\/05\/Anuncian-actividades-para-el-fomento-del-buen-cine-en-Colima_e.jpg 1224w\" sizes=\"auto, (max-width: 1024px) 100vw, 1024px\" \/><\/figure>\n\n\n\n<figure class=\"wp-block-image size-large\"><img loading=\"lazy\" decoding=\"async\" width=\"1024\" height=\"683\" src=\"https:\/\/diarioavanzada.com.mx\/wp-content\/uploads\/2025\/05\/Anuncian-actividades-para-el-fomento-del-buen-cine-en-Colima_Rector-1024x683.jpg\" alt=\"\" class=\"wp-image-86426\" srcset=\"https:\/\/diarioavanzada.com.mx\/wp-content\/uploads\/2025\/05\/Anuncian-actividades-para-el-fomento-del-buen-cine-en-Colima_Rector-1024x683.jpg 1024w, https:\/\/diarioavanzada.com.mx\/wp-content\/uploads\/2025\/05\/Anuncian-actividades-para-el-fomento-del-buen-cine-en-Colima_Rector-300x200.jpg 300w, https:\/\/diarioavanzada.com.mx\/wp-content\/uploads\/2025\/05\/Anuncian-actividades-para-el-fomento-del-buen-cine-en-Colima_Rector-768x512.jpg 768w, https:\/\/diarioavanzada.com.mx\/wp-content\/uploads\/2025\/05\/Anuncian-actividades-para-el-fomento-del-buen-cine-en-Colima_Rector-1200x800.jpg 1200w, https:\/\/diarioavanzada.com.mx\/wp-content\/uploads\/2025\/05\/Anuncian-actividades-para-el-fomento-del-buen-cine-en-Colima_Rector.jpg 1224w\" sizes=\"auto, (max-width: 1024px) 100vw, 1024px\" \/><\/figure>\n<div class=\"fb-background-color\">\n\t\t\t  <div \n\t\t\t  \tclass = \"fb-comments\" \n\t\t\t  \tdata-href = \"https:\/\/diarioavanzada.com.mx\/?p=86346\"\n\t\t\t  \tdata-numposts = \"10\"\n\t\t\t  \tdata-lazy = \"true\"\n\t\t\t\tdata-colorscheme = \"light\"\n\t\t\t\tdata-order-by = \"social\"\n\t\t\t\tdata-mobile=true>\n\t\t\t  <\/div><\/div>\n\t\t  <style>\n\t\t    .fb-background-color {\n\t\t\t\tbackground:  !important;\n\t\t\t}\n\t\t\t.fb_iframe_widget_fluid_desktop iframe {\n\t\t\t    width: 100% !important;\n\t\t\t}\n\t\t  <\/style>\n\t\t  ","protected":false},"excerpt":{"rendered":"<p>El anuncio fue hecho por el rector Christian Jorge Torres Ortiz, quien estuvo acompa\u00f1ado por Guillermo \u201cPony\u201d Cos\u00edo, realizador de cine, y por Emilio Brun, presidente ejecutivo de la Marina y El Bodeg\u00f3n. Colima, M\u00e9xico, Comunicado (16\/05\/2025).- Con el prop\u00f3sito de fomentar el gusto por el cine cl\u00e1sico y de autor en Colima, este viernes, [&hellip;]<\/p>\n","protected":false},"author":7,"featured_media":86429,"comment_status":"closed","ping_status":"closed","sticky":false,"template":"","format":"standard","meta":{"_coblocks_attr":"","_coblocks_dimensions":"","_coblocks_responsive_height":"","_coblocks_accordion_ie_support":"","_crdt_document":"","advanced_seo_description":"","jetpack_seo_html_title":"","jetpack_seo_noindex":false,"_jetpack_memberships_contains_paid_content":false,"footnotes":""},"categories":[19,209,7],"tags":[],"class_list":["post-86346","post","type-post","status-publish","format-standard","has-post-thumbnail","hentry","category-colima","category-importantes","category-noticias"],"jetpack_featured_media_url":"https:\/\/diarioavanzada.com.mx\/wp-content\/uploads\/2025\/05\/ee434fe8-0c93-4d01-a295-582a9f6d02cd-1.jpg","jetpack-related-posts":[],"jetpack_sharing_enabled":true,"amp_enabled":true,"_links":{"self":[{"href":"https:\/\/diarioavanzada.com.mx\/index.php?rest_route=\/wp\/v2\/posts\/86346","targetHints":{"allow":["GET"]}}],"collection":[{"href":"https:\/\/diarioavanzada.com.mx\/index.php?rest_route=\/wp\/v2\/posts"}],"about":[{"href":"https:\/\/diarioavanzada.com.mx\/index.php?rest_route=\/wp\/v2\/types\/post"}],"author":[{"embeddable":true,"href":"https:\/\/diarioavanzada.com.mx\/index.php?rest_route=\/wp\/v2\/users\/7"}],"replies":[{"embeddable":true,"href":"https:\/\/diarioavanzada.com.mx\/index.php?rest_route=%2Fwp%2Fv2%2Fcomments&post=86346"}],"version-history":[{"count":7,"href":"https:\/\/diarioavanzada.com.mx\/index.php?rest_route=\/wp\/v2\/posts\/86346\/revisions"}],"predecessor-version":[{"id":86427,"href":"https:\/\/diarioavanzada.com.mx\/index.php?rest_route=\/wp\/v2\/posts\/86346\/revisions\/86427"}],"wp:featuredmedia":[{"embeddable":true,"href":"https:\/\/diarioavanzada.com.mx\/index.php?rest_route=\/wp\/v2\/media\/86429"}],"wp:attachment":[{"href":"https:\/\/diarioavanzada.com.mx\/index.php?rest_route=%2Fwp%2Fv2%2Fmedia&parent=86346"}],"wp:term":[{"taxonomy":"category","embeddable":true,"href":"https:\/\/diarioavanzada.com.mx\/index.php?rest_route=%2Fwp%2Fv2%2Fcategories&post=86346"},{"taxonomy":"post_tag","embeddable":true,"href":"https:\/\/diarioavanzada.com.mx\/index.php?rest_route=%2Fwp%2Fv2%2Ftags&post=86346"}],"curies":[{"name":"wp","href":"https:\/\/api.w.org\/{rel}","templated":true}]}}