{"id":86337,"date":"2025-05-15T19:19:34","date_gmt":"2025-05-16T01:19:34","guid":{"rendered":"https:\/\/diarioavanzada.com.mx\/?p=86337"},"modified":"2025-05-15T19:19:34","modified_gmt":"2025-05-16T01:19:34","slug":"exponen-estudiantes-de-la-falcom-cronicas-periodisticas","status":"publish","type":"post","link":"https:\/\/diarioavanzada.com.mx\/?p=86337","title":{"rendered":"Exponen estudiantes de la FalCom cr\u00f3nicas period\u00edsticas"},"content":{"rendered":"\n<p class=\"wp-block-paragraph\"><em>\u201cEl periodista recolecta entre la realidad la opini\u00f3n, el dato y, entre distintas informaciones, construye su discurso\u201d: Raymundo Padilla, docente.<\/em><\/p>\n\n\n\n<p class=\"wp-block-paragraph\">Colima, M\u00e9xico, Comunicado (15\/05\/2025).- Como parte de las tradicionales Noches de Encaladillas, se present\u00f3 esta semana en el Museo Universitario de Artes Populares, la charla titulada: \u201cPeriodismo de opini\u00f3n, con alumnos de la Facultad de Letras y Comunicaci\u00f3n (FalCom)\u201d, durante la cual estudiantes de cuarto semestre presentaron al p\u00fablico sus mejores trabajos de investigaci\u00f3n.<\/p>\n\n\n\n<p class=\"wp-block-paragraph\">La actividad fue coordinada por Raymundo Padilla Lozoya, profesor de la FalCom, quien present\u00f3 a los estudiantes Enrique D\u00edaz Padilla, Miriam Enr\u00edquez Regla, Karla G\u00f3mez Ruiz, Salma Hern\u00e1ndez Serrano y Alberto R\u00edos Garc\u00eda, para que dieran lectura a sus trabajos de cr\u00f3nica.<\/p>\n\n\n\n<p class=\"wp-block-paragraph\">Al tomar la palabra, Raymundo Padilla explic\u00f3 que el periodismo informativo difiere del de opini\u00f3n, ya que en este \u00faltimo el propio periodista emite sus opiniones, adjetiva lo que sucede y describe alg\u00fan acontecimiento importante. \u201cHoy tenemos la oportunidad de escuchar a las nuevas plumas del periodismo, quienes en el futuro nos describir\u00e1n parte de la realidad colimense\u201d, mencion\u00f3.<\/p>\n\n\n\n<p class=\"wp-block-paragraph\">La joven Miriam Enr\u00edquez ley\u00f3 su cr\u00f3nica titulada \u201cEl verdadero gran silencio. Cuando bailar se volvi\u00f3 un delito\u201d, acerca de la represi\u00f3n que sufri\u00f3 el p\u00fablico en un concierto durante las fiestas de mayo en Manzanillo. Karla G\u00f3mez ley\u00f3 su trabajo titulado \u201cLa primera vez nunca se olvida, sobre todo si casi matas a alguien\u201d, sobre los accidentes cuando se aprende a manejar.<\/p>\n\n\n\n<p class=\"wp-block-paragraph\">Salma Hern\u00e1ndez narr\u00f3 las molestias que sufren los conductores en su trabajo \u201cVacaciones en obra. Caos y accidentes en la carretera Colima-Manzanillo\u201d, y Alberto R\u00edos narr\u00f3 c\u00f3mo el Ecoparque Colima, luego de sufrir descuido y abandono, ahora se busca rescatar como espacio natural.<\/p>\n\n\n\n<p class=\"wp-block-paragraph\">Despu\u00e9s Enrique D\u00edaz, en su trabajo \u201cPor fin soy yo, cr\u00f3nica de una mujer trans en Colima\u201d narr\u00f3 c\u00f3mo es la vida de quienes luchan por encontrar su identidad y aceptaci\u00f3n dentro de la sociedad, sobre todo por sus familias.<\/p>\n\n\n\n<p class=\"wp-block-paragraph\">Para finalizar, el profesor Raymundo Padilla mencion\u00f3 que los periodistas tienen que encontrar las palabras exactas para escribir lo que quieren mostrar: un fragmento de la realidad. \u201cPuede ser un gran evento multitudinario o un acontecimiento de la vida cotidiana; el periodista recolecta entre la realidad la opini\u00f3n, el dato y, entre distintas informaciones, construye su discurso\u201d, concluy\u00f3.<\/p>\n\n\n\n<figure class=\"wp-block-image size-large\"><img loading=\"lazy\" decoding=\"async\" width=\"1024\" height=\"683\" src=\"https:\/\/diarioavanzada.com.mx\/wp-content\/uploads\/2025\/05\/Exponen-estudiantes-de-la-FalCom-cronicas-periodisticas_b-1024x683.jpg\" alt=\"\" class=\"wp-image-86340\" srcset=\"https:\/\/diarioavanzada.com.mx\/wp-content\/uploads\/2025\/05\/Exponen-estudiantes-de-la-FalCom-cronicas-periodisticas_b-1024x683.jpg 1024w, https:\/\/diarioavanzada.com.mx\/wp-content\/uploads\/2025\/05\/Exponen-estudiantes-de-la-FalCom-cronicas-periodisticas_b-300x200.jpg 300w, https:\/\/diarioavanzada.com.mx\/wp-content\/uploads\/2025\/05\/Exponen-estudiantes-de-la-FalCom-cronicas-periodisticas_b-768x512.jpg 768w, https:\/\/diarioavanzada.com.mx\/wp-content\/uploads\/2025\/05\/Exponen-estudiantes-de-la-FalCom-cronicas-periodisticas_b-1536x1024.jpg 1536w, https:\/\/diarioavanzada.com.mx\/wp-content\/uploads\/2025\/05\/Exponen-estudiantes-de-la-FalCom-cronicas-periodisticas_b-2048x1365.jpg 2048w, https:\/\/diarioavanzada.com.mx\/wp-content\/uploads\/2025\/05\/Exponen-estudiantes-de-la-FalCom-cronicas-periodisticas_b-1200x800.jpg 1200w\" sizes=\"auto, (max-width: 1024px) 100vw, 1024px\" \/><\/figure>\n\n\n\n<figure class=\"wp-block-image size-large\"><img loading=\"lazy\" decoding=\"async\" width=\"1024\" height=\"670\" src=\"https:\/\/diarioavanzada.com.mx\/wp-content\/uploads\/2025\/05\/Exponen-estudiantes-de-la-FalCom-cronicas-periodisticas_a-1024x670.jpg\" alt=\"\" class=\"wp-image-86342\" srcset=\"https:\/\/diarioavanzada.com.mx\/wp-content\/uploads\/2025\/05\/Exponen-estudiantes-de-la-FalCom-cronicas-periodisticas_a-1024x670.jpg 1024w, https:\/\/diarioavanzada.com.mx\/wp-content\/uploads\/2025\/05\/Exponen-estudiantes-de-la-FalCom-cronicas-periodisticas_a-300x196.jpg 300w, https:\/\/diarioavanzada.com.mx\/wp-content\/uploads\/2025\/05\/Exponen-estudiantes-de-la-FalCom-cronicas-periodisticas_a-768x502.jpg 768w, https:\/\/diarioavanzada.com.mx\/wp-content\/uploads\/2025\/05\/Exponen-estudiantes-de-la-FalCom-cronicas-periodisticas_a-1536x1005.jpg 1536w, https:\/\/diarioavanzada.com.mx\/wp-content\/uploads\/2025\/05\/Exponen-estudiantes-de-la-FalCom-cronicas-periodisticas_a-2048x1339.jpg 2048w, https:\/\/diarioavanzada.com.mx\/wp-content\/uploads\/2025\/05\/Exponen-estudiantes-de-la-FalCom-cronicas-periodisticas_a-1200x785.jpg 1200w\" sizes=\"auto, (max-width: 1024px) 100vw, 1024px\" \/><\/figure>\n\n\n\n<figure class=\"wp-block-image size-large\"><img loading=\"lazy\" decoding=\"async\" width=\"1024\" height=\"689\" src=\"https:\/\/diarioavanzada.com.mx\/wp-content\/uploads\/2025\/05\/Exponen-estudiantes-de-la-FalCom-cronicas-periodisticas_Raymundo-1024x689.jpg\" alt=\"\" class=\"wp-image-86344\" srcset=\"https:\/\/diarioavanzada.com.mx\/wp-content\/uploads\/2025\/05\/Exponen-estudiantes-de-la-FalCom-cronicas-periodisticas_Raymundo-1024x689.jpg 1024w, https:\/\/diarioavanzada.com.mx\/wp-content\/uploads\/2025\/05\/Exponen-estudiantes-de-la-FalCom-cronicas-periodisticas_Raymundo-300x202.jpg 300w, https:\/\/diarioavanzada.com.mx\/wp-content\/uploads\/2025\/05\/Exponen-estudiantes-de-la-FalCom-cronicas-periodisticas_Raymundo-768x517.jpg 768w, https:\/\/diarioavanzada.com.mx\/wp-content\/uploads\/2025\/05\/Exponen-estudiantes-de-la-FalCom-cronicas-periodisticas_Raymundo-1536x1034.jpg 1536w, https:\/\/diarioavanzada.com.mx\/wp-content\/uploads\/2025\/05\/Exponen-estudiantes-de-la-FalCom-cronicas-periodisticas_Raymundo-2048x1378.jpg 2048w, https:\/\/diarioavanzada.com.mx\/wp-content\/uploads\/2025\/05\/Exponen-estudiantes-de-la-FalCom-cronicas-periodisticas_Raymundo-1200x808.jpg 1200w\" sizes=\"auto, (max-width: 1024px) 100vw, 1024px\" \/><\/figure>\n<div class=\"fb-background-color\">\n\t\t\t  <div \n\t\t\t  \tclass = \"fb-comments\" \n\t\t\t  \tdata-href = \"https:\/\/diarioavanzada.com.mx\/?p=86337\"\n\t\t\t  \tdata-numposts = \"10\"\n\t\t\t  \tdata-lazy = \"true\"\n\t\t\t\tdata-colorscheme = \"light\"\n\t\t\t\tdata-order-by = \"social\"\n\t\t\t\tdata-mobile=true>\n\t\t\t  <\/div><\/div>\n\t\t  <style>\n\t\t    .fb-background-color {\n\t\t\t\tbackground:  !important;\n\t\t\t}\n\t\t\t.fb_iframe_widget_fluid_desktop iframe {\n\t\t\t    width: 100% !important;\n\t\t\t}\n\t\t  <\/style>\n\t\t  ","protected":false},"excerpt":{"rendered":"<p>\u201cEl periodista recolecta entre la realidad la opini\u00f3n, el dato y, entre distintas informaciones, construye su discurso\u201d: Raymundo Padilla, docente. Colima, M\u00e9xico, Comunicado (15\/05\/2025).- Como parte de las tradicionales Noches de Encaladillas, se present\u00f3 esta semana en el Museo Universitario de Artes Populares, la charla titulada: \u201cPeriodismo de opini\u00f3n, con alumnos de la Facultad de [&hellip;]<\/p>\n","protected":false},"author":7,"featured_media":86349,"comment_status":"closed","ping_status":"closed","sticky":false,"template":"","format":"standard","meta":{"_coblocks_attr":"","_coblocks_dimensions":"","_coblocks_responsive_height":"","_coblocks_accordion_ie_support":"","_crdt_document":"","advanced_seo_description":"","jetpack_seo_html_title":"","jetpack_seo_noindex":false,"_jetpack_memberships_contains_paid_content":false,"footnotes":""},"categories":[19,209,7],"tags":[],"class_list":["post-86337","post","type-post","status-publish","format-standard","has-post-thumbnail","hentry","category-colima","category-importantes","category-noticias"],"jetpack_featured_media_url":"https:\/\/diarioavanzada.com.mx\/wp-content\/uploads\/2025\/05\/7f1ce96e-026b-47b5-8ada-75d1132292e9-1.jpg","jetpack-related-posts":[],"jetpack_sharing_enabled":true,"amp_enabled":true,"_links":{"self":[{"href":"https:\/\/diarioavanzada.com.mx\/index.php?rest_route=\/wp\/v2\/posts\/86337","targetHints":{"allow":["GET"]}}],"collection":[{"href":"https:\/\/diarioavanzada.com.mx\/index.php?rest_route=\/wp\/v2\/posts"}],"about":[{"href":"https:\/\/diarioavanzada.com.mx\/index.php?rest_route=\/wp\/v2\/types\/post"}],"author":[{"embeddable":true,"href":"https:\/\/diarioavanzada.com.mx\/index.php?rest_route=\/wp\/v2\/users\/7"}],"replies":[{"embeddable":true,"href":"https:\/\/diarioavanzada.com.mx\/index.php?rest_route=%2Fwp%2Fv2%2Fcomments&post=86337"}],"version-history":[{"count":4,"href":"https:\/\/diarioavanzada.com.mx\/index.php?rest_route=\/wp\/v2\/posts\/86337\/revisions"}],"predecessor-version":[{"id":86345,"href":"https:\/\/diarioavanzada.com.mx\/index.php?rest_route=\/wp\/v2\/posts\/86337\/revisions\/86345"}],"wp:featuredmedia":[{"embeddable":true,"href":"https:\/\/diarioavanzada.com.mx\/index.php?rest_route=\/wp\/v2\/media\/86349"}],"wp:attachment":[{"href":"https:\/\/diarioavanzada.com.mx\/index.php?rest_route=%2Fwp%2Fv2%2Fmedia&parent=86337"}],"wp:term":[{"taxonomy":"category","embeddable":true,"href":"https:\/\/diarioavanzada.com.mx\/index.php?rest_route=%2Fwp%2Fv2%2Fcategories&post=86337"},{"taxonomy":"post_tag","embeddable":true,"href":"https:\/\/diarioavanzada.com.mx\/index.php?rest_route=%2Fwp%2Fv2%2Ftags&post=86337"}],"curies":[{"name":"wp","href":"https:\/\/api.w.org\/{rel}","templated":true}]}}