{"id":86321,"date":"2025-05-15T19:11:53","date_gmt":"2025-05-16T01:11:53","guid":{"rendered":"https:\/\/diarioavanzada.com.mx\/?p=86321"},"modified":"2025-05-15T19:18:58","modified_gmt":"2025-05-16T01:18:58","slug":"reconoce-la-udec-a-sus-mejores-docentes-y-trabajadores-por-15-20-y-25-anos-de-servicio","status":"publish","type":"post","link":"https:\/\/diarioavanzada.com.mx\/?p=86321","title":{"rendered":"Reconoce la UdeC a sus mejores docentes y trabajadores por 15, 20 y 25 a\u00f1os de servicio"},"content":{"rendered":"\n<p class=\"wp-block-paragraph\"><em>\u201cAqu\u00ed se rinde tributo, por sus a\u00f1os de servicio, a la lealtad y la perseverancia de universitarios abocados a las diferentes tareas que esta Universidad realiza en favor de Colima\u201d. Indira Vizca\u00edno, gobernadora.<\/em><\/p>\n\n\n\n<p class=\"wp-block-paragraph\"><em>\u201cLas 429 medallas que merecidamente recibir\u00e1n, simbolizan el valor que otorgamos a su trabajo, a la dedicaci\u00f3n y el compromiso que hacen posible la principal tarea de la Universidad de Colima, de transformar vidas a trav\u00e9s de la educaci\u00f3n, la investigaci\u00f3n, la cultura y el deporte\u201d. Christian Torres Ortiz, Rector.<\/em><\/p>\n\n\n\n<p class=\"wp-block-paragraph\">Colima, M\u00e9xico, Comunicado (15\/05\/2025).- Este jueves, en el Teatro Universitario \u201cCoronel Pedro Torres Ortiz\u201d, se llev\u00f3 a cabo la ceremonia de entrega de 429 preseas a las y los universitarios que cumplieron 15, 20 y 25 a\u00f1os de servicio en la instituci\u00f3n, y se entreg\u00f3 reconocimiento a las y los mejores docentes de nivel medio superior y superior de 2024 de la Universidad de Colima (UdeC).<\/p>\n\n\n\n<p class=\"wp-block-paragraph\">El evento estuvo encabezado por la gobernadora del estado, Indira Vizca\u00edno Silva y Christian Jorge Torres Ortiz Zerme\u00f1o, rector de la m\u00e1xima casa de estudios en el estado.<\/p>\n\n\n\n<p class=\"wp-block-paragraph\">El rector agradeci\u00f3 a las y los homenajeados \u201cpor construir, por creer y ejercer su funci\u00f3n con responsabilidad y entusiasmo, haciendo de nuestra Universidad una mejor instituci\u00f3n todos los d\u00edas\u201d.<\/p>\n\n\n\n<p class=\"wp-block-paragraph\">Las distinciones y reconocimientos, destac\u00f3, \u201crepresentan historias de vida muy particulares y trayectorias productivas, pero, en lo colectivo, constituyen el trabajo decidido de la comunidad que ha construido y enriquecido esta Casa de Estudios, haciendo realidad las aspiraciones de una mejor formaci\u00f3n acad\u00e9mica para las y los colimenses\u201d.<\/p>\n\n\n\n<p class=\"wp-block-paragraph\">Coment\u00f3 que las medallas \u201csimbolizan el valor que otorgamos a su trabajo, a la dedicaci\u00f3n y el compromiso que hacen posible la principal tarea de la Universidad de Colima, de transformar vidas a trav\u00e9s de la educaci\u00f3n, la investigaci\u00f3n, la cultura y el deporte.\u201d<\/p>\n\n\n\n<p class=\"wp-block-paragraph\">Adem\u00e1s, Torres Ortiz Zerme\u00f1o reconoci\u00f3 a quienes recibieron la nominaci\u00f3n de sus estudiantes como las y los mejores docentes en el \u00faltimo a\u00f1o, \u201ccomo actores medulares en la transmisi\u00f3n del conocimiento. Al personal docente le reconocemos el alto compromiso para incentivar en las aulas la reflexi\u00f3n, el pensamiento cr\u00edtico, la vocaci\u00f3n de servicio y la cooperaci\u00f3n solidaria, que apoyan el desarrollo de las juventudes y sus entornos\u201d.<\/p>\n\n\n\n<p class=\"wp-block-paragraph\">Antes de concluir su mensaje, el rector dijo que cada presea y distintivo entregado \u201crepresenta un noble esfuerzo y la firme convicci\u00f3n de que la educaci\u00f3n es un camino de cambio y esperanza, especialmente si practicamos una ense\u00f1anza inclusiva, con una perspectiva de g\u00e9nero y sustentabilidad, reconociendo la diversidad de la comunidad universitaria. Deseamos que esta condecoraci\u00f3n los incentive a continuar su tarea, pues su talento y esfuerzo es indispensable para el buen rumbo de nuestra instituci\u00f3n\u201d.<\/p>\n\n\n\n<p class=\"wp-block-paragraph\">Indira Vizca\u00edno Silva, gobernadora del estado reconoci\u00f3 a las y los homenajeados, as\u00ed como a quienes fueron elegidos por sus estudiantes como mejores docentes. \u201cAqu\u00ed se rinde tributo, por sus a\u00f1os de servicio, a la lealtad y la perseverancia de universitarios abocados a las diferentes tareas que esta Universidad realiza en favor de Colima\u201d.<\/p>\n\n\n\n<p class=\"wp-block-paragraph\">\u201cLas y los hoy homenajeados -continu\u00f3- decidieron entregar los mejores a\u00f1os de su vida profesional a las funciones sustantivas de la Universidad: la docencia, la investigaci\u00f3n cient\u00edfica, la extensi\u00f3n de la cultura y la vinculaci\u00f3n social. De esta manera, los trabajadores administrativos y de servicios, junto con quienes se desempe\u00f1an en las diferentes modalidades acad\u00e9micas, no s\u00f3lo sirven a la Casa de Estudios, sino que benefician con su saber y su hacer al pueblo de Colima\u201d.<\/p>\n\n\n\n<p class=\"wp-block-paragraph\">Indira Vizca\u00edno reconoci\u00f3 que la Universidad de Colima es la instituci\u00f3n p\u00fablica del sector educativo con mayor cobertura en el estado. \u201cMi alma mater supone, para los y las habitantes de toda la regi\u00f3n occidental del pa\u00eds, una oportunidad para formarse como ingenieros y licenciados, o de obtener un posgrado en la rama del conocimiento por el que sienten vocaci\u00f3n\u201d.<\/p>\n\n\n\n<p class=\"wp-block-paragraph\">\u201cA sus casi 85 a\u00f1os de fundada, la UdeC es el puente entre los primeros esfuerzos que se hicieron en Colima para elevar el nivel de estudios m\u00e1s all\u00e1 de la educaci\u00f3n primaria y secundaria, con la actualidad de un estado que se precia de tener uno de los mayores \u00edndices de escolaridad en el pa\u00eds\u201d.<\/p>\n\n\n\n<p class=\"wp-block-paragraph\">Por \u00faltimo, la gobernadora celebr\u00f3 la alianza de los universitarios con el pueblo de Colima, presente en su trabajo cotidiano \u201cy en el proyecto de vida que cada uno y una de ustedes ha construido en torno a su misi\u00f3n como docente, investigador cient\u00edfico y desarrolladora de tecnolog\u00eda, como promotora de la cultura o gestor de la mejora social. En ese sentido, ser universitario y mantenerse ajeno a la comprensi\u00f3n de la problem\u00e1tica social y a la b\u00fasqueda de soluciones, ser\u00eda una contradicci\u00f3n hist\u00f3rica, pues el pueblo de Colima espera de los universitarios que vayan siempre a la vanguardia\u201d.<\/p>\n\n\n\n<p class=\"wp-block-paragraph\">En nombre de las y los homenajeados, la profesora-investigadora Ciria Margarita Salazar, quien recibi\u00f3 reconocimiento por 25 a\u00f1os de labor en est\u00e1 instituci\u00f3n, coment\u00f3 que la Universidad de Colima se ha convertido en su segunda casa. \u201cAqu\u00ed hemos compartido no solo tiempo y conocimiento, sino tambi\u00e9n sue\u00f1os, anhelos y esperanzas. La esperanza de formar a mejores personas, porque hemos constatado a lo largo de nuestro caminar por la Universidad, que la educaci\u00f3n es la mejor tecnolog\u00eda para la transformaci\u00f3n y el desarrollo, y que a trav\u00e9s de ella podemos aspirar, genuinamente, a ser personas felices\u201d.<\/p>\n\n\n\n<p class=\"wp-block-paragraph\">Reconoci\u00f3 tambi\u00e9n al personal administrativo y de servicios, homenajeado en esta ceremonia. \u201cSon quienes, con dedicaci\u00f3n y compromiso, hacen posible que cada d\u00eda la vida universitaria fluya y que cada logr\u00f3 acad\u00e9mico cobre sentido colectivo\u201d.<\/p>\n\n\n\n<p class=\"wp-block-paragraph\">Ciria record\u00f3 sus d\u00edas en la Universidad. \u201cCada generaci\u00f3n de estudiantes ha dejado en nosotras y nosotros una huella imborrable y nos ha recordado la enorme responsabilidad y el privilegio que implica educar, guiar y acompa\u00f1ar. Nuestra labor es parte de la historia viva de la Universidad. Somos quienes, d\u00eda a d\u00eda, construimos los cimientos de una sociedad m\u00e1s justa, m\u00e1s cr\u00edtica y humana\u201d.<\/p>\n\n\n\n<p class=\"wp-block-paragraph\">\u201cAqu\u00ed hemos aprendido que la educaci\u00f3n es una herramienta poderosa, capaz de abrir puertas, de cambiar destinos y sembrar felicidad, no solo en quienes ense\u00f1amos, sino tambi\u00e9n en nosotras mismas y en quienes amamos. Sabemos que nuestra labor trasciende las aulas y los a\u00f1os y que nuestro esfuerzo es semilla de futuro y esperanza para las nuevas generaciones\u201d, comparti\u00f3.<\/p>\n\n\n\n<p class=\"wp-block-paragraph\">\u201cEste reconocimiento nos compromete a seguir trabajando con pasi\u00f3n, \u00e9tica y excelencia, a seguir siendo agentes de cambio, a continuar construyendo una universidad m\u00e1s humana, m\u00e1s justa, m\u00e1s incluyente, m\u00e1s sostenible y comprometida con su entorno\u201d, concluy\u00f3.<\/p>\n\n\n\n<p class=\"wp-block-paragraph\">En esta ocasi\u00f3n 165 universitarios recibieron la presea Profesor Jos\u00e9 S. Ben\u00edtez por 15 a\u00f1os de servicio; por 20 a\u00f1os, 155 trabajadores y trabajadoras recibieron la medalla General Pedro Torres Ortiz y por 25, 119 fueron homenajeados con la presea Universidad de Colima. Recibieron reconocimiento como mejores docentes: 37 profesores y profesoras en nivel medio superior y 52 del nivel superior.<\/p>\n\n\n\n<p class=\"wp-block-paragraph\">Estuvieron en Pres\u00eddium: Juan Carlos Montes, presidente del tribunal superior de justicia del estado de colima; Martha Elia Far\u00edas, presidenta del H. Congreso del Estado; Adolfo N\u00fa\u00f1ez, secretario de Educaci\u00f3n y Cultura en el Estado; Joel Nino Jr., secretario general de la UdeC: Luis Enrique Zamorano, secretario general del SUTUC; Alejandro Novela, presidente FEC; Carolina Venegas, presidenta de la FEUC; Jes\u00fas Campos, presidente de la Asociaci\u00f3n de Jubilados y Pensionados de la UdeC y Adriana Isabel Andrade, presidenta de la ACU.<\/p>\n\n\n\n<figure class=\"wp-block-image size-large\"><img loading=\"lazy\" decoding=\"async\" width=\"1024\" height=\"683\" src=\"https:\/\/diarioavanzada.com.mx\/wp-content\/uploads\/2025\/05\/Reconoce-UdeC-a-sus-mejores-docentes-y-trabajadores-1024x683.jpg\" alt=\"\" class=\"wp-image-86323\" srcset=\"https:\/\/diarioavanzada.com.mx\/wp-content\/uploads\/2025\/05\/Reconoce-UdeC-a-sus-mejores-docentes-y-trabajadores-1024x683.jpg 1024w, https:\/\/diarioavanzada.com.mx\/wp-content\/uploads\/2025\/05\/Reconoce-UdeC-a-sus-mejores-docentes-y-trabajadores-300x200.jpg 300w, https:\/\/diarioavanzada.com.mx\/wp-content\/uploads\/2025\/05\/Reconoce-UdeC-a-sus-mejores-docentes-y-trabajadores-768x512.jpg 768w, https:\/\/diarioavanzada.com.mx\/wp-content\/uploads\/2025\/05\/Reconoce-UdeC-a-sus-mejores-docentes-y-trabajadores-1200x800.jpg 1200w, https:\/\/diarioavanzada.com.mx\/wp-content\/uploads\/2025\/05\/Reconoce-UdeC-a-sus-mejores-docentes-y-trabajadores.jpg 1224w\" sizes=\"auto, (max-width: 1024px) 100vw, 1024px\" \/><\/figure>\n\n\n\n<figure class=\"wp-block-image size-large\"><img loading=\"lazy\" decoding=\"async\" width=\"1024\" height=\"683\" src=\"https:\/\/diarioavanzada.com.mx\/wp-content\/uploads\/2025\/05\/Reconoce-UdeC-a-sus-mejores-docentes-y-trabajadores_a-1024x683.jpg\" alt=\"\" class=\"wp-image-86324\" srcset=\"https:\/\/diarioavanzada.com.mx\/wp-content\/uploads\/2025\/05\/Reconoce-UdeC-a-sus-mejores-docentes-y-trabajadores_a-1024x683.jpg 1024w, https:\/\/diarioavanzada.com.mx\/wp-content\/uploads\/2025\/05\/Reconoce-UdeC-a-sus-mejores-docentes-y-trabajadores_a-300x200.jpg 300w, https:\/\/diarioavanzada.com.mx\/wp-content\/uploads\/2025\/05\/Reconoce-UdeC-a-sus-mejores-docentes-y-trabajadores_a-768x512.jpg 768w, https:\/\/diarioavanzada.com.mx\/wp-content\/uploads\/2025\/05\/Reconoce-UdeC-a-sus-mejores-docentes-y-trabajadores_a-1200x800.jpg 1200w, https:\/\/diarioavanzada.com.mx\/wp-content\/uploads\/2025\/05\/Reconoce-UdeC-a-sus-mejores-docentes-y-trabajadores_a.jpg 1224w\" sizes=\"auto, (max-width: 1024px) 100vw, 1024px\" \/><\/figure>\n\n\n\n<figure class=\"wp-block-image size-large\"><img loading=\"lazy\" decoding=\"async\" width=\"1024\" height=\"683\" src=\"https:\/\/diarioavanzada.com.mx\/wp-content\/uploads\/2025\/05\/Reconoce-UdeC-a-sus-mejores-docentes-y-trabajadores_c-1024x683.jpg\" alt=\"\" class=\"wp-image-86327\" srcset=\"https:\/\/diarioavanzada.com.mx\/wp-content\/uploads\/2025\/05\/Reconoce-UdeC-a-sus-mejores-docentes-y-trabajadores_c-1024x683.jpg 1024w, https:\/\/diarioavanzada.com.mx\/wp-content\/uploads\/2025\/05\/Reconoce-UdeC-a-sus-mejores-docentes-y-trabajadores_c-300x200.jpg 300w, https:\/\/diarioavanzada.com.mx\/wp-content\/uploads\/2025\/05\/Reconoce-UdeC-a-sus-mejores-docentes-y-trabajadores_c-768x512.jpg 768w, https:\/\/diarioavanzada.com.mx\/wp-content\/uploads\/2025\/05\/Reconoce-UdeC-a-sus-mejores-docentes-y-trabajadores_c-1200x800.jpg 1200w, https:\/\/diarioavanzada.com.mx\/wp-content\/uploads\/2025\/05\/Reconoce-UdeC-a-sus-mejores-docentes-y-trabajadores_c.jpg 1224w\" sizes=\"auto, (max-width: 1024px) 100vw, 1024px\" \/><\/figure>\n\n\n\n<figure class=\"wp-block-image size-large\"><img loading=\"lazy\" decoding=\"async\" width=\"1024\" height=\"683\" src=\"https:\/\/diarioavanzada.com.mx\/wp-content\/uploads\/2025\/05\/Reconoce-UdeC-a-sus-mejores-docentes-y-trabajadores_Ciria_a-1024x683.jpg\" alt=\"\" class=\"wp-image-86328\" srcset=\"https:\/\/diarioavanzada.com.mx\/wp-content\/uploads\/2025\/05\/Reconoce-UdeC-a-sus-mejores-docentes-y-trabajadores_Ciria_a-1024x683.jpg 1024w, https:\/\/diarioavanzada.com.mx\/wp-content\/uploads\/2025\/05\/Reconoce-UdeC-a-sus-mejores-docentes-y-trabajadores_Ciria_a-300x200.jpg 300w, https:\/\/diarioavanzada.com.mx\/wp-content\/uploads\/2025\/05\/Reconoce-UdeC-a-sus-mejores-docentes-y-trabajadores_Ciria_a-768x512.jpg 768w, https:\/\/diarioavanzada.com.mx\/wp-content\/uploads\/2025\/05\/Reconoce-UdeC-a-sus-mejores-docentes-y-trabajadores_Ciria_a-1536x1024.jpg 1536w, https:\/\/diarioavanzada.com.mx\/wp-content\/uploads\/2025\/05\/Reconoce-UdeC-a-sus-mejores-docentes-y-trabajadores_Ciria_a-2048x1365.jpg 2048w, https:\/\/diarioavanzada.com.mx\/wp-content\/uploads\/2025\/05\/Reconoce-UdeC-a-sus-mejores-docentes-y-trabajadores_Ciria_a-1200x800.jpg 1200w\" sizes=\"auto, (max-width: 1024px) 100vw, 1024px\" \/><\/figure>\n\n\n\n<figure class=\"wp-block-image size-large\"><img loading=\"lazy\" decoding=\"async\" width=\"1024\" height=\"683\" src=\"https:\/\/diarioavanzada.com.mx\/wp-content\/uploads\/2025\/05\/Reconoce-UdeC-a-sus-mejores-docentes-y-trabajadores_e-1024x683.jpg\" alt=\"\" class=\"wp-image-86330\" srcset=\"https:\/\/diarioavanzada.com.mx\/wp-content\/uploads\/2025\/05\/Reconoce-UdeC-a-sus-mejores-docentes-y-trabajadores_e-1024x683.jpg 1024w, https:\/\/diarioavanzada.com.mx\/wp-content\/uploads\/2025\/05\/Reconoce-UdeC-a-sus-mejores-docentes-y-trabajadores_e-300x200.jpg 300w, https:\/\/diarioavanzada.com.mx\/wp-content\/uploads\/2025\/05\/Reconoce-UdeC-a-sus-mejores-docentes-y-trabajadores_e-768x512.jpg 768w, https:\/\/diarioavanzada.com.mx\/wp-content\/uploads\/2025\/05\/Reconoce-UdeC-a-sus-mejores-docentes-y-trabajadores_e-1200x800.jpg 1200w, https:\/\/diarioavanzada.com.mx\/wp-content\/uploads\/2025\/05\/Reconoce-UdeC-a-sus-mejores-docentes-y-trabajadores_e.jpg 1224w\" sizes=\"auto, (max-width: 1024px) 100vw, 1024px\" \/><\/figure>\n\n\n\n<figure class=\"wp-block-image size-large\"><img loading=\"lazy\" decoding=\"async\" width=\"1024\" height=\"683\" src=\"https:\/\/diarioavanzada.com.mx\/wp-content\/uploads\/2025\/05\/Reconoce-UdeC-a-sus-mejores-docentes-y-trabajadores_j-1024x683.jpg\" alt=\"\" class=\"wp-image-86332\" srcset=\"https:\/\/diarioavanzada.com.mx\/wp-content\/uploads\/2025\/05\/Reconoce-UdeC-a-sus-mejores-docentes-y-trabajadores_j-1024x683.jpg 1024w, https:\/\/diarioavanzada.com.mx\/wp-content\/uploads\/2025\/05\/Reconoce-UdeC-a-sus-mejores-docentes-y-trabajadores_j-300x200.jpg 300w, https:\/\/diarioavanzada.com.mx\/wp-content\/uploads\/2025\/05\/Reconoce-UdeC-a-sus-mejores-docentes-y-trabajadores_j-768x512.jpg 768w, https:\/\/diarioavanzada.com.mx\/wp-content\/uploads\/2025\/05\/Reconoce-UdeC-a-sus-mejores-docentes-y-trabajadores_j-1200x800.jpg 1200w, https:\/\/diarioavanzada.com.mx\/wp-content\/uploads\/2025\/05\/Reconoce-UdeC-a-sus-mejores-docentes-y-trabajadores_j.jpg 1224w\" sizes=\"auto, (max-width: 1024px) 100vw, 1024px\" \/><\/figure>\n\n\n\n<figure class=\"wp-block-image size-large\"><img loading=\"lazy\" decoding=\"async\" width=\"1024\" height=\"683\" src=\"https:\/\/diarioavanzada.com.mx\/wp-content\/uploads\/2025\/05\/Reconoce-UdeC-a-sus-mejores-docentes-y-trabajadores_l-1024x683.jpg\" alt=\"\" class=\"wp-image-86333\" srcset=\"https:\/\/diarioavanzada.com.mx\/wp-content\/uploads\/2025\/05\/Reconoce-UdeC-a-sus-mejores-docentes-y-trabajadores_l-1024x683.jpg 1024w, https:\/\/diarioavanzada.com.mx\/wp-content\/uploads\/2025\/05\/Reconoce-UdeC-a-sus-mejores-docentes-y-trabajadores_l-300x200.jpg 300w, https:\/\/diarioavanzada.com.mx\/wp-content\/uploads\/2025\/05\/Reconoce-UdeC-a-sus-mejores-docentes-y-trabajadores_l-768x512.jpg 768w, https:\/\/diarioavanzada.com.mx\/wp-content\/uploads\/2025\/05\/Reconoce-UdeC-a-sus-mejores-docentes-y-trabajadores_l-1200x800.jpg 1200w, https:\/\/diarioavanzada.com.mx\/wp-content\/uploads\/2025\/05\/Reconoce-UdeC-a-sus-mejores-docentes-y-trabajadores_l.jpg 1224w\" sizes=\"auto, (max-width: 1024px) 100vw, 1024px\" \/><\/figure>\n\n\n\n<figure class=\"wp-block-image size-large\"><img loading=\"lazy\" decoding=\"async\" width=\"1024\" height=\"683\" src=\"https:\/\/diarioavanzada.com.mx\/wp-content\/uploads\/2025\/05\/Reconoce-UdeC-a-sus-mejores-docentes-y-trabajadores_h-1024x683.jpg\" alt=\"\" class=\"wp-image-86334\" srcset=\"https:\/\/diarioavanzada.com.mx\/wp-content\/uploads\/2025\/05\/Reconoce-UdeC-a-sus-mejores-docentes-y-trabajadores_h-1024x683.jpg 1024w, https:\/\/diarioavanzada.com.mx\/wp-content\/uploads\/2025\/05\/Reconoce-UdeC-a-sus-mejores-docentes-y-trabajadores_h-300x200.jpg 300w, https:\/\/diarioavanzada.com.mx\/wp-content\/uploads\/2025\/05\/Reconoce-UdeC-a-sus-mejores-docentes-y-trabajadores_h-768x512.jpg 768w, https:\/\/diarioavanzada.com.mx\/wp-content\/uploads\/2025\/05\/Reconoce-UdeC-a-sus-mejores-docentes-y-trabajadores_h-1200x800.jpg 1200w, https:\/\/diarioavanzada.com.mx\/wp-content\/uploads\/2025\/05\/Reconoce-UdeC-a-sus-mejores-docentes-y-trabajadores_h.jpg 1224w\" sizes=\"auto, (max-width: 1024px) 100vw, 1024px\" \/><\/figure>\n\n\n\n<figure class=\"wp-block-image size-large\"><img loading=\"lazy\" decoding=\"async\" width=\"1024\" height=\"683\" src=\"https:\/\/diarioavanzada.com.mx\/wp-content\/uploads\/2025\/05\/img_2380-1.jpg\" alt=\"\" class=\"wp-image-86347\" srcset=\"https:\/\/diarioavanzada.com.mx\/wp-content\/uploads\/2025\/05\/img_2380-1.jpg 1024w, https:\/\/diarioavanzada.com.mx\/wp-content\/uploads\/2025\/05\/img_2380-1-300x200.jpg 300w, https:\/\/diarioavanzada.com.mx\/wp-content\/uploads\/2025\/05\/img_2380-1-768x512.jpg 768w\" sizes=\"auto, (max-width: 1024px) 100vw, 1024px\" \/><\/figure>\n<div class=\"fb-background-color\">\n\t\t\t  <div \n\t\t\t  \tclass = \"fb-comments\" \n\t\t\t  \tdata-href = \"https:\/\/diarioavanzada.com.mx\/?p=86321\"\n\t\t\t  \tdata-numposts = \"10\"\n\t\t\t  \tdata-lazy = \"true\"\n\t\t\t\tdata-colorscheme = \"light\"\n\t\t\t\tdata-order-by = \"social\"\n\t\t\t\tdata-mobile=true>\n\t\t\t  <\/div><\/div>\n\t\t  <style>\n\t\t    .fb-background-color {\n\t\t\t\tbackground:  !important;\n\t\t\t}\n\t\t\t.fb_iframe_widget_fluid_desktop iframe {\n\t\t\t    width: 100% !important;\n\t\t\t}\n\t\t  <\/style>\n\t\t  ","protected":false},"excerpt":{"rendered":"<p>\u201cAqu\u00ed se rinde tributo, por sus a\u00f1os de servicio, a la lealtad y la perseverancia de universitarios abocados a las diferentes tareas que esta Universidad realiza en favor de Colima\u201d. Indira Vizca\u00edno, gobernadora. \u201cLas 429 medallas que merecidamente recibir\u00e1n, simbolizan el valor que otorgamos a su trabajo, a la dedicaci\u00f3n y el compromiso que hacen [&hellip;]<\/p>\n","protected":false},"author":7,"featured_media":86351,"comment_status":"closed","ping_status":"closed","sticky":false,"template":"","format":"standard","meta":{"_coblocks_attr":"","_coblocks_dimensions":"","_coblocks_responsive_height":"","_coblocks_accordion_ie_support":"","_crdt_document":"","advanced_seo_description":"","jetpack_seo_html_title":"","jetpack_seo_noindex":false,"_jetpack_memberships_contains_paid_content":false,"footnotes":""},"categories":[19,209,7],"tags":[],"class_list":["post-86321","post","type-post","status-publish","format-standard","has-post-thumbnail","hentry","category-colima","category-importantes","category-noticias"],"jetpack_featured_media_url":"https:\/\/diarioavanzada.com.mx\/wp-content\/uploads\/2025\/05\/img_2378-1.png","jetpack-related-posts":[],"jetpack_sharing_enabled":true,"amp_enabled":true,"_links":{"self":[{"href":"https:\/\/diarioavanzada.com.mx\/index.php?rest_route=\/wp\/v2\/posts\/86321","targetHints":{"allow":["GET"]}}],"collection":[{"href":"https:\/\/diarioavanzada.com.mx\/index.php?rest_route=\/wp\/v2\/posts"}],"about":[{"href":"https:\/\/diarioavanzada.com.mx\/index.php?rest_route=\/wp\/v2\/types\/post"}],"author":[{"embeddable":true,"href":"https:\/\/diarioavanzada.com.mx\/index.php?rest_route=\/wp\/v2\/users\/7"}],"replies":[{"embeddable":true,"href":"https:\/\/diarioavanzada.com.mx\/index.php?rest_route=%2Fwp%2Fv2%2Fcomments&post=86321"}],"version-history":[{"count":8,"href":"https:\/\/diarioavanzada.com.mx\/index.php?rest_route=\/wp\/v2\/posts\/86321\/revisions"}],"predecessor-version":[{"id":86352,"href":"https:\/\/diarioavanzada.com.mx\/index.php?rest_route=\/wp\/v2\/posts\/86321\/revisions\/86352"}],"wp:featuredmedia":[{"embeddable":true,"href":"https:\/\/diarioavanzada.com.mx\/index.php?rest_route=\/wp\/v2\/media\/86351"}],"wp:attachment":[{"href":"https:\/\/diarioavanzada.com.mx\/index.php?rest_route=%2Fwp%2Fv2%2Fmedia&parent=86321"}],"wp:term":[{"taxonomy":"category","embeddable":true,"href":"https:\/\/diarioavanzada.com.mx\/index.php?rest_route=%2Fwp%2Fv2%2Fcategories&post=86321"},{"taxonomy":"post_tag","embeddable":true,"href":"https:\/\/diarioavanzada.com.mx\/index.php?rest_route=%2Fwp%2Fv2%2Ftags&post=86321"}],"curies":[{"name":"wp","href":"https:\/\/api.w.org\/{rel}","templated":true}]}}