{"id":86319,"date":"2025-05-15T18:47:09","date_gmt":"2025-05-16T00:47:09","guid":{"rendered":"https:\/\/diarioavanzada.com.mx\/?p=86319"},"modified":"2025-05-15T18:47:09","modified_gmt":"2025-05-16T00:47:09","slug":"la-cantina-el-taurino-cumple-95-anos-el-alcalde-riult-rivera-asiste-como-invitado-especial","status":"publish","type":"post","link":"https:\/\/diarioavanzada.com.mx\/?p=86319","title":{"rendered":"La cantina \u201cEl Taurino\u201d cumple 95 a\u00f1os: el alcalde Riult Rivera asiste como invitado especial"},"content":{"rendered":"\n<p class=\"wp-block-paragraph\"><em>El edil capitalino entrega reconocimiento a la administradora del lugar, \u201cpor ser el \u00fanico y m\u00e1s antiguo establecimiento en el concepto\u201d.<\/em><\/p>\n\n\n\n<p class=\"wp-block-paragraph\">Colima, Colima, Comunicado (15\/05\/2025).- El presidente municipal de Colima Riult Rivera Guti\u00e9rrez asisti\u00f3 est\u00e1 tarde como invitado especial a la celebraci\u00f3n por el 95 aniversario de la cantina El Taurino, la m\u00e1s antigua en Colima Capital.<\/p>\n\n\n\n<p class=\"wp-block-paragraph\">En un breve mensaje el presidente Riult Rivera Guti\u00e9rrez destac\u00f3 el valor que tiene la cantina El Taurino la cual es parte del inventario cultural de Colima.<\/p>\n\n\n\n<p class=\"wp-block-paragraph\">Dijo que para \u00e9l en particular y para todo el equipo del Ayuntamiento de Colima, es un orgullo estar en un establecimiento que es de los m\u00e1s antiguos, &#8220;el \u00fanico y m\u00e1s antiguo en el concepto y eso tiene un gran valor pues es parte de nuestra identidad y nuestra cultura aqu\u00ed en Colima&#8221;.<br \/>El alcalde hizo entrega de un reconocimiento a &#8220;El Taurino por el 95 aniversario de la aut\u00e9ntica cantina de la ciudad de Colima&#8221;, les deseo que sigan subsistiendo muchos a\u00f1os m\u00e1s, dijo el edil capitalino.<\/p>\n\n\n\n<p class=\"wp-block-paragraph\">En su intervenci\u00f3n, la administradora de la cantina El Taurino Aida Torres, agradeci\u00f3 el reconocimiento por parte del presidente Riult Rivera Guti\u00e9rrez, record\u00f3 que junto con su esposo Mario Ram\u00edrez Michel son administradores de ese emblem\u00e1tico lugar desde hace 10 a\u00f1os pues &#8221; La cantina es propiedad de la familia Rodr\u00edguez Trujillo&#8221;, se\u00f1al\u00f3.<\/p>\n\n\n\n<p class=\"wp-block-paragraph\">En este evento el presidente Riult Rivera Guti\u00e9rrez estuvo acompa\u00f1ado por el secretario del Ayuntamiento de Colima Francisco Anzar Herrera, el presidente municipal suplente Guillermo Villa God\u00ednez y la diputada local Sof\u00eda Peralta Ferro, entre otras y otros.<\/p>\n\n\n\n<figure class=\"wp-block-image\"><img loading=\"lazy\" decoding=\"async\" width=\"1024\" height=\"684\" src=\"https:\/\/diarioavanzada.com.mx\/wp-content\/uploads\/2025\/05\/a7fff3e5-f98a-4df1-be37-3394430fbaf3-16642-00001d51f4cafd22_file-1024x684.jpg\" alt=\"\" class=\"wp-image-86313\" srcset=\"https:\/\/diarioavanzada.com.mx\/wp-content\/uploads\/2025\/05\/a7fff3e5-f98a-4df1-be37-3394430fbaf3-16642-00001d51f4cafd22_file-1024x684.jpg 1024w, https:\/\/diarioavanzada.com.mx\/wp-content\/uploads\/2025\/05\/a7fff3e5-f98a-4df1-be37-3394430fbaf3-16642-00001d51f4cafd22_file-300x200.jpg 300w, https:\/\/diarioavanzada.com.mx\/wp-content\/uploads\/2025\/05\/a7fff3e5-f98a-4df1-be37-3394430fbaf3-16642-00001d51f4cafd22_file-768x513.jpg 768w, https:\/\/diarioavanzada.com.mx\/wp-content\/uploads\/2025\/05\/a7fff3e5-f98a-4df1-be37-3394430fbaf3-16642-00001d51f4cafd22_file-1536x1025.jpg 1536w, https:\/\/diarioavanzada.com.mx\/wp-content\/uploads\/2025\/05\/a7fff3e5-f98a-4df1-be37-3394430fbaf3-16642-00001d51f4cafd22_file.jpg 2000w\" sizes=\"auto, (max-width: 1024px) 100vw, 1024px\" \/><\/figure>\n\n\n\n<figure class=\"wp-block-image\"><img loading=\"lazy\" decoding=\"async\" width=\"1024\" height=\"684\" src=\"https:\/\/diarioavanzada.com.mx\/wp-content\/uploads\/2025\/05\/5b6fc773-33a7-4f6e-becd-c83e4c8879ca-16642-00001d51f522bfaa_file-1024x684.jpg\" alt=\"\" class=\"wp-image-86314\" srcset=\"https:\/\/diarioavanzada.com.mx\/wp-content\/uploads\/2025\/05\/5b6fc773-33a7-4f6e-becd-c83e4c8879ca-16642-00001d51f522bfaa_file-1024x684.jpg 1024w, https:\/\/diarioavanzada.com.mx\/wp-content\/uploads\/2025\/05\/5b6fc773-33a7-4f6e-becd-c83e4c8879ca-16642-00001d51f522bfaa_file-300x200.jpg 300w, https:\/\/diarioavanzada.com.mx\/wp-content\/uploads\/2025\/05\/5b6fc773-33a7-4f6e-becd-c83e4c8879ca-16642-00001d51f522bfaa_file-768x513.jpg 768w, https:\/\/diarioavanzada.com.mx\/wp-content\/uploads\/2025\/05\/5b6fc773-33a7-4f6e-becd-c83e4c8879ca-16642-00001d51f522bfaa_file-1536x1025.jpg 1536w, https:\/\/diarioavanzada.com.mx\/wp-content\/uploads\/2025\/05\/5b6fc773-33a7-4f6e-becd-c83e4c8879ca-16642-00001d51f522bfaa_file.jpg 2000w\" sizes=\"auto, (max-width: 1024px) 100vw, 1024px\" \/><\/figure>\n\n\n\n<figure class=\"wp-block-image\"><img loading=\"lazy\" decoding=\"async\" width=\"1024\" height=\"684\" src=\"https:\/\/diarioavanzada.com.mx\/wp-content\/uploads\/2025\/05\/59463d02-a291-454c-bd76-dc7f862cf9fe-16642-00001d51f576b72b_file-1024x684.jpg\" alt=\"\" class=\"wp-image-86315\" srcset=\"https:\/\/diarioavanzada.com.mx\/wp-content\/uploads\/2025\/05\/59463d02-a291-454c-bd76-dc7f862cf9fe-16642-00001d51f576b72b_file-1024x684.jpg 1024w, https:\/\/diarioavanzada.com.mx\/wp-content\/uploads\/2025\/05\/59463d02-a291-454c-bd76-dc7f862cf9fe-16642-00001d51f576b72b_file-300x200.jpg 300w, https:\/\/diarioavanzada.com.mx\/wp-content\/uploads\/2025\/05\/59463d02-a291-454c-bd76-dc7f862cf9fe-16642-00001d51f576b72b_file-768x513.jpg 768w, https:\/\/diarioavanzada.com.mx\/wp-content\/uploads\/2025\/05\/59463d02-a291-454c-bd76-dc7f862cf9fe-16642-00001d51f576b72b_file-1536x1025.jpg 1536w, https:\/\/diarioavanzada.com.mx\/wp-content\/uploads\/2025\/05\/59463d02-a291-454c-bd76-dc7f862cf9fe-16642-00001d51f576b72b_file.jpg 2000w\" sizes=\"auto, (max-width: 1024px) 100vw, 1024px\" \/><\/figure>\n\n\n\n<figure class=\"wp-block-image\"><img loading=\"lazy\" decoding=\"async\" width=\"1024\" height=\"684\" src=\"https:\/\/diarioavanzada.com.mx\/wp-content\/uploads\/2025\/05\/e442e867-c43c-4a81-a55e-3867767d0f9b-16642-00001d51f5d710df_file-1024x684.jpg\" alt=\"\" class=\"wp-image-86317\" srcset=\"https:\/\/diarioavanzada.com.mx\/wp-content\/uploads\/2025\/05\/e442e867-c43c-4a81-a55e-3867767d0f9b-16642-00001d51f5d710df_file-1024x684.jpg 1024w, https:\/\/diarioavanzada.com.mx\/wp-content\/uploads\/2025\/05\/e442e867-c43c-4a81-a55e-3867767d0f9b-16642-00001d51f5d710df_file-300x200.jpg 300w, https:\/\/diarioavanzada.com.mx\/wp-content\/uploads\/2025\/05\/e442e867-c43c-4a81-a55e-3867767d0f9b-16642-00001d51f5d710df_file-768x513.jpg 768w, https:\/\/diarioavanzada.com.mx\/wp-content\/uploads\/2025\/05\/e442e867-c43c-4a81-a55e-3867767d0f9b-16642-00001d51f5d710df_file-1536x1025.jpg 1536w, https:\/\/diarioavanzada.com.mx\/wp-content\/uploads\/2025\/05\/e442e867-c43c-4a81-a55e-3867767d0f9b-16642-00001d51f5d710df_file.jpg 2000w\" sizes=\"auto, (max-width: 1024px) 100vw, 1024px\" \/><\/figure>\n\n\n\n<figure class=\"wp-block-image\"><img loading=\"lazy\" decoding=\"async\" width=\"1024\" height=\"684\" src=\"https:\/\/diarioavanzada.com.mx\/wp-content\/uploads\/2025\/05\/073e6790-d58a-4d3f-95ba-b7fe20e2c47d-16642-00001d51f63bc457_file-1024x684.jpg\" alt=\"\" class=\"wp-image-86316\" srcset=\"https:\/\/diarioavanzada.com.mx\/wp-content\/uploads\/2025\/05\/073e6790-d58a-4d3f-95ba-b7fe20e2c47d-16642-00001d51f63bc457_file-1024x684.jpg 1024w, https:\/\/diarioavanzada.com.mx\/wp-content\/uploads\/2025\/05\/073e6790-d58a-4d3f-95ba-b7fe20e2c47d-16642-00001d51f63bc457_file-300x200.jpg 300w, https:\/\/diarioavanzada.com.mx\/wp-content\/uploads\/2025\/05\/073e6790-d58a-4d3f-95ba-b7fe20e2c47d-16642-00001d51f63bc457_file-768x513.jpg 768w, https:\/\/diarioavanzada.com.mx\/wp-content\/uploads\/2025\/05\/073e6790-d58a-4d3f-95ba-b7fe20e2c47d-16642-00001d51f63bc457_file-1536x1025.jpg 1536w, https:\/\/diarioavanzada.com.mx\/wp-content\/uploads\/2025\/05\/073e6790-d58a-4d3f-95ba-b7fe20e2c47d-16642-00001d51f63bc457_file.jpg 2000w\" sizes=\"auto, (max-width: 1024px) 100vw, 1024px\" \/><\/figure>\n<div class=\"fb-background-color\">\n\t\t\t  <div \n\t\t\t  \tclass = \"fb-comments\" \n\t\t\t  \tdata-href = \"https:\/\/diarioavanzada.com.mx\/?p=86319\"\n\t\t\t  \tdata-numposts = \"10\"\n\t\t\t  \tdata-lazy = \"true\"\n\t\t\t\tdata-colorscheme = \"light\"\n\t\t\t\tdata-order-by = \"social\"\n\t\t\t\tdata-mobile=true>\n\t\t\t  <\/div><\/div>\n\t\t  <style>\n\t\t    .fb-background-color {\n\t\t\t\tbackground:  !important;\n\t\t\t}\n\t\t\t.fb_iframe_widget_fluid_desktop iframe {\n\t\t\t    width: 100% !important;\n\t\t\t}\n\t\t  <\/style>\n\t\t  ","protected":false},"excerpt":{"rendered":"<p>El edil capitalino entrega reconocimiento a la administradora del lugar, \u201cpor ser el \u00fanico y m\u00e1s antiguo establecimiento en el concepto\u201d. Colima, Colima, Comunicado (15\/05\/2025).- El presidente municipal de Colima Riult Rivera Guti\u00e9rrez asisti\u00f3 est\u00e1 tarde como invitado especial a la celebraci\u00f3n por el 95 aniversario de la cantina El Taurino, la m\u00e1s antigua en [&hellip;]<\/p>\n","protected":false},"author":7,"featured_media":86318,"comment_status":"closed","ping_status":"closed","sticky":false,"template":"","format":"standard","meta":{"_coblocks_attr":"","_coblocks_dimensions":"","_coblocks_responsive_height":"","_coblocks_accordion_ie_support":"","_crdt_document":"","advanced_seo_description":"","jetpack_seo_html_title":"","jetpack_seo_noindex":false,"_jetpack_memberships_contains_paid_content":false,"footnotes":""},"categories":[19,209,21,7],"tags":[],"class_list":["post-86319","post","type-post","status-publish","format-standard","has-post-thumbnail","hentry","category-colima","category-importantes","category-municipios","category-noticias"],"jetpack_featured_media_url":"https:\/\/diarioavanzada.com.mx\/wp-content\/uploads\/2025\/05\/72e34b8b-cb8c-49b1-a2ef-a9988ecbb394-1.jpg","jetpack-related-posts":[],"jetpack_sharing_enabled":true,"amp_enabled":true,"_links":{"self":[{"href":"https:\/\/diarioavanzada.com.mx\/index.php?rest_route=\/wp\/v2\/posts\/86319","targetHints":{"allow":["GET"]}}],"collection":[{"href":"https:\/\/diarioavanzada.com.mx\/index.php?rest_route=\/wp\/v2\/posts"}],"about":[{"href":"https:\/\/diarioavanzada.com.mx\/index.php?rest_route=\/wp\/v2\/types\/post"}],"author":[{"embeddable":true,"href":"https:\/\/diarioavanzada.com.mx\/index.php?rest_route=\/wp\/v2\/users\/7"}],"replies":[{"embeddable":true,"href":"https:\/\/diarioavanzada.com.mx\/index.php?rest_route=%2Fwp%2Fv2%2Fcomments&post=86319"}],"version-history":[{"count":0,"href":"https:\/\/diarioavanzada.com.mx\/index.php?rest_route=\/wp\/v2\/posts\/86319\/revisions"}],"wp:featuredmedia":[{"embeddable":true,"href":"https:\/\/diarioavanzada.com.mx\/index.php?rest_route=\/wp\/v2\/media\/86318"}],"wp:attachment":[{"href":"https:\/\/diarioavanzada.com.mx\/index.php?rest_route=%2Fwp%2Fv2%2Fmedia&parent=86319"}],"wp:term":[{"taxonomy":"category","embeddable":true,"href":"https:\/\/diarioavanzada.com.mx\/index.php?rest_route=%2Fwp%2Fv2%2Fcategories&post=86319"},{"taxonomy":"post_tag","embeddable":true,"href":"https:\/\/diarioavanzada.com.mx\/index.php?rest_route=%2Fwp%2Fv2%2Ftags&post=86319"}],"curies":[{"name":"wp","href":"https:\/\/api.w.org\/{rel}","templated":true}]}}