{"id":86310,"date":"2025-05-15T18:12:27","date_gmt":"2025-05-16T00:12:27","guid":{"rendered":"https:\/\/diarioavanzada.com.mx\/?p=86310"},"modified":"2025-05-15T18:12:27","modified_gmt":"2025-05-16T00:12:27","slug":"despiden-a-cuatro-trabajadores-de-la-aduana-en-manzanillo-tras-protestar-por-acoso-y-abuso-laboral","status":"publish","type":"post","link":"https:\/\/diarioavanzada.com.mx\/?p=86310","title":{"rendered":"Despiden a cuatro trabajadores de la aduana en Manzanillo tras protestar por acoso y abuso laboral"},"content":{"rendered":"\n<p class=\"p1 wp-block-paragraph\">Colima, M\u00e9xico, Avanzada (15\/05\/2025).- Cuatro trabajadores de la aduana del puerto de Manzanillo fueron despedidos de manera abrupta luego de haber participado en la protesta del pasado lunes 12 de mayo, donde bloquearon los accesos al recinto fiscal para denunciar presuntos casos de acoso laboral, amenazas, explotaci\u00f3n y abusos de poder por parte de mandos recientemente asignados.<\/p>\n\n\n\n<p class=\"p1 wp-block-paragraph\">Uno de los cesados, Juan Misael Barriga Bautista, oficial de comercio exterior desde marzo de 2021, denunci\u00f3 que fue presionado en repetidas ocasiones para firmar su renuncia, incluso bajo amenazas directas. \u201cEsta fue la cuarta vez que me intentan obligar a renunciar, ahora con amenazas claras. Me advirtieron que me cuidara al salir de la aduana\u201d, expres\u00f3. Barriga asegur\u00f3 que el titular actual de la aduana, quien tom\u00f3 posesi\u00f3n el pasado 15 de abril, ha actuado con prepotencia, presumiendo cercan\u00eda con la presidencia y con el secretario de Marina.<\/p>\n\n\n\n<p class=\"p1 wp-block-paragraph\">Adem\u00e1s, denunci\u00f3 la imposici\u00f3n de un nuevo subdirector del Departamento de Vigilancia y Control, el capit\u00e1n Molina, a quien se\u00f1ala como autor de m\u00faltiples amenazas. \u201cNos han retirado incluso de nuestros dormitorios asignados, nos hacen venir en d\u00edas inh\u00e1biles y fuera de horario, con constantes insultos. Ya estamos cansados\u201d, a\u00f1adi\u00f3.<\/p>\n\n\n\n<p class=\"p1 wp-block-paragraph\">En respuesta al despido de sus compa\u00f1eros, trabajadores de la aduana volvieron a cerrar los accesos del recinto portuario, exigiendo respeto a sus derechos laborales y el cumplimiento de los acuerdos alcanzados con autoridades del sistema portuario el pasado lunes. Omar Ch\u00e1vez, uno de los representantes del personal, declar\u00f3 que no aceptar\u00e1n m\u00e1s negociaciones virtuales y exigen la presencia f\u00edsica de las autoridades competentes.<\/p>\n\n\n\n<p class=\"p1 wp-block-paragraph\">\u201cSe acord\u00f3 que no habr\u00eda represalias, y lo primero que hicieron fue cesar a quienes alzamos la voz. Fueron obligados a firmar renuncias redactadas donde renuncian incluso a sus derechos laborales de m\u00e1s de 20 a\u00f1os\u201d, denunci\u00f3 Ch\u00e1vez.<\/p>\n\n\n\n<p class=\"p1 wp-block-paragraph\">El movimiento ha comenzado a recibir el respaldo de trabajadores de otras aduanas del pa\u00eds, como Veracruz y Ensenada, quienes, seg\u00fan los manifestantes, han vivido situaciones similares bajo ciertos mandos navales. \u201cNo estamos en contra del mando militar, lo que no aceptamos son los abusos\u201d, concluyeron.<\/p>\n\n\n\n<p class=\"wp-block-paragraph\"><\/p>\n<div class=\"fb-background-color\">\n\t\t\t  <div \n\t\t\t  \tclass = \"fb-comments\" \n\t\t\t  \tdata-href = \"https:\/\/diarioavanzada.com.mx\/?p=86310\"\n\t\t\t  \tdata-numposts = \"10\"\n\t\t\t  \tdata-lazy = \"true\"\n\t\t\t\tdata-colorscheme = \"light\"\n\t\t\t\tdata-order-by = \"social\"\n\t\t\t\tdata-mobile=true>\n\t\t\t  <\/div><\/div>\n\t\t  <style>\n\t\t    .fb-background-color {\n\t\t\t\tbackground:  !important;\n\t\t\t}\n\t\t\t.fb_iframe_widget_fluid_desktop iframe {\n\t\t\t    width: 100% !important;\n\t\t\t}\n\t\t  <\/style>\n\t\t  ","protected":false},"excerpt":{"rendered":"<p>Colima, M\u00e9xico, Avanzada (15\/05\/2025).- Cuatro trabajadores de la aduana del puerto de Manzanillo fueron despedidos de manera abrupta luego de haber participado en la protesta del pasado lunes 12 de mayo, donde bloquearon los accesos al recinto fiscal para denunciar presuntos casos de acoso laboral, amenazas, explotaci\u00f3n y abusos de poder por parte de mandos [&hellip;]<\/p>\n","protected":false},"author":7,"featured_media":86311,"comment_status":"closed","ping_status":"closed","sticky":false,"template":"","format":"standard","meta":{"_coblocks_attr":"","_coblocks_dimensions":"","_coblocks_responsive_height":"","_coblocks_accordion_ie_support":"","_crdt_document":"","advanced_seo_description":"","jetpack_seo_html_title":"","jetpack_seo_noindex":false,"_jetpack_memberships_contains_paid_content":false,"footnotes":""},"categories":[19,209,22,7],"tags":[210],"class_list":["post-86310","post","type-post","status-publish","format-standard","has-post-thumbnail","hentry","category-colima","category-importantes","category-nacion","category-noticias","tag-portada"],"jetpack_featured_media_url":"https:\/\/diarioavanzada.com.mx\/wp-content\/uploads\/2025\/05\/img_2366-1.jpg","jetpack-related-posts":[],"jetpack_sharing_enabled":true,"amp_enabled":true,"_links":{"self":[{"href":"https:\/\/diarioavanzada.com.mx\/index.php?rest_route=\/wp\/v2\/posts\/86310","targetHints":{"allow":["GET"]}}],"collection":[{"href":"https:\/\/diarioavanzada.com.mx\/index.php?rest_route=\/wp\/v2\/posts"}],"about":[{"href":"https:\/\/diarioavanzada.com.mx\/index.php?rest_route=\/wp\/v2\/types\/post"}],"author":[{"embeddable":true,"href":"https:\/\/diarioavanzada.com.mx\/index.php?rest_route=\/wp\/v2\/users\/7"}],"replies":[{"embeddable":true,"href":"https:\/\/diarioavanzada.com.mx\/index.php?rest_route=%2Fwp%2Fv2%2Fcomments&post=86310"}],"version-history":[{"count":1,"href":"https:\/\/diarioavanzada.com.mx\/index.php?rest_route=\/wp\/v2\/posts\/86310\/revisions"}],"predecessor-version":[{"id":86312,"href":"https:\/\/diarioavanzada.com.mx\/index.php?rest_route=\/wp\/v2\/posts\/86310\/revisions\/86312"}],"wp:featuredmedia":[{"embeddable":true,"href":"https:\/\/diarioavanzada.com.mx\/index.php?rest_route=\/wp\/v2\/media\/86311"}],"wp:attachment":[{"href":"https:\/\/diarioavanzada.com.mx\/index.php?rest_route=%2Fwp%2Fv2%2Fmedia&parent=86310"}],"wp:term":[{"taxonomy":"category","embeddable":true,"href":"https:\/\/diarioavanzada.com.mx\/index.php?rest_route=%2Fwp%2Fv2%2Fcategories&post=86310"},{"taxonomy":"post_tag","embeddable":true,"href":"https:\/\/diarioavanzada.com.mx\/index.php?rest_route=%2Fwp%2Fv2%2Ftags&post=86310"}],"curies":[{"name":"wp","href":"https:\/\/api.w.org\/{rel}","templated":true}]}}