{"id":86309,"date":"2025-05-16T21:45:19","date_gmt":"2025-05-17T03:45:19","guid":{"rendered":"https:\/\/diarioavanzada.com.mx\/?p=86309"},"modified":"2025-05-16T21:45:19","modified_gmt":"2025-05-17T03:45:19","slug":"isaias-el-olvido-institucional-y-la-lucha-interminable-de-una-familia","status":"publish","type":"post","link":"https:\/\/diarioavanzada.com.mx\/?p=86309","title":{"rendered":"Isa\u00edas, el olvido institucional y la lucha interminable de una familia"},"content":{"rendered":"\n<p class=\"p1 wp-block-paragraph\">Zacatecas, M\u00e9xico, Avanzada (15\/05\/2025).- El 8 de noviembre de 2020, Isa\u00edas, un joven de apenas 20 a\u00f1os, sali\u00f3 de su hogar en Durango con la esperanza de mejorar su vida como jornalero agr\u00edcola en Chaparrosa, un peque\u00f1o poblado del municipio de Villa de Cos, Zacatecas. La promesa de un mejor ingreso lo empuj\u00f3 a enfrentar los caminos inciertos de un pa\u00eds marcado por la violencia y la desaparici\u00f3n. Ese mismo d\u00eda, su voz se apag\u00f3 en el tel\u00e9fono, su rastro se desdibuj\u00f3 en las carreteras polvorientas y su nombre se convirti\u00f3 en una pregunta dolorosa para su familia.<\/p>\n\n\n\n<p class=\"p1 wp-block-paragraph\">Desde entonces, sus seres queridos vivieron sumidos en una pesadilla interminable, sin respuestas claras, sin pistas, sin consuelo. Fueron cinco a\u00f1os de denuncias, llamadas ignoradas y puertas cerradas, en las que el miedo a enfrentar la realidad los paraliz\u00f3. Nunca se atrevieron a regresar a Zacatecas, conscientes de los peligros que acechaban en la zona.<\/p>\n\n\n\n<p class=\"p1 wp-block-paragraph\">Sin embargo, la esperanza nunca se apag\u00f3. Con el paso de los a\u00f1os, se unieron al colectivo Madres Buscadoras de Durango, mujeres que, a fuerza de dolor y coraje, han aprendido a buscar entre la tierra y las sombras, a leer entre l\u00edneas los silencios de las autoridades y a enfrentar la burocracia que parece dise\u00f1ada para enterrar tanto cuerpos como historias.<\/p>\n\n\n\n<p class=\"p1 wp-block-paragraph\">Fue este colectivo el que, finalmente, abri\u00f3 el archivo del olvido. Este a\u00f1o, acompa\u00f1aron a la familia Soto Gurrola a presentar una solicitud formal de informaci\u00f3n ante la Fiscal\u00eda General de Justicia del Estado de Zacatecas (FGJEZ). Lo que descubrieron fue devastador: Isa\u00edas hab\u00eda sido localizado apenas diez d\u00edas despu\u00e9s de su desaparici\u00f3n, el 18 de noviembre de 2020, y sepultado en una fosa com\u00fan en Fresnillo.<\/p>\n\n\n\n<p class=\"p1 wp-block-paragraph\">Durante cinco a\u00f1os, su cuerpo estuvo a pocos kil\u00f3metros, bajo tierra, mientras su ficha de b\u00fasqueda segu\u00eda activa y su nombre aparec\u00eda en las listas de desaparecidos. Nadie les notific\u00f3. Nadie toc\u00f3 a su puerta para decirles que Isa\u00edas ya no volver\u00eda con vida.<\/p>\n\n\n\n<p class=\"p1 wp-block-paragraph\">Hoy, enfrentan un nuevo desaf\u00edo: reunir los 18 mil pesos que les exige una funeraria para repatriar los restos de Isa\u00edas a Durango. El costo de la indiferencia institucional ahora tiene un precio tangible, una cifra que golpea en medio de la pobreza que Isa\u00edas intent\u00f3 superar con su viaje final.<\/p>\n\n\n\n<p class=\"p1 wp-block-paragraph\">La historia de Isa\u00edas es un reflejo de miles de casos en M\u00e9xico, donde la b\u00fasqueda no termina con la localizaci\u00f3n, sino cuando las familias logran abrazar la verdad y enterrar a sus muertos con dignidad. Es la historia de un joven que sali\u00f3 con sue\u00f1os de superaci\u00f3n y termin\u00f3 sepultado en el olvido institucional.<\/p>\n\n\n\n<p class=\"p1 wp-block-paragraph\">Para su familia, el cierre de este ciclo es a\u00fan una lucha pendiente, pero ya no est\u00e1n solos. El eco de su dolor resuena en cada madre, hermana y padre que a\u00fan clama justicia en un pa\u00eds que, muchas veces, parece haber olvidado a sus propios hijos.<\/p>\n<div class=\"fb-background-color\">\n\t\t\t  <div \n\t\t\t  \tclass = \"fb-comments\" \n\t\t\t  \tdata-href = \"https:\/\/diarioavanzada.com.mx\/?p=86309\"\n\t\t\t  \tdata-numposts = \"10\"\n\t\t\t  \tdata-lazy = \"true\"\n\t\t\t\tdata-colorscheme = \"light\"\n\t\t\t\tdata-order-by = \"social\"\n\t\t\t\tdata-mobile=true>\n\t\t\t  <\/div><\/div>\n\t\t  <style>\n\t\t    .fb-background-color {\n\t\t\t\tbackground:  !important;\n\t\t\t}\n\t\t\t.fb_iframe_widget_fluid_desktop iframe {\n\t\t\t    width: 100% !important;\n\t\t\t}\n\t\t  <\/style>\n\t\t  ","protected":false},"excerpt":{"rendered":"<p>Zacatecas, M\u00e9xico, Avanzada (15\/05\/2025).- El 8 de noviembre de 2020, Isa\u00edas, un joven de apenas 20 a\u00f1os, sali\u00f3 de su hogar en Durango con la esperanza de mejorar su vida como jornalero agr\u00edcola en Chaparrosa, un peque\u00f1o poblado del municipio de Villa de Cos, Zacatecas. La promesa de un mejor ingreso lo empuj\u00f3 a enfrentar [&hellip;]<\/p>\n","protected":false},"author":7,"featured_media":86463,"comment_status":"closed","ping_status":"closed","sticky":false,"template":"","format":"standard","meta":{"_coblocks_attr":"","_coblocks_dimensions":"","_coblocks_responsive_height":"","_coblocks_accordion_ie_support":"","_crdt_document":"","advanced_seo_description":"","jetpack_seo_html_title":"","jetpack_seo_noindex":false,"_jetpack_memberships_contains_paid_content":false,"footnotes":""},"categories":[22,7,231],"tags":[],"class_list":["post-86309","post","type-post","status-publish","format-standard","has-post-thumbnail","hentry","category-nacion","category-noticias","category-seguridad"],"jetpack_featured_media_url":"https:\/\/diarioavanzada.com.mx\/wp-content\/uploads\/2025\/05\/img_3338-1.png","jetpack-related-posts":[],"jetpack_sharing_enabled":true,"amp_enabled":true,"_links":{"self":[{"href":"https:\/\/diarioavanzada.com.mx\/index.php?rest_route=\/wp\/v2\/posts\/86309","targetHints":{"allow":["GET"]}}],"collection":[{"href":"https:\/\/diarioavanzada.com.mx\/index.php?rest_route=\/wp\/v2\/posts"}],"about":[{"href":"https:\/\/diarioavanzada.com.mx\/index.php?rest_route=\/wp\/v2\/types\/post"}],"author":[{"embeddable":true,"href":"https:\/\/diarioavanzada.com.mx\/index.php?rest_route=\/wp\/v2\/users\/7"}],"replies":[{"embeddable":true,"href":"https:\/\/diarioavanzada.com.mx\/index.php?rest_route=%2Fwp%2Fv2%2Fcomments&post=86309"}],"version-history":[{"count":2,"href":"https:\/\/diarioavanzada.com.mx\/index.php?rest_route=\/wp\/v2\/posts\/86309\/revisions"}],"predecessor-version":[{"id":86465,"href":"https:\/\/diarioavanzada.com.mx\/index.php?rest_route=\/wp\/v2\/posts\/86309\/revisions\/86465"}],"wp:featuredmedia":[{"embeddable":true,"href":"https:\/\/diarioavanzada.com.mx\/index.php?rest_route=\/wp\/v2\/media\/86463"}],"wp:attachment":[{"href":"https:\/\/diarioavanzada.com.mx\/index.php?rest_route=%2Fwp%2Fv2%2Fmedia&parent=86309"}],"wp:term":[{"taxonomy":"category","embeddable":true,"href":"https:\/\/diarioavanzada.com.mx\/index.php?rest_route=%2Fwp%2Fv2%2Fcategories&post=86309"},{"taxonomy":"post_tag","embeddable":true,"href":"https:\/\/diarioavanzada.com.mx\/index.php?rest_route=%2Fwp%2Fv2%2Ftags&post=86309"}],"curies":[{"name":"wp","href":"https:\/\/api.w.org\/{rel}","templated":true}]}}