{"id":86307,"date":"2025-05-15T17:40:37","date_gmt":"2025-05-15T23:40:37","guid":{"rendered":"https:\/\/diarioavanzada.com.mx\/?p=86307"},"modified":"2025-05-15T17:40:37","modified_gmt":"2025-05-15T23:40:37","slug":"esta-vdea-preparada-para-el-temporal-de-lluvias-tey","status":"publish","type":"post","link":"https:\/\/diarioavanzada.com.mx\/?p=86307","title":{"rendered":"Est\u00e1 VdeA preparada para el temporal de lluvias: Tey"},"content":{"rendered":"\n<p class=\"wp-block-paragraph\"><em>Destaca Alcaldesa trabajos de desazolve en arroyos y alcantarillas<br>Se har\u00e1 an\u00e1lisis sobre situaci\u00f3n de \u00e1rboles que representen riesgo y se reforzar\u00e1n los trabajos de poda<\/em><\/p>\n\n\n\n<p class=\"wp-block-paragraph\">Villa de \u00c1lvarez, Colima, Comunicado (15\/05\/2025).- Previo al inicio de la temporada de huracanes y ciclones, en Villa de \u00c1lvarez se realizan trabajos para evitar que las lluvias causen inundaciones y afectaciones a la poblaci\u00f3n, record\u00f3 la Presidenta Tey Guti\u00e9rrez Andrade, quien puntualiz\u00f3 que en este municipio est\u00e1 preparado para el temporal.<\/p>\n\n\n\n<p class=\"wp-block-paragraph\">La Alcaldesa destac\u00f3 que entre de los trabajos preventivos, su gobierno, con la participaci\u00f3n de las c\u00e1maras Mexicanas de la Industria de la Construcci\u00f3n y la Nacional de Desarrolladores de Vivienda, por cuarto a\u00f1o consecutivo realiza el desazolve del arroyo Pereyra en su paso por Villa de \u00c1lvarez, tarea que a dos semanas de iniciada presenta un importante avance.<\/p>\n\n\n\n<p class=\"wp-block-paragraph\">En reuni\u00f3n de trabajo con las \u00e1reas de Seguridad P\u00fablica, Protecci\u00f3n Civil, Servicios P\u00fablicos y Desarrollo Urbano, a la Presidenta se le report\u00f3 que tambi\u00e9n el desazolve de alcantarillas registra un avance superior al proyectado, por lo que antes de que concluya el mes de mayo estar\u00e1n libres de azolve y basura las 120 alcantarillas de la Ciudad.<\/p>\n\n\n\n<p class=\"wp-block-paragraph\">Tey Guti\u00e9rrez mencion\u00f3 que desde la pasada administraci\u00f3n municipal, en Villa de \u00c1lvarez ha sido una prioridad realizar acciones para prevenir inundaciones en \u00e9poca de lluvias, por ello se han construido colectores pluviales en zonas de la mancha urbana que por mucho tiempo padecieron esa calamidad, como en las colonias Real Centenario, Manuel \u00c1lvarez, Real de Can\u00e1, Villas de Bugambilias y en la Glorieta de los Perritos Bailarines.<\/p>\n\n\n\n<p class=\"wp-block-paragraph\">Por los riesgos que representan, se acord\u00f3 reforzar el trabajo de poda para evitar que ramas d\u00e9biles pudieran ocasionar accidentes, adem\u00e1s de detectar la presencia de \u00e1rboles deteriorados que por sus condiciones representen riesgo a la seguridad y al patrimonio de las personas, los cuales ser\u00e1n objeto de un an\u00e1lisis t\u00e9cnico-jur\u00eddico que determinar\u00e1 si es factible que permanezcan o deban ser derribados.<\/p>\n\n\n\n<p class=\"wp-block-paragraph\">En ese sentido, la Unidad Municipal de Protecci\u00f3n Civil expres\u00f3 la importancia de atender el tema del arbolado en temporada de lluvias, pues en 2021 las precipitaciones pluviales derribaron 120 \u00e1rboles; en 2022, 72, y el a\u00f1o pasado fueron 312 los \u00e1rboles ca\u00eddos a consecuencia de las lluvias, que aunque no provocaron lesiones ni p\u00e9rdida de vidas humanas, en muchos casos s\u00ed causaron da\u00f1os materiales y en consecuencia p\u00e9rdidas econ\u00f3micas.<\/p>\n\n\n\n<figure class=\"wp-block-image size-large\"><img loading=\"lazy\" decoding=\"async\" width=\"1024\" height=\"685\" src=\"https:\/\/diarioavanzada.com.mx\/wp-content\/uploads\/2025\/05\/bb35c1ed-81f2-4c80-bcaf-8801e6e832b5-1-1024x685.jpg\" class=\"wp-image-86304\" srcset=\"https:\/\/diarioavanzada.com.mx\/wp-content\/uploads\/2025\/05\/bb35c1ed-81f2-4c80-bcaf-8801e6e832b5-1-1024x685.jpg 1024w, https:\/\/diarioavanzada.com.mx\/wp-content\/uploads\/2025\/05\/bb35c1ed-81f2-4c80-bcaf-8801e6e832b5-1-300x201.jpg 300w, https:\/\/diarioavanzada.com.mx\/wp-content\/uploads\/2025\/05\/bb35c1ed-81f2-4c80-bcaf-8801e6e832b5-1-768x513.jpg 768w, https:\/\/diarioavanzada.com.mx\/wp-content\/uploads\/2025\/05\/bb35c1ed-81f2-4c80-bcaf-8801e6e832b5-1-1536x1027.jpg 1536w, https:\/\/diarioavanzada.com.mx\/wp-content\/uploads\/2025\/05\/bb35c1ed-81f2-4c80-bcaf-8801e6e832b5-1.jpg 1578w\" sizes=\"auto, (max-width: 1024px) 100vw, 1024px\" \/><\/figure>\n\n\n\n<figure class=\"wp-block-image size-large\"><img loading=\"lazy\" decoding=\"async\" width=\"1024\" height=\"684\" src=\"https:\/\/diarioavanzada.com.mx\/wp-content\/uploads\/2025\/05\/356a51b7-a54b-4b44-9627-c4ae11619fc3-1-1024x684.jpg\" class=\"wp-image-86305\" srcset=\"https:\/\/diarioavanzada.com.mx\/wp-content\/uploads\/2025\/05\/356a51b7-a54b-4b44-9627-c4ae11619fc3-1-1024x684.jpg 1024w, https:\/\/diarioavanzada.com.mx\/wp-content\/uploads\/2025\/05\/356a51b7-a54b-4b44-9627-c4ae11619fc3-1-300x200.jpg 300w, https:\/\/diarioavanzada.com.mx\/wp-content\/uploads\/2025\/05\/356a51b7-a54b-4b44-9627-c4ae11619fc3-1-768x513.jpg 768w, https:\/\/diarioavanzada.com.mx\/wp-content\/uploads\/2025\/05\/356a51b7-a54b-4b44-9627-c4ae11619fc3-1-1536x1026.jpg 1536w, https:\/\/diarioavanzada.com.mx\/wp-content\/uploads\/2025\/05\/356a51b7-a54b-4b44-9627-c4ae11619fc3-1.jpg 1600w\" sizes=\"auto, (max-width: 1024px) 100vw, 1024px\" \/><\/figure>\n<div class=\"fb-background-color\">\n\t\t\t  <div \n\t\t\t  \tclass = \"fb-comments\" \n\t\t\t  \tdata-href = \"https:\/\/diarioavanzada.com.mx\/?p=86307\"\n\t\t\t  \tdata-numposts = \"10\"\n\t\t\t  \tdata-lazy = \"true\"\n\t\t\t\tdata-colorscheme = \"light\"\n\t\t\t\tdata-order-by = \"social\"\n\t\t\t\tdata-mobile=true>\n\t\t\t  <\/div><\/div>\n\t\t  <style>\n\t\t    .fb-background-color {\n\t\t\t\tbackground:  !important;\n\t\t\t}\n\t\t\t.fb_iframe_widget_fluid_desktop iframe {\n\t\t\t    width: 100% !important;\n\t\t\t}\n\t\t  <\/style>\n\t\t  ","protected":false},"excerpt":{"rendered":"<p>Destaca Alcaldesa trabajos de desazolve en arroyos y alcantarillasSe har\u00e1 an\u00e1lisis sobre situaci\u00f3n de \u00e1rboles que representen riesgo y se reforzar\u00e1n los trabajos de poda Villa de \u00c1lvarez, Colima, Comunicado (15\/05\/2025).- Previo al inicio de la temporada de huracanes y ciclones, en Villa de \u00c1lvarez se realizan trabajos para evitar que las lluvias causen inundaciones [&hellip;]<\/p>\n","protected":false},"author":7,"featured_media":86306,"comment_status":"closed","ping_status":"closed","sticky":false,"template":"","format":"standard","meta":{"_coblocks_attr":"","_coblocks_dimensions":"","_coblocks_responsive_height":"","_coblocks_accordion_ie_support":"","_crdt_document":"","advanced_seo_description":"","jetpack_seo_html_title":"","jetpack_seo_noindex":false,"_jetpack_memberships_contains_paid_content":false,"footnotes":""},"categories":[19,209,21,7],"tags":[],"class_list":["post-86307","post","type-post","status-publish","format-standard","has-post-thumbnail","hentry","category-colima","category-importantes","category-municipios","category-noticias"],"jetpack_featured_media_url":"https:\/\/diarioavanzada.com.mx\/wp-content\/uploads\/2025\/05\/a2edbbdf-88d7-48ce-a060-28114e12de56-1.jpg","jetpack-related-posts":[],"jetpack_sharing_enabled":true,"amp_enabled":true,"_links":{"self":[{"href":"https:\/\/diarioavanzada.com.mx\/index.php?rest_route=\/wp\/v2\/posts\/86307","targetHints":{"allow":["GET"]}}],"collection":[{"href":"https:\/\/diarioavanzada.com.mx\/index.php?rest_route=\/wp\/v2\/posts"}],"about":[{"href":"https:\/\/diarioavanzada.com.mx\/index.php?rest_route=\/wp\/v2\/types\/post"}],"author":[{"embeddable":true,"href":"https:\/\/diarioavanzada.com.mx\/index.php?rest_route=\/wp\/v2\/users\/7"}],"replies":[{"embeddable":true,"href":"https:\/\/diarioavanzada.com.mx\/index.php?rest_route=%2Fwp%2Fv2%2Fcomments&post=86307"}],"version-history":[{"count":0,"href":"https:\/\/diarioavanzada.com.mx\/index.php?rest_route=\/wp\/v2\/posts\/86307\/revisions"}],"wp:featuredmedia":[{"embeddable":true,"href":"https:\/\/diarioavanzada.com.mx\/index.php?rest_route=\/wp\/v2\/media\/86306"}],"wp:attachment":[{"href":"https:\/\/diarioavanzada.com.mx\/index.php?rest_route=%2Fwp%2Fv2%2Fmedia&parent=86307"}],"wp:term":[{"taxonomy":"category","embeddable":true,"href":"https:\/\/diarioavanzada.com.mx\/index.php?rest_route=%2Fwp%2Fv2%2Fcategories&post=86307"},{"taxonomy":"post_tag","embeddable":true,"href":"https:\/\/diarioavanzada.com.mx\/index.php?rest_route=%2Fwp%2Fv2%2Ftags&post=86307"}],"curies":[{"name":"wp","href":"https:\/\/api.w.org\/{rel}","templated":true}]}}