{"id":86276,"date":"2025-05-15T15:40:57","date_gmt":"2025-05-15T21:40:57","guid":{"rendered":"https:\/\/diarioavanzada.com.mx\/?p=86276"},"modified":"2025-05-15T15:40:57","modified_gmt":"2025-05-15T21:40:57","slug":"anaya-acusa-fraude-en-reforma-judicial-y-denuncia-turbo-al-autoritarismo-de-morena","status":"publish","type":"post","link":"https:\/\/diarioavanzada.com.mx\/?p=86276","title":{"rendered":"Anaya acusa fraude en reforma judicial y denuncia \u201cturbo al autoritarismo\u201d de Morena"},"content":{"rendered":"\n<p class=\"p1 wp-block-paragraph\">Colima, M\u00e9xico, Avanzada (15\/05\/2025).- El senador Ricardo Anaya Cort\u00e9s denunci\u00f3 que la reforma judicial impulsada por Morena es \u201cun fraude\u201d dise\u00f1ado para simular una elecci\u00f3n abierta de ministros, magistrados y jueces, pero que en realidad busca entregar el control total del Poder Judicial al partido oficialista.<\/p>\n\n\n\n<p class=\"p1 wp-block-paragraph\">En conferencia, el legislador panista acus\u00f3 que el dictamen con una reserva clave fue publicado a la una de la madrugada, en lo que calific\u00f3 como una estrategia deliberada para evitar la atenci\u00f3n p\u00fablica. \u201cPublicaron de madrugada porque no quieren que la gente se entere. Le est\u00e1n mintiendo a los ciudadanos: les hacen creer que podr\u00e1n votar de forma libre y secreta, pero ya todo est\u00e1 manipulado desde antes\u201d, afirm\u00f3.<\/p>\n\n\n\n<p class=\"p1 wp-block-paragraph\">Seg\u00fan Anaya, la reforma constitucional ya contemplaba que Morena, a trav\u00e9s de sus mayor\u00edas legislativas y el Ejecutivo, tendr\u00eda influencia sobre el proceso de selecci\u00f3n. Sin embargo, denunci\u00f3 que la reserva a\u00f1adida al art\u00edculo 500, apartado 8, de la Ley General de Instituciones y Procedimientos Electorales, profundiza esta injerencia, al permitir que los poderes p\u00fablicos \u2014incluida la Presidencia\u2014 puedan vetar candidatos del Comit\u00e9 de Evaluaci\u00f3n y reducir las opciones a un solo aspirante, eliminando de facto la competencia.<\/p>\n\n\n\n<p class=\"p1 wp-block-paragraph\">\u201cAhora podr\u00e1n rechazar por completo la lista del comit\u00e9 y proponer directamente a su \u2018gallo\u2019. Esto no solo viola la Constituci\u00f3n, es una burla al pueblo de M\u00e9xico que cree que va a votar libremente. La realidad es que Morena decidir\u00e1 qui\u00e9n queda\u201d, sostuvo.<\/p>\n\n\n\n<p class=\"p1 wp-block-paragraph\">El senador tambi\u00e9n alert\u00f3 sobre una \u201ctrampa\u201d adicional que afectar\u00eda a la Suprema Corte. Explic\u00f3 que, para la elecci\u00f3n de 2025, el transitorio segundo de la reforma exige una mayor\u00eda calificada de ocho votos para que la Corte proponga candidatos. Pero, tras la pr\u00f3xima salida del ministro Luis Mar\u00eda Aguilar, el pleno quedar\u00e1 con diez integrantes, y con tres ministras afines a Morena (Lenia Batres, Yasm\u00edn Esquivel y Loretta Ortiz), la cifra necesaria ser\u00eda imposible de alcanzar.<\/p>\n\n\n\n<p class=\"p1 wp-block-paragraph\">\u201cNo hay forma de que la Corte pueda proponer un solo nombre sin el visto bueno de Morena. Es una maniobra para vaciar de contenido la participaci\u00f3n del Poder Judicial en su propio futuro\u201d, asegur\u00f3.<\/p>\n\n\n\n<p class=\"p1 wp-block-paragraph\">Anaya adelant\u00f3 que este jueves, en sesi\u00f3n del Senado, la oposici\u00f3n exhibir\u00e1 el contenido de la reforma y advertir\u00e1 al pa\u00eds sobre sus implicaciones. Reconoci\u00f3 la necesidad de una transformaci\u00f3n profunda del sistema judicial, pero insisti\u00f3 en que esta iniciativa \u201cno soluciona la injusticia, sino que institucionaliza el autoritarismo\u201d.<\/p>\n\n\n\n<p class=\"p1 wp-block-paragraph\">\u201cSe cometen 30 millones de delitos al a\u00f1o, y el 99% quedan impunes. Eso es grav\u00edsimo. Pero esta reforma no fue dise\u00f1ada para corregir ese problema, sino para que Morena se quede con todo\u201d, concluy\u00f3.<\/p>\n\n\n\n<p class=\"p1 wp-block-paragraph\"><\/p>\n<div class=\"fb-background-color\">\n\t\t\t  <div \n\t\t\t  \tclass = \"fb-comments\" \n\t\t\t  \tdata-href = \"https:\/\/diarioavanzada.com.mx\/?p=86276\"\n\t\t\t  \tdata-numposts = \"10\"\n\t\t\t  \tdata-lazy = \"true\"\n\t\t\t\tdata-colorscheme = \"light\"\n\t\t\t\tdata-order-by = \"social\"\n\t\t\t\tdata-mobile=true>\n\t\t\t  <\/div><\/div>\n\t\t  <style>\n\t\t    .fb-background-color {\n\t\t\t\tbackground:  !important;\n\t\t\t}\n\t\t\t.fb_iframe_widget_fluid_desktop iframe {\n\t\t\t    width: 100% !important;\n\t\t\t}\n\t\t  <\/style>\n\t\t  ","protected":false},"excerpt":{"rendered":"<p>Colima, M\u00e9xico, Avanzada (15\/05\/2025).- El senador Ricardo Anaya Cort\u00e9s denunci\u00f3 que la reforma judicial impulsada por Morena es \u201cun fraude\u201d dise\u00f1ado para simular una elecci\u00f3n abierta de ministros, magistrados y jueces, pero que en realidad busca entregar el control total del Poder Judicial al partido oficialista. En conferencia, el legislador panista acus\u00f3 que el dictamen [&hellip;]<\/p>\n","protected":false},"author":7,"featured_media":86275,"comment_status":"closed","ping_status":"closed","sticky":false,"template":"","format":"standard","meta":{"_coblocks_attr":"","_coblocks_dimensions":"","_coblocks_responsive_height":"","_coblocks_accordion_ie_support":"","_crdt_document":"","advanced_seo_description":"","jetpack_seo_html_title":"","jetpack_seo_noindex":false,"_jetpack_memberships_contains_paid_content":false,"footnotes":""},"categories":[209,22,7],"tags":[210],"class_list":["post-86276","post","type-post","status-publish","format-standard","has-post-thumbnail","hentry","category-importantes","category-nacion","category-noticias","tag-portada"],"jetpack_featured_media_url":"https:\/\/diarioavanzada.com.mx\/wp-content\/uploads\/2025\/05\/img_2342-1.jpg","jetpack-related-posts":[],"jetpack_sharing_enabled":true,"amp_enabled":true,"_links":{"self":[{"href":"https:\/\/diarioavanzada.com.mx\/index.php?rest_route=\/wp\/v2\/posts\/86276","targetHints":{"allow":["GET"]}}],"collection":[{"href":"https:\/\/diarioavanzada.com.mx\/index.php?rest_route=\/wp\/v2\/posts"}],"about":[{"href":"https:\/\/diarioavanzada.com.mx\/index.php?rest_route=\/wp\/v2\/types\/post"}],"author":[{"embeddable":true,"href":"https:\/\/diarioavanzada.com.mx\/index.php?rest_route=\/wp\/v2\/users\/7"}],"replies":[{"embeddable":true,"href":"https:\/\/diarioavanzada.com.mx\/index.php?rest_route=%2Fwp%2Fv2%2Fcomments&post=86276"}],"version-history":[{"count":0,"href":"https:\/\/diarioavanzada.com.mx\/index.php?rest_route=\/wp\/v2\/posts\/86276\/revisions"}],"wp:featuredmedia":[{"embeddable":true,"href":"https:\/\/diarioavanzada.com.mx\/index.php?rest_route=\/wp\/v2\/media\/86275"}],"wp:attachment":[{"href":"https:\/\/diarioavanzada.com.mx\/index.php?rest_route=%2Fwp%2Fv2%2Fmedia&parent=86276"}],"wp:term":[{"taxonomy":"category","embeddable":true,"href":"https:\/\/diarioavanzada.com.mx\/index.php?rest_route=%2Fwp%2Fv2%2Fcategories&post=86276"},{"taxonomy":"post_tag","embeddable":true,"href":"https:\/\/diarioavanzada.com.mx\/index.php?rest_route=%2Fwp%2Fv2%2Ftags&post=86276"}],"curies":[{"name":"wp","href":"https:\/\/api.w.org\/{rel}","templated":true}]}}