{"id":86261,"date":"2025-05-15T14:28:31","date_gmt":"2025-05-15T20:28:31","guid":{"rendered":"https:\/\/diarioavanzada.com.mx\/?p=86261"},"modified":"2025-05-15T14:29:27","modified_gmt":"2025-05-15T20:29:27","slug":"sicarios-asesinan-al-alcalde-de-santiago-amoltepec-oaxaca","status":"publish","type":"post","link":"https:\/\/diarioavanzada.com.mx\/?p=86261","title":{"rendered":"Sicarios asesinan al alcalde de Santiago Amoltepec, Oaxaca"},"content":{"rendered":"\n<p class=\"p1 wp-block-paragraph\">Oaxaca, M\u00e9xico, Avanzada (15\/05\/2025).- El presidente municipal de Santiago Amoltepec, Mario Hern\u00e1ndez Garc\u00eda, fue asesinado este jueves junto a dos acompa\u00f1antes en un ataque armado en la conflictiva regi\u00f3n de la Sierra Sur de Oaxaca, donde la violencia ha marcado la vida pol\u00edtica y comunitaria en los \u00faltimos a\u00f1os.<\/p>\n\n\n\n<p class=\"p1 wp-block-paragraph\">El atentado ocurri\u00f3 alrededor de las 2:30 de la madrugada en un paraje conocido como \u201cEl Tablero\u201d, a pocos minutos de la cabecera municipal. Hern\u00e1ndez regresaba de la comunidad de Llano Tigre, donde hab\u00eda participado en una festividad en honor a San Isidro, cuando fue emboscado. Aunque fue trasladado de emergencia a un hospital en Teojomulco, falleci\u00f3 durante el trayecto debido a la gravedad de sus heridas.<\/p>\n\n\n\n<p class=\"p1 wp-block-paragraph\">La Fiscal\u00eda General del Estado de Oaxaca inform\u00f3 que ha desplegado peritos y agentes de la Agencia Estatal de Investigaciones para esclarecer los hechos y capturar a los responsables. El gobernador Salom\u00f3n Jara Cruz conden\u00f3 el asesinato a trav\u00e9s de redes sociales y prometi\u00f3 apoyo total a las investigaciones.<\/p>\n\n\n\n<p class=\"p1 wp-block-paragraph\">El homicidio de Hern\u00e1ndez no es un hecho aislado en Santiago Amoltepec, un municipio ind\u00edgena de la Sierra Sur que ha sido escenario de m\u00faltiples episodios violentos en los \u00faltimos a\u00f1os. En mayo de 2024, Gaudencio Hern\u00e1ndez Hern\u00e1ndez, entonces s\u00edndico municipal, fue asesinado junto a su hijo y tres personas m\u00e1s en el centro de la comunidad, en un ataque que presuntamente respondi\u00f3 a conflictos locales relacionados con el desarme de pobladores que portaban armas ilegales.<\/p>\n\n\n\n<p class=\"p1 wp-block-paragraph\">Meses antes, en febrero de 2023, cinco personas, incluidos tres hijos del expresidente municipal Abel Garc\u00eda, fueron ejecutadas frente al palacio municipal, en lo que se consider\u00f3 una represalia por disputas pol\u00edticas y familiares. En junio del mismo a\u00f1o, el tesorero municipal Teodosio Ojeda Velasco fue asesinado durante un asalto.<\/p>\n\n\n\n<p class=\"p1 wp-block-paragraph\">El propio Mario Hern\u00e1ndez tambi\u00e9n hab\u00eda sido se\u00f1alado a inicios de 2025 como presunto responsable de la muerte de su hermano y como autor intelectual de una emboscada contra los hijos de un exalcalde, lo que refleja un clima constante de enfrentamientos personales y pol\u00edticos en la zona.<\/p>\n\n\n\n<p class=\"p1 wp-block-paragraph\">La violencia recurrente ha dejado una profunda cicatriz en Santiago Amoltepec, una comunidad ind\u00edgena de dif\u00edcil acceso, a diez horas de la capital del estado y con poco m\u00e1s de 13,000 habitantes. Las tensiones pol\u00edticas, los conflictos familiares y las disputas por el control local han generado un clima de inseguridad que parece no tener fin.<\/p>\n\n\n\n<p class=\"p1 wp-block-paragraph\">Para los habitantes de esta regi\u00f3n monta\u00f1osa, la muerte de otro l\u00edder local a\u00f1ade una capa m\u00e1s a una historia de tragedias que amenaza con volverse cr\u00f3nica, mientras las autoridades estatales y federales enfrentan el desaf\u00edo de restaurar la paz en uno de los municipios m\u00e1s golpeados por la violencia en Oaxaca.<\/p>\n\n\n\n<figure class=\"wp-block-embed is-type-rich is-provider-twitter wp-block-embed-twitter\"><div class=\"wp-block-embed__wrapper\">\n<div class=\"embed-twitter\"><blockquote class=\"twitter-tweet\" data-width=\"550\" data-dnt=\"true\"><p lang=\"es\" dir=\"ltr\">Condenamos en\u00e9rgicamente la muerte del presidente municipal de Santiago Amoltepec, Mario Hern\u00e1ndez Garc\u00eda. Vamos a apoyar en todo lo necesario a la Fiscal\u00eda General del Estado para esclarecer este suceso.<br><br>Env\u00edo mi solidaridad y mi apoyo a sus familiares en este dif\u00edcil momento.\u2026<\/p>&mdash; Salom\u00f3n Jara Cruz (@salomonj) <a href=\"https:\/\/twitter.com\/salomonj\/status\/1923024126777700796?ref_src=twsrc%5Etfw\">May 15, 2025<\/a><\/blockquote><script async src=\"https:\/\/platform.twitter.com\/widgets.js\" charset=\"utf-8\"><\/script><\/div>\n<\/div><\/figure>\n<div class=\"fb-background-color\">\n\t\t\t  <div \n\t\t\t  \tclass = \"fb-comments\" \n\t\t\t  \tdata-href = \"https:\/\/diarioavanzada.com.mx\/?p=86261\"\n\t\t\t  \tdata-numposts = \"10\"\n\t\t\t  \tdata-lazy = \"true\"\n\t\t\t\tdata-colorscheme = \"light\"\n\t\t\t\tdata-order-by = \"social\"\n\t\t\t\tdata-mobile=true>\n\t\t\t  <\/div><\/div>\n\t\t  <style>\n\t\t    .fb-background-color {\n\t\t\t\tbackground:  !important;\n\t\t\t}\n\t\t\t.fb_iframe_widget_fluid_desktop iframe {\n\t\t\t    width: 100% !important;\n\t\t\t}\n\t\t  <\/style>\n\t\t  ","protected":false},"excerpt":{"rendered":"<p>Oaxaca, M\u00e9xico, Avanzada (15\/05\/2025).- El presidente municipal de Santiago Amoltepec, Mario Hern\u00e1ndez Garc\u00eda, fue asesinado este jueves junto a dos acompa\u00f1antes en un ataque armado en la conflictiva regi\u00f3n de la Sierra Sur de Oaxaca, donde la violencia ha marcado la vida pol\u00edtica y comunitaria en los \u00faltimos a\u00f1os. El atentado ocurri\u00f3 alrededor de las [&hellip;]<\/p>\n","protected":false},"author":7,"featured_media":86262,"comment_status":"closed","ping_status":"closed","sticky":false,"template":"","format":"standard","meta":{"_coblocks_attr":"","_coblocks_dimensions":"","_coblocks_responsive_height":"","_coblocks_accordion_ie_support":"","_crdt_document":"","advanced_seo_description":"","jetpack_seo_html_title":"","jetpack_seo_noindex":false,"_jetpack_memberships_contains_paid_content":false,"footnotes":""},"categories":[22,7,231],"tags":[210],"class_list":["post-86261","post","type-post","status-publish","format-standard","has-post-thumbnail","hentry","category-nacion","category-noticias","category-seguridad","tag-portada"],"jetpack_featured_media_url":"https:\/\/diarioavanzada.com.mx\/wp-content\/uploads\/2025\/05\/img_3274-1.png","jetpack-related-posts":[],"jetpack_sharing_enabled":true,"amp_enabled":true,"_links":{"self":[{"href":"https:\/\/diarioavanzada.com.mx\/index.php?rest_route=\/wp\/v2\/posts\/86261","targetHints":{"allow":["GET"]}}],"collection":[{"href":"https:\/\/diarioavanzada.com.mx\/index.php?rest_route=\/wp\/v2\/posts"}],"about":[{"href":"https:\/\/diarioavanzada.com.mx\/index.php?rest_route=\/wp\/v2\/types\/post"}],"author":[{"embeddable":true,"href":"https:\/\/diarioavanzada.com.mx\/index.php?rest_route=\/wp\/v2\/users\/7"}],"replies":[{"embeddable":true,"href":"https:\/\/diarioavanzada.com.mx\/index.php?rest_route=%2Fwp%2Fv2%2Fcomments&post=86261"}],"version-history":[{"count":4,"href":"https:\/\/diarioavanzada.com.mx\/index.php?rest_route=\/wp\/v2\/posts\/86261\/revisions"}],"predecessor-version":[{"id":86270,"href":"https:\/\/diarioavanzada.com.mx\/index.php?rest_route=\/wp\/v2\/posts\/86261\/revisions\/86270"}],"wp:featuredmedia":[{"embeddable":true,"href":"https:\/\/diarioavanzada.com.mx\/index.php?rest_route=\/wp\/v2\/media\/86262"}],"wp:attachment":[{"href":"https:\/\/diarioavanzada.com.mx\/index.php?rest_route=%2Fwp%2Fv2%2Fmedia&parent=86261"}],"wp:term":[{"taxonomy":"category","embeddable":true,"href":"https:\/\/diarioavanzada.com.mx\/index.php?rest_route=%2Fwp%2Fv2%2Fcategories&post=86261"},{"taxonomy":"post_tag","embeddable":true,"href":"https:\/\/diarioavanzada.com.mx\/index.php?rest_route=%2Fwp%2Fv2%2Ftags&post=86261"}],"curies":[{"name":"wp","href":"https:\/\/api.w.org\/{rel}","templated":true}]}}