{"id":86217,"date":"2025-05-15T06:38:45","date_gmt":"2025-05-15T12:38:45","guid":{"rendered":"https:\/\/diarioavanzada.com.mx\/?p=86217"},"modified":"2025-05-15T06:38:45","modified_gmt":"2025-05-15T12:38:45","slug":"graban-maltrato-a-adultos-mayores-en-la-casa-de-asistencia-santa-sofia","status":"publish","type":"post","link":"https:\/\/diarioavanzada.com.mx\/?p=86217","title":{"rendered":"Graban maltrato a adultos mayores en la Casa de Asistencia Santa Sof\u00eda"},"content":{"rendered":"\n<p class=\"p1 wp-block-paragraph\">San Luis Potos\u00ed, M\u00e9xico, Avanzada (15\/05\/2025).- A trav\u00e9s de redes sociales se hicieron p\u00fablicos varios videos que exhiben maltratos f\u00edsicos, vejaciones y tratos humillantes contra adultos mayores residentes en la Casa de Asistencia Santa Sof\u00eda, ubicada en Fray Diego de la Magdalena #855, en la capital de San Luis Potos\u00ed.<\/p>\n\n\n\n<p class=\"p1 wp-block-paragraph\">En las grabaciones, que circularon desde la tarde del 14 de mayo en la red social Facebook, se observa a presuntos encargados del lugar golpeando, magullando y sofocando a personas de la tercera edad, en actos reiterados de violencia f\u00edsica y psicol\u00f3gica.<\/p>\n\n\n\n<p class=\"p1 wp-block-paragraph\">Ante la indignaci\u00f3n generada, el gobernador de San Luis Potos\u00ed, Ricardo Gallardo Cardona, expres\u00f3 su condena: \u201cMe parece indignante lo que est\u00e1 ocurriendo. Este asilo no pertenece al Gobierno del Estado, es particular. Pedir\u00e9 a la Fiscal\u00eda que tome cartas en el asunto y haga las investigaciones pertinentes y urgentes, porque necesitamos una vejez digna para nuestros adultos mayores, cero tolerancia al maltrato\u201d, public\u00f3 en sus redes sociales. Tambi\u00e9n ofreci\u00f3 a las familias afectadas trasladar a sus adultos mayores a la Casa de los Potosinos, un centro de atenci\u00f3n gratuito.<\/p>\n\n\n\n<p class=\"p1 wp-block-paragraph\">Por su parte, la Fiscal\u00eda General del Estado inform\u00f3 que abri\u00f3 de oficio una carpeta de investigaci\u00f3n por los hechos difundidos en video. Elementos de la Polic\u00eda de Investigaci\u00f3n (PDI) aseguraron el material audiovisual como evidencia y trabajan en su validaci\u00f3n para proceder legalmente contra quienes resulten responsables.<\/p>\n\n\n\n<p class=\"p1 wp-block-paragraph\">La dependencia asegur\u00f3 estar coordinando acciones con otras instancias para garantizar el resguardo y atenci\u00f3n de las posibles v\u00edctimas. Adem\u00e1s, llam\u00f3 a la poblaci\u00f3n a presentar denuncias si conocen de casos similares o han sido afectados directa o indirectamente por estos hechos.<\/p>\n\n\n\n<p class=\"p1 wp-block-paragraph\">La reacci\u00f3n ciudadana en redes sociales ha sido masiva y en\u00e9rgica. Usuarios exigieron justicia y castigo ejemplar a los responsables, ante lo que consideran un acto inhumano contra una de las poblaciones m\u00e1s vulnerables del pa\u00eds.<\/p>\n\n\n\n<figure class=\"wp-block-video\"><div class=\"wp-block-embed__wrapper\">\n<iframe title=\"VideoPress Video Player\" aria-label='VideoPress Video Player' width='664' height='1000' src='https:\/\/videopress.com\/embed\/qOBvzIM4?cover=1&amp;preloadContent=metadata&amp;useAverageColor=1&amp;hd=0' frameborder='0' allowfullscreen data-resize-to-parent=\"true\" allow='clipboard-write'><\/iframe><script src='https:\/\/v0.wordpress.com\/js\/next\/videopress-iframe.js?m=1739540970'><\/script>\n<\/div><\/figure>\n\n\n\n<figure class=\"wp-block-video\"><div class=\"wp-block-embed__wrapper\">\n<iframe title=\"VideoPress Video Player\" aria-label='VideoPress Video Player' width='740' height='407' src='https:\/\/videopress.com\/embed\/Z0i1hXq7?cover=1&amp;preloadContent=metadata&amp;useAverageColor=1&amp;hd=0' frameborder='0' allowfullscreen data-resize-to-parent=\"true\" allow='clipboard-write'><\/iframe><script src='https:\/\/v0.wordpress.com\/js\/next\/videopress-iframe.js?m=1739540970'><\/script>\n<\/div><\/figure>\n\n\n\n<figure class=\"wp-block-video\"><div class=\"wp-block-embed__wrapper\">\n<iframe title=\"VideoPress Video Player\" aria-label='VideoPress Video Player' width='592' height='1000' src='https:\/\/videopress.com\/embed\/VMmqCzyW?cover=1&amp;preloadContent=metadata&amp;useAverageColor=1&amp;hd=0' frameborder='0' allowfullscreen data-resize-to-parent=\"true\" allow='clipboard-write'><\/iframe><script src='https:\/\/v0.wordpress.com\/js\/next\/videopress-iframe.js?m=1739540970'><\/script>\n<\/div><\/figure>\n\n\n\n<figure class=\"wp-block-video\"><div class=\"wp-block-embed__wrapper\">\n<iframe title=\"VideoPress Video Player\" aria-label='VideoPress Video Player' width='740' height='412' src='https:\/\/videopress.com\/embed\/hSBIlFMv?cover=1&amp;preloadContent=metadata&amp;useAverageColor=1&amp;hd=0' frameborder='0' allowfullscreen data-resize-to-parent=\"true\" allow='clipboard-write'><\/iframe><script src='https:\/\/v0.wordpress.com\/js\/next\/videopress-iframe.js?m=1739540970'><\/script>\n<\/div><\/figure>\n<div class=\"fb-background-color\">\n\t\t\t  <div \n\t\t\t  \tclass = \"fb-comments\" \n\t\t\t  \tdata-href = \"https:\/\/diarioavanzada.com.mx\/?p=86217\"\n\t\t\t  \tdata-numposts = \"10\"\n\t\t\t  \tdata-lazy = \"true\"\n\t\t\t\tdata-colorscheme = \"light\"\n\t\t\t\tdata-order-by = \"social\"\n\t\t\t\tdata-mobile=true>\n\t\t\t  <\/div><\/div>\n\t\t  <style>\n\t\t    .fb-background-color {\n\t\t\t\tbackground:  !important;\n\t\t\t}\n\t\t\t.fb_iframe_widget_fluid_desktop iframe {\n\t\t\t    width: 100% !important;\n\t\t\t}\n\t\t  <\/style>\n\t\t  ","protected":false},"excerpt":{"rendered":"<p>San Luis Potos\u00ed, M\u00e9xico, Avanzada (15\/05\/2025).- A trav\u00e9s de redes sociales se hicieron p\u00fablicos varios videos que exhiben maltratos f\u00edsicos, vejaciones y tratos humillantes contra adultos mayores residentes en la Casa de Asistencia Santa Sof\u00eda, ubicada en Fray Diego de la Magdalena #855, en la capital de San Luis Potos\u00ed. En las grabaciones, que circularon [&hellip;]<\/p>\n","protected":false},"author":7,"featured_media":86222,"comment_status":"closed","ping_status":"closed","sticky":false,"template":"","format":"standard","meta":{"_coblocks_attr":"","_coblocks_dimensions":"","_coblocks_responsive_height":"","_coblocks_accordion_ie_support":"","_crdt_document":"","advanced_seo_description":"","jetpack_seo_html_title":"","jetpack_seo_noindex":false,"_jetpack_memberships_contains_paid_content":false,"footnotes":""},"categories":[209,22,7,231],"tags":[210],"class_list":["post-86217","post","type-post","status-publish","format-standard","has-post-thumbnail","hentry","category-importantes","category-nacion","category-noticias","category-seguridad","tag-portada"],"jetpack_featured_media_url":"https:\/\/diarioavanzada.com.mx\/wp-content\/uploads\/2025\/05\/img_2800-1.jpg","jetpack-related-posts":[],"jetpack_sharing_enabled":true,"amp_enabled":true,"_links":{"self":[{"href":"https:\/\/diarioavanzada.com.mx\/index.php?rest_route=\/wp\/v2\/posts\/86217","targetHints":{"allow":["GET"]}}],"collection":[{"href":"https:\/\/diarioavanzada.com.mx\/index.php?rest_route=\/wp\/v2\/posts"}],"about":[{"href":"https:\/\/diarioavanzada.com.mx\/index.php?rest_route=\/wp\/v2\/types\/post"}],"author":[{"embeddable":true,"href":"https:\/\/diarioavanzada.com.mx\/index.php?rest_route=\/wp\/v2\/users\/7"}],"replies":[{"embeddable":true,"href":"https:\/\/diarioavanzada.com.mx\/index.php?rest_route=%2Fwp%2Fv2%2Fcomments&post=86217"}],"version-history":[{"count":1,"href":"https:\/\/diarioavanzada.com.mx\/index.php?rest_route=\/wp\/v2\/posts\/86217\/revisions"}],"predecessor-version":[{"id":86225,"href":"https:\/\/diarioavanzada.com.mx\/index.php?rest_route=\/wp\/v2\/posts\/86217\/revisions\/86225"}],"wp:featuredmedia":[{"embeddable":true,"href":"https:\/\/diarioavanzada.com.mx\/index.php?rest_route=\/wp\/v2\/media\/86222"}],"wp:attachment":[{"href":"https:\/\/diarioavanzada.com.mx\/index.php?rest_route=%2Fwp%2Fv2%2Fmedia&parent=86217"}],"wp:term":[{"taxonomy":"category","embeddable":true,"href":"https:\/\/diarioavanzada.com.mx\/index.php?rest_route=%2Fwp%2Fv2%2Fcategories&post=86217"},{"taxonomy":"post_tag","embeddable":true,"href":"https:\/\/diarioavanzada.com.mx\/index.php?rest_route=%2Fwp%2Fv2%2Ftags&post=86217"}],"curies":[{"name":"wp","href":"https:\/\/api.w.org\/{rel}","templated":true}]}}