{"id":86197,"date":"2025-05-14T19:04:49","date_gmt":"2025-05-15T01:04:49","guid":{"rendered":"https:\/\/diarioavanzada.com.mx\/?p=86197"},"modified":"2025-05-14T19:36:55","modified_gmt":"2025-05-15T01:36:55","slug":"se-incendian-dos-vehiculos-frente-al-hospital-puerta-de-hierro","status":"publish","type":"post","link":"https:\/\/diarioavanzada.com.mx\/?p=86197","title":{"rendered":"Se incendian dos veh\u00edculos frente al Hospital Puerta de Hierro"},"content":{"rendered":"\n<p class=\"p1 wp-block-paragraph\">Colima, M\u00e9xico, Avanzada (14\/05\/2025).- La tarde de este mi\u00e9rcoles se registr\u00f3 el incendio de dos veh\u00edculos estacionados sobre la avenida Ignacio Sandoval, justo frente al Hospital Puerta de Hierro, en la capital colimense.<\/p>\n\n\n\n<figure class=\"wp-block-video\"><div class=\"wp-block-embed__wrapper\">\n<iframe title=\"VideoPress Video Player\" aria-label='VideoPress Video Player' width='566' height='1000' src='https:\/\/videopress.com\/embed\/XkMVvJAi?cover=1&amp;preloadContent=metadata&amp;useAverageColor=1&amp;hd=0' frameborder='0' allowfullscreen data-resize-to-parent=\"true\" allow='clipboard-write'><\/iframe><script src='https:\/\/v0.wordpress.com\/js\/next\/videopress-iframe.js?m=1739540970'><\/script>\n<\/div><\/figure>\n\n\n\n<p class=\"p1 wp-block-paragraph\">Elementos del cuerpo de Bomberos de la Unidad Estatal de Protecci\u00f3n Civil acudieron al lugar y lograron contener el fuego antes de que se propagara a otras unidades cercanas y a un restaurante ubicado en la zona.<\/p>\n\n\n\n<figure class=\"wp-block-video\"><div class=\"wp-block-embed__wrapper\">\n<iframe title=\"VideoPress Video Player\" aria-label='VideoPress Video Player' width='566' height='1000' src='https:\/\/videopress.com\/embed\/fAbofky2?cover=1&amp;preloadContent=metadata&amp;useAverageColor=1&amp;hd=0' frameborder='0' allowfullscreen data-resize-to-parent=\"true\" allow='clipboard-write'><\/iframe><script src='https:\/\/v0.wordpress.com\/js\/next\/videopress-iframe.js?m=1739540970'><\/script>\n<\/div><\/figure>\n\n\n\n<p class=\"p1 wp-block-paragraph\">De acuerdo con los primeros reportes, no se registraron personas lesionadas, \u00fanicamente da\u00f1os materiales. Los veh\u00edculos afectados fueron un Jeep Renegade y una Nissan X-Trail.<\/p>\n\n\n\n<figure class=\"wp-block-image size-large\"><img loading=\"lazy\" decoding=\"async\" width=\"1024\" height=\"1024\" src=\"https:\/\/diarioavanzada.com.mx\/wp-content\/uploads\/2025\/05\/img_2283-2-1-1024x1024.jpg\" alt=\"\" class=\"wp-image-86198\" srcset=\"https:\/\/diarioavanzada.com.mx\/wp-content\/uploads\/2025\/05\/img_2283-2-1-1024x1024.jpg 1024w, https:\/\/diarioavanzada.com.mx\/wp-content\/uploads\/2025\/05\/img_2283-2-1-300x300.jpg 300w, https:\/\/diarioavanzada.com.mx\/wp-content\/uploads\/2025\/05\/img_2283-2-1-150x150.jpg?crop=1 150w, https:\/\/diarioavanzada.com.mx\/wp-content\/uploads\/2025\/05\/img_2283-2-1-768x768.jpg 768w, https:\/\/diarioavanzada.com.mx\/wp-content\/uploads\/2025\/05\/img_2283-2-1-80x80.jpg?crop=1 80w, https:\/\/diarioavanzada.com.mx\/wp-content\/uploads\/2025\/05\/img_2283-2-1.jpg 1080w\" sizes=\"auto, (max-width: 1024px) 100vw, 1024px\" \/><\/figure>\n\n\n\n<figure class=\"wp-block-image\"><img loading=\"lazy\" decoding=\"async\" width=\"1024\" height=\"768\" src=\"https:\/\/diarioavanzada.com.mx\/wp-content\/uploads\/2025\/05\/bcb8f5f1-508f-41ec-abb9-08804cc93c85-576-00001c09eb3de695_file-1024x768.jpg\" alt=\"\" class=\"wp-image-86195\" srcset=\"https:\/\/diarioavanzada.com.mx\/wp-content\/uploads\/2025\/05\/bcb8f5f1-508f-41ec-abb9-08804cc93c85-576-00001c09eb3de695_file-1024x768.jpg 1024w, https:\/\/diarioavanzada.com.mx\/wp-content\/uploads\/2025\/05\/bcb8f5f1-508f-41ec-abb9-08804cc93c85-576-00001c09eb3de695_file-300x225.jpg 300w, https:\/\/diarioavanzada.com.mx\/wp-content\/uploads\/2025\/05\/bcb8f5f1-508f-41ec-abb9-08804cc93c85-576-00001c09eb3de695_file-768x576.jpg 768w, https:\/\/diarioavanzada.com.mx\/wp-content\/uploads\/2025\/05\/bcb8f5f1-508f-41ec-abb9-08804cc93c85-576-00001c09eb3de695_file-1536x1152.jpg 1536w, https:\/\/diarioavanzada.com.mx\/wp-content\/uploads\/2025\/05\/bcb8f5f1-508f-41ec-abb9-08804cc93c85-576-00001c09eb3de695_file.jpg 1600w\" sizes=\"auto, (max-width: 1024px) 100vw, 1024px\" \/><\/figure>\n\n\n\n<figure class=\"wp-block-image\"><img loading=\"lazy\" decoding=\"async\" width=\"1024\" height=\"576\" src=\"https:\/\/diarioavanzada.com.mx\/wp-content\/uploads\/2025\/05\/460f5363-1ee8-4b54-aa55-e7b53d84126d-576-00001c09eb50403f_file-1024x576.jpg\" alt=\"\" class=\"wp-image-86194\" srcset=\"https:\/\/diarioavanzada.com.mx\/wp-content\/uploads\/2025\/05\/460f5363-1ee8-4b54-aa55-e7b53d84126d-576-00001c09eb50403f_file-1024x576.jpg 1024w, https:\/\/diarioavanzada.com.mx\/wp-content\/uploads\/2025\/05\/460f5363-1ee8-4b54-aa55-e7b53d84126d-576-00001c09eb50403f_file-300x169.jpg 300w, https:\/\/diarioavanzada.com.mx\/wp-content\/uploads\/2025\/05\/460f5363-1ee8-4b54-aa55-e7b53d84126d-576-00001c09eb50403f_file-768x432.jpg 768w, https:\/\/diarioavanzada.com.mx\/wp-content\/uploads\/2025\/05\/460f5363-1ee8-4b54-aa55-e7b53d84126d-576-00001c09eb50403f_file.jpg 1280w\" sizes=\"auto, (max-width: 1024px) 100vw, 1024px\" \/><\/figure>\n\n\n\n<figure class=\"wp-block-image\"><img loading=\"lazy\" decoding=\"async\" width=\"1024\" height=\"768\" src=\"https:\/\/diarioavanzada.com.mx\/wp-content\/uploads\/2025\/05\/616eef69-2236-4716-b886-f011f7f11661-576-00001c09eb5cb2a2_file-1024x768.jpg\" alt=\"\" class=\"wp-image-86193\" srcset=\"https:\/\/diarioavanzada.com.mx\/wp-content\/uploads\/2025\/05\/616eef69-2236-4716-b886-f011f7f11661-576-00001c09eb5cb2a2_file-1024x768.jpg 1024w, https:\/\/diarioavanzada.com.mx\/wp-content\/uploads\/2025\/05\/616eef69-2236-4716-b886-f011f7f11661-576-00001c09eb5cb2a2_file-300x225.jpg 300w, https:\/\/diarioavanzada.com.mx\/wp-content\/uploads\/2025\/05\/616eef69-2236-4716-b886-f011f7f11661-576-00001c09eb5cb2a2_file-768x576.jpg 768w, https:\/\/diarioavanzada.com.mx\/wp-content\/uploads\/2025\/05\/616eef69-2236-4716-b886-f011f7f11661-576-00001c09eb5cb2a2_file-1536x1152.jpg 1536w, https:\/\/diarioavanzada.com.mx\/wp-content\/uploads\/2025\/05\/616eef69-2236-4716-b886-f011f7f11661-576-00001c09eb5cb2a2_file.jpg 1600w\" sizes=\"auto, (max-width: 1024px) 100vw, 1024px\" \/><\/figure>\n<div class=\"fb-background-color\">\n\t\t\t  <div \n\t\t\t  \tclass = \"fb-comments\" \n\t\t\t  \tdata-href = \"https:\/\/diarioavanzada.com.mx\/?p=86197\"\n\t\t\t  \tdata-numposts = \"10\"\n\t\t\t  \tdata-lazy = \"true\"\n\t\t\t\tdata-colorscheme = \"light\"\n\t\t\t\tdata-order-by = \"social\"\n\t\t\t\tdata-mobile=true>\n\t\t\t  <\/div><\/div>\n\t\t  <style>\n\t\t    .fb-background-color {\n\t\t\t\tbackground:  !important;\n\t\t\t}\n\t\t\t.fb_iframe_widget_fluid_desktop iframe {\n\t\t\t    width: 100% !important;\n\t\t\t}\n\t\t  <\/style>\n\t\t  ","protected":false},"excerpt":{"rendered":"<p>Colima, M\u00e9xico, Avanzada (14\/05\/2025).- La tarde de este mi\u00e9rcoles se registr\u00f3 el incendio de dos veh\u00edculos estacionados sobre la avenida Ignacio Sandoval, justo frente al Hospital Puerta de Hierro, en la capital colimense. Elementos del cuerpo de Bomberos de la Unidad Estatal de Protecci\u00f3n Civil acudieron al lugar y lograron contener el fuego antes de [&hellip;]<\/p>\n","protected":false},"author":7,"featured_media":86196,"comment_status":"closed","ping_status":"closed","sticky":false,"template":"","format":"standard","meta":{"_coblocks_attr":"","_coblocks_dimensions":"","_coblocks_responsive_height":"","_coblocks_accordion_ie_support":"","_crdt_document":"","advanced_seo_description":"","jetpack_seo_html_title":"","jetpack_seo_noindex":false,"_jetpack_memberships_contains_paid_content":false,"footnotes":""},"categories":[19,209,7,231],"tags":[210],"class_list":["post-86197","post","type-post","status-publish","format-standard","has-post-thumbnail","hentry","category-colima","category-importantes","category-noticias","category-seguridad","tag-portada"],"jetpack_featured_media_url":"https:\/\/diarioavanzada.com.mx\/wp-content\/uploads\/2025\/05\/img_2283-1.jpg","jetpack-related-posts":[],"jetpack_sharing_enabled":true,"amp_enabled":true,"_links":{"self":[{"href":"https:\/\/diarioavanzada.com.mx\/index.php?rest_route=\/wp\/v2\/posts\/86197","targetHints":{"allow":["GET"]}}],"collection":[{"href":"https:\/\/diarioavanzada.com.mx\/index.php?rest_route=\/wp\/v2\/posts"}],"about":[{"href":"https:\/\/diarioavanzada.com.mx\/index.php?rest_route=\/wp\/v2\/types\/post"}],"author":[{"embeddable":true,"href":"https:\/\/diarioavanzada.com.mx\/index.php?rest_route=\/wp\/v2\/users\/7"}],"replies":[{"embeddable":true,"href":"https:\/\/diarioavanzada.com.mx\/index.php?rest_route=%2Fwp%2Fv2%2Fcomments&post=86197"}],"version-history":[{"count":2,"href":"https:\/\/diarioavanzada.com.mx\/index.php?rest_route=\/wp\/v2\/posts\/86197\/revisions"}],"predecessor-version":[{"id":86202,"href":"https:\/\/diarioavanzada.com.mx\/index.php?rest_route=\/wp\/v2\/posts\/86197\/revisions\/86202"}],"wp:featuredmedia":[{"embeddable":true,"href":"https:\/\/diarioavanzada.com.mx\/index.php?rest_route=\/wp\/v2\/media\/86196"}],"wp:attachment":[{"href":"https:\/\/diarioavanzada.com.mx\/index.php?rest_route=%2Fwp%2Fv2%2Fmedia&parent=86197"}],"wp:term":[{"taxonomy":"category","embeddable":true,"href":"https:\/\/diarioavanzada.com.mx\/index.php?rest_route=%2Fwp%2Fv2%2Fcategories&post=86197"},{"taxonomy":"post_tag","embeddable":true,"href":"https:\/\/diarioavanzada.com.mx\/index.php?rest_route=%2Fwp%2Fv2%2Ftags&post=86197"}],"curies":[{"name":"wp","href":"https:\/\/api.w.org\/{rel}","templated":true}]}}