{"id":86124,"date":"2025-05-14T13:08:47","date_gmt":"2025-05-14T19:08:47","guid":{"rendered":"https:\/\/diarioavanzada.com.mx\/?p=86124"},"modified":"2025-05-14T13:09:46","modified_gmt":"2025-05-14T19:09:46","slug":"el-dia-en-que-la-leyenda-fue-cierta-hallan-osamentas-bajo-escuela-primaria-de-zacatecas","status":"publish","type":"post","link":"https:\/\/diarioavanzada.com.mx\/?p=86124","title":{"rendered":"El d\u00eda en que la leyenda fue cierta: hallan osamentas bajo escuela primaria de Zacatecas"},"content":{"rendered":"\n<p class=\"p1 wp-block-paragraph\">Zacatecas, M\u00e9xico, Avanzada (14\/05\/2025).- Por un momento, la leyenda pareci\u00f3 solo eso: un rumor m\u00e1s entre los muchos que sobreviven en los patios viejos y pasillos largos de las escuelas del Centro Hist\u00f3rico. \u201cAqu\u00ed antes fue un pante\u00f3n\u201d, dec\u00edan algunos. \u201cDebajo hay tumbas\u201d, aseguraban otros. Pero el 24 de abril de 2025, la historia dio un vuelco inesperado en la Escuela Primaria Valent\u00edn G\u00f3mez Far\u00edas, en el municipio de Zacatecas, cuando trabajadores de rehabilitaci\u00f3n descubrieron lo impensable: ocho peque\u00f1os esqueletos y el de un adulto descansaban bajo sus cimientos.<\/p>\n\n\n\n<p class=\"p1 wp-block-paragraph\">El hallazgo ocurri\u00f3 durante los trabajos de rehabilitaci\u00f3n del inmueble, construido en el siglo XVII, y que alguna vez funcion\u00f3 como convento y hospital de la Orden de San Juan de Dios. La historia, de pronto, dej\u00f3 de ser una an\u00e9cdota escolar para convertirse en un descubrimiento arqueol\u00f3gico respaldado por el Instituto Nacional de Antropolog\u00eda e Historia (INAH).<\/p>\n\n\n\n<p class=\"p1 wp-block-paragraph\">Fue en uno de los pozos de exploraci\u00f3n, de apenas 80 cent\u00edmetros cuadrados, donde la tierra cedi\u00f3 al tiempo y mostr\u00f3 su secreto mejor guardado: un ata\u00fad de madera decorado con rombos azules, con el esqueleto casi intacto de un infante envuelto en una mortaja color caf\u00e9. El f\u00e9retro estaba colocado con los pies hacia el sudeste, un detalle que llam\u00f3 la atenci\u00f3n de la antrop\u00f3loga f\u00edsica Lilian Ivette Garc\u00eda Maya. Seg\u00fan la tradici\u00f3n cat\u00f3lica, los cuerpos se colocan con la cabeza al oeste, mirando al este; esta alteraci\u00f3n sugiere una posible interrupci\u00f3n del ritual funerario.<\/p>\n\n\n\n<p class=\"p1 wp-block-paragraph\">Encima de ese ata\u00fad descansaban los restos de cuatro ni\u00f1os m\u00e1s, junto con un f\u00e9mur y un hueso del pie de un adulto. Debajo, otros tres bultos mortuorios emergieron entre la tierra removida, revelando un pasado m\u00e1s complejo y doloroso de lo que imaginaban los estudiantes que hoy corren por ese mismo patio.<\/p>\n\n\n\n<p class=\"p1 wp-block-paragraph\">El edificio, cuya construcci\u00f3n comenz\u00f3 en 1612, fue primero hospital y luego convento de la Orden de San Juan de Dios. Despu\u00e9s pas\u00f3 a manos de la orden mercedaria, cuyo escudo apareci\u00f3 tallado en una clave de arco recuperada durante las obras, seg\u00fan confirm\u00f3 el historiador Limonar Soto Salazar. Una moneda de 1862 encontrada entre los restos ayuda a situar la temporalidad de las osamentas en el siglo XIX, aunque el an\u00e1lisis osteol\u00f3gico ser\u00e1 quien dicte la versi\u00f3n definitiva.<\/p>\n\n\n\n<p class=\"p1 wp-block-paragraph\">La arque\u00f3loga Baudelina Lydia Garc\u00eda Uranga y el equipo de restauradores y antrop\u00f3logos del INAH fueron los encargados de recuperar los restos, que ahora se resguardan en el Museo de Guadalupe, donde ser\u00e1n estudiados a fondo en los pr\u00f3ximos meses.<\/p>\n\n\n\n<p class=\"p1 wp-block-paragraph\">Adem\u00e1s de los huesos, se hallaron botones, fragmentos de tela, piezas de cer\u00e1mica, metales y un misterioso trozo de papel con inscripciones en una lengua a\u00fan no identificada. Todo este material se integrar\u00e1 a las investigaciones y servir\u00e1 como recurso did\u00e1ctico para estudiantes de antropolog\u00eda, historia y restauraci\u00f3n.<\/p>\n\n\n\n<p class=\"p1 wp-block-paragraph\">La historia de la Escuela Valent\u00edn G\u00f3mez Far\u00edas es, ahora, la historia de Zacatecas misma: de sus \u00f3rdenes religiosas, sus hospitales, sus ni\u00f1os perdidos y su arquitectura barroca. Es tambi\u00e9n una invitaci\u00f3n a mirar el pasado con otros ojos, porque a veces las leyendas, esas que se cuentan entre risas en los recreos, tienen ra\u00edces m\u00e1s profundas de lo que imaginamos. Y a veces, s\u00f3lo hace falta cavar un poco para encontrarlas.<\/p>\n\n\n\n<figure class=\"wp-block-image size-large\"><img loading=\"lazy\" decoding=\"async\" width=\"1024\" height=\"640\" src=\"https:\/\/diarioavanzada.com.mx\/wp-content\/uploads\/2025\/05\/img_8567-1.jpg\" alt=\"\" class=\"wp-image-86121\" srcset=\"https:\/\/diarioavanzada.com.mx\/wp-content\/uploads\/2025\/05\/img_8567-1.jpg 1024w, https:\/\/diarioavanzada.com.mx\/wp-content\/uploads\/2025\/05\/img_8567-1-300x188.jpg 300w, https:\/\/diarioavanzada.com.mx\/wp-content\/uploads\/2025\/05\/img_8567-1-768x480.jpg 768w\" sizes=\"auto, (max-width: 1024px) 100vw, 1024px\" \/><\/figure>\n\n\n\n<figure class=\"wp-block-image size-large\"><img loading=\"lazy\" decoding=\"async\" width=\"1024\" height=\"640\" src=\"https:\/\/diarioavanzada.com.mx\/wp-content\/uploads\/2025\/05\/img_8566-1.jpg\" alt=\"\" class=\"wp-image-86122\" srcset=\"https:\/\/diarioavanzada.com.mx\/wp-content\/uploads\/2025\/05\/img_8566-1.jpg 1024w, https:\/\/diarioavanzada.com.mx\/wp-content\/uploads\/2025\/05\/img_8566-1-300x188.jpg 300w, https:\/\/diarioavanzada.com.mx\/wp-content\/uploads\/2025\/05\/img_8566-1-768x480.jpg 768w\" sizes=\"auto, (max-width: 1024px) 100vw, 1024px\" \/><\/figure>\n<div class=\"fb-background-color\">\n\t\t\t  <div \n\t\t\t  \tclass = \"fb-comments\" \n\t\t\t  \tdata-href = \"https:\/\/diarioavanzada.com.mx\/?p=86124\"\n\t\t\t  \tdata-numposts = \"10\"\n\t\t\t  \tdata-lazy = \"true\"\n\t\t\t\tdata-colorscheme = \"light\"\n\t\t\t\tdata-order-by = \"social\"\n\t\t\t\tdata-mobile=true>\n\t\t\t  <\/div><\/div>\n\t\t  <style>\n\t\t    .fb-background-color {\n\t\t\t\tbackground:  !important;\n\t\t\t}\n\t\t\t.fb_iframe_widget_fluid_desktop iframe {\n\t\t\t    width: 100% !important;\n\t\t\t}\n\t\t  <\/style>\n\t\t  ","protected":false},"excerpt":{"rendered":"<p>Zacatecas, M\u00e9xico, Avanzada (14\/05\/2025).- Por un momento, la leyenda pareci\u00f3 solo eso: un rumor m\u00e1s entre los muchos que sobreviven en los patios viejos y pasillos largos de las escuelas del Centro Hist\u00f3rico. \u201cAqu\u00ed antes fue un pante\u00f3n\u201d, dec\u00edan algunos. \u201cDebajo hay tumbas\u201d, aseguraban otros. Pero el 24 de abril de 2025, la historia dio [&hellip;]<\/p>\n","protected":false},"author":7,"featured_media":86123,"comment_status":"closed","ping_status":"closed","sticky":false,"template":"","format":"standard","meta":{"_coblocks_attr":"","_coblocks_dimensions":"","_coblocks_responsive_height":"","_coblocks_accordion_ie_support":"","_crdt_document":"","advanced_seo_description":"","jetpack_seo_html_title":"","jetpack_seo_noindex":false,"_jetpack_memberships_contains_paid_content":false,"footnotes":""},"categories":[22,7,231],"tags":[210],"class_list":["post-86124","post","type-post","status-publish","format-standard","has-post-thumbnail","hentry","category-nacion","category-noticias","category-seguridad","tag-portada"],"jetpack_featured_media_url":"https:\/\/diarioavanzada.com.mx\/wp-content\/uploads\/2025\/05\/img_8568-1.png","jetpack-related-posts":[],"jetpack_sharing_enabled":true,"amp_enabled":true,"_links":{"self":[{"href":"https:\/\/diarioavanzada.com.mx\/index.php?rest_route=\/wp\/v2\/posts\/86124","targetHints":{"allow":["GET"]}}],"collection":[{"href":"https:\/\/diarioavanzada.com.mx\/index.php?rest_route=\/wp\/v2\/posts"}],"about":[{"href":"https:\/\/diarioavanzada.com.mx\/index.php?rest_route=\/wp\/v2\/types\/post"}],"author":[{"embeddable":true,"href":"https:\/\/diarioavanzada.com.mx\/index.php?rest_route=\/wp\/v2\/users\/7"}],"replies":[{"embeddable":true,"href":"https:\/\/diarioavanzada.com.mx\/index.php?rest_route=%2Fwp%2Fv2%2Fcomments&post=86124"}],"version-history":[{"count":3,"href":"https:\/\/diarioavanzada.com.mx\/index.php?rest_route=\/wp\/v2\/posts\/86124\/revisions"}],"predecessor-version":[{"id":86127,"href":"https:\/\/diarioavanzada.com.mx\/index.php?rest_route=\/wp\/v2\/posts\/86124\/revisions\/86127"}],"wp:featuredmedia":[{"embeddable":true,"href":"https:\/\/diarioavanzada.com.mx\/index.php?rest_route=\/wp\/v2\/media\/86123"}],"wp:attachment":[{"href":"https:\/\/diarioavanzada.com.mx\/index.php?rest_route=%2Fwp%2Fv2%2Fmedia&parent=86124"}],"wp:term":[{"taxonomy":"category","embeddable":true,"href":"https:\/\/diarioavanzada.com.mx\/index.php?rest_route=%2Fwp%2Fv2%2Fcategories&post=86124"},{"taxonomy":"post_tag","embeddable":true,"href":"https:\/\/diarioavanzada.com.mx\/index.php?rest_route=%2Fwp%2Fv2%2Ftags&post=86124"}],"curies":[{"name":"wp","href":"https:\/\/api.w.org\/{rel}","templated":true}]}}