{"id":86102,"date":"2025-05-14T08:54:21","date_gmt":"2025-05-14T14:54:21","guid":{"rendered":"https:\/\/diarioavanzada.com.mx\/?p=86102"},"modified":"2025-05-14T08:58:11","modified_gmt":"2025-05-14T14:58:11","slug":"la-revocacion-de-la-visa-del-gobernador-de-tamaulipas-no-esta-confirmada-voceria","status":"publish","type":"post","link":"https:\/\/diarioavanzada.com.mx\/?p=86102","title":{"rendered":"La revocaci\u00f3n de la visa del gobernador de Tamaulipas no est\u00e1 confirmada: Vocer\u00eda\ufffc"},"content":{"rendered":"\n<p class=\"p1 wp-block-paragraph\">Colima, M\u00e9xico, Avanzada (14\/05\/2025).- La Vocer\u00eda de Seguridad de Tamaulipas aclar\u00f3 este martes los rumores difundidos en redes sociales sobre la presunta revocaci\u00f3n de la visa al gobernador Am\u00e9rico Villarreal Anaya, al se\u00f1alar que no existe confirmaci\u00f3n oficial por parte de ninguna autoridad sobre dicha versi\u00f3n.<\/p>\n\n\n\n<p class=\"p1 wp-block-paragraph\">\u201cSe recomienda a la ciudadan\u00eda informarse por medio de los canales oficiales\u201d, public\u00f3 la dependencia estatal en la red social X, luego de que diversos mensajes circularan el fin de semana sobre la supuesta cancelaci\u00f3n de visas a varios mandatarios estatales mexicanos.<\/p>\n\n\n\n<p class=\"p1 wp-block-paragraph\">El contexto de los rumores se dio tras las declaraciones de la gobernadora de Baja California, Marina del Pilar \u00c1vila Olmeda, tambi\u00e9n del partido Morena, quien revel\u00f3 que fue notificada por autoridades de E.U. sobre la cancelaci\u00f3n de su visa, lo mismo que la de su esposo. Posteriormente, desminti\u00f3 que le hubieran congelado cuentas bancarias, aclarando que no posee cuentas en el extranjero.<\/p>\n\n\n\n<p class=\"p1 wp-block-paragraph\">A ra\u00edz de ese caso, surgieron versiones que apuntaban a la presunta revocaci\u00f3n de visas a otros diez gobernadores, incluido el de Tamaulipas, aunque sin respaldo oficial.<\/p>\n\n\n\n<p class=\"p1 wp-block-paragraph\">Al respecto, la presidenta de M\u00e9xico, Claudia Sheinbaum Pardo, llam\u00f3 ayer a la mesura y se\u00f1al\u00f3 que, de existir m\u00e1s casos, la informaci\u00f3n se conocer\u00e1 en los pr\u00f3ximos d\u00edas por las v\u00edas correspondientes.<\/p>\n\n\n\n<figure class=\"wp-block-image size-large\"><img loading=\"lazy\" decoding=\"async\" width=\"710\" height=\"1024\" src=\"https:\/\/diarioavanzada.com.mx\/wp-content\/uploads\/2025\/05\/img_2248-1-710x1024.jpg\" class=\"wp-image-86104\" srcset=\"https:\/\/diarioavanzada.com.mx\/wp-content\/uploads\/2025\/05\/img_2248-1-710x1024.jpg 710w, https:\/\/diarioavanzada.com.mx\/wp-content\/uploads\/2025\/05\/img_2248-1-208x300.jpg 208w, https:\/\/diarioavanzada.com.mx\/wp-content\/uploads\/2025\/05\/img_2248-1-768x1107.jpg 768w, https:\/\/diarioavanzada.com.mx\/wp-content\/uploads\/2025\/05\/img_2248-1.jpg 828w\" sizes=\"auto, (max-width: 710px) 100vw, 710px\" \/><\/figure>\n<div class=\"fb-background-color\">\n\t\t\t  <div \n\t\t\t  \tclass = \"fb-comments\" \n\t\t\t  \tdata-href = \"https:\/\/diarioavanzada.com.mx\/?p=86102\"\n\t\t\t  \tdata-numposts = \"10\"\n\t\t\t  \tdata-lazy = \"true\"\n\t\t\t\tdata-colorscheme = \"light\"\n\t\t\t\tdata-order-by = \"social\"\n\t\t\t\tdata-mobile=true>\n\t\t\t  <\/div><\/div>\n\t\t  <style>\n\t\t    .fb-background-color {\n\t\t\t\tbackground:  !important;\n\t\t\t}\n\t\t\t.fb_iframe_widget_fluid_desktop iframe {\n\t\t\t    width: 100% !important;\n\t\t\t}\n\t\t  <\/style>\n\t\t  ","protected":false},"excerpt":{"rendered":"<p>Colima, M\u00e9xico, Avanzada (14\/05\/2025).- La Vocer\u00eda de Seguridad de Tamaulipas aclar\u00f3 este martes los rumores difundidos en redes sociales sobre la presunta revocaci\u00f3n de la visa al gobernador Am\u00e9rico Villarreal Anaya, al se\u00f1alar que no existe confirmaci\u00f3n oficial por parte de ninguna autoridad sobre dicha versi\u00f3n. \u201cSe recomienda a la ciudadan\u00eda informarse por medio de [&hellip;]<\/p>\n","protected":false},"author":7,"featured_media":86101,"comment_status":"closed","ping_status":"closed","sticky":false,"template":"","format":"standard","meta":{"_coblocks_attr":"","_coblocks_dimensions":"","_coblocks_responsive_height":"","_coblocks_accordion_ie_support":"","_crdt_document":"","advanced_seo_description":"","jetpack_seo_html_title":"","jetpack_seo_noindex":false,"_jetpack_memberships_contains_paid_content":false,"footnotes":""},"categories":[209,22,7],"tags":[210],"class_list":["post-86102","post","type-post","status-publish","format-standard","has-post-thumbnail","hentry","category-importantes","category-nacion","category-noticias","tag-portada"],"jetpack_featured_media_url":"https:\/\/diarioavanzada.com.mx\/wp-content\/uploads\/2025\/05\/img_2251-1.jpg","jetpack-related-posts":[],"jetpack_sharing_enabled":true,"amp_enabled":true,"_links":{"self":[{"href":"https:\/\/diarioavanzada.com.mx\/index.php?rest_route=\/wp\/v2\/posts\/86102","targetHints":{"allow":["GET"]}}],"collection":[{"href":"https:\/\/diarioavanzada.com.mx\/index.php?rest_route=\/wp\/v2\/posts"}],"about":[{"href":"https:\/\/diarioavanzada.com.mx\/index.php?rest_route=\/wp\/v2\/types\/post"}],"author":[{"embeddable":true,"href":"https:\/\/diarioavanzada.com.mx\/index.php?rest_route=\/wp\/v2\/users\/7"}],"replies":[{"embeddable":true,"href":"https:\/\/diarioavanzada.com.mx\/index.php?rest_route=%2Fwp%2Fv2%2Fcomments&post=86102"}],"version-history":[{"count":2,"href":"https:\/\/diarioavanzada.com.mx\/index.php?rest_route=\/wp\/v2\/posts\/86102\/revisions"}],"predecessor-version":[{"id":86105,"href":"https:\/\/diarioavanzada.com.mx\/index.php?rest_route=\/wp\/v2\/posts\/86102\/revisions\/86105"}],"wp:featuredmedia":[{"embeddable":true,"href":"https:\/\/diarioavanzada.com.mx\/index.php?rest_route=\/wp\/v2\/media\/86101"}],"wp:attachment":[{"href":"https:\/\/diarioavanzada.com.mx\/index.php?rest_route=%2Fwp%2Fv2%2Fmedia&parent=86102"}],"wp:term":[{"taxonomy":"category","embeddable":true,"href":"https:\/\/diarioavanzada.com.mx\/index.php?rest_route=%2Fwp%2Fv2%2Fcategories&post=86102"},{"taxonomy":"post_tag","embeddable":true,"href":"https:\/\/diarioavanzada.com.mx\/index.php?rest_route=%2Fwp%2Fv2%2Ftags&post=86102"}],"curies":[{"name":"wp","href":"https:\/\/api.w.org\/{rel}","templated":true}]}}