{"id":86091,"date":"2025-05-14T06:48:22","date_gmt":"2025-05-14T12:48:22","guid":{"rendered":"https:\/\/diarioavanzada.com.mx\/?p=86091"},"modified":"2025-05-14T06:48:22","modified_gmt":"2025-05-14T12:48:22","slug":"la-reforma-de-bedolla-el-preludio-de-la-censura","status":"publish","type":"post","link":"https:\/\/diarioavanzada.com.mx\/?p=86091","title":{"rendered":"La reforma de Bedolla: el preludio de la censura"},"content":{"rendered":"\n<h2 class=\"wp-block-heading\">Editorial<\/h2>\n\n\n\n<p class=\"s3 wp-block-paragraph\">La iniciativa de reforma al C\u00f3digo Penal del Estado de Michoac\u00e1n&nbsp;para tipificar la apolog\u00eda del delito,&nbsp;presentada por el gobernador Alfredo Ram\u00edrez Bedolla,&nbsp;gener\u00f3&nbsp;una profunda preocupaci\u00f3n en el Colectivo&nbsp;de Periodistas#NiUnoM\u00e1s Michoac\u00e1n y en la sociedad en general. La propuesta de decreto plantea incluir como autores o part\u00edcipes del delito a quienes expresen ideas que incentiven la criminalidad, lo que podr\u00eda ser utilizado para perseguir a periodistas que realizan&nbsp;coberturas sobre inseguridad y delincuencia.<\/p>\n\n\n\n<p class=\"s3 wp-block-paragraph\">La adici\u00f3n de la fracci\u00f3n IX al art\u00edculo 24 propone incluir como autores o part\u00edcipes del delito a \u201clos que expresen ideas, promocionen o expongan argumentos por cualquier medio que incentiven la criminalidad\u201d.<\/p>\n\n\n\n<p class=\"s3 wp-block-paragraph\">La incorporaci\u00f3n del art\u00edculo 163 quinquies plantea: \u201cAl que provoque p\u00fablicamente a cometer un delito, incite al consumo de sustancias il\u00edcitas, o haga apolog\u00eda de \u00e9stos, se le impondr\u00e1n de tres a seis meses de prisi\u00f3n y de ochenta a ciento cincuenta UMAS, si el delito no se ejecutare; en caso contrario, se le impondr\u00e1 la pena que corresponda por su participaci\u00f3n en el delito cometido.&nbsp;<\/p>\n\n\n\n<p class=\"s3 wp-block-paragraph\">\u201cSe aplicar\u00e1 la misma sanci\u00f3n a quien por medio de mantas, calcas, volantes, im\u00e1genes plasmadas, o cualquier otro medio u objeto haga alusi\u00f3n o promoci\u00f3n de grupos delictivos o personas vinculadas a los mismos\u201d.<\/p>\n\n\n\n<p class=\"s3 wp-block-paragraph\">De acuerdo con #NiUnoM\u00e1s Michoac\u00e1n, la redacci\u00f3n del segundo p\u00e1rrafo del referido art\u00edculo abre la puerta a la violencia legal contra periodistas al incorporar los t\u00e9rminos \u201cim\u00e1genes plasmadas\u201d, \u201co cualquier otro medio\u201d, \u201cque haga alusi\u00f3n\u201d sobre grupos delictivos o personas vinculadas a los mismos, lo que consideramos implica un claro intento de censura sobre fotograf\u00edas e informaciones que aludan al fen\u00f3meno delictivo en Michoac\u00e1n.<\/p>\n\n\n\n<p class=\"s3 wp-block-paragraph\">Al no establecerse l\u00edmites claros ni criterios objetivos sobre qu\u00e9 constituye \u201cincentivar la criminalidad\u201d, los periodistas corren el riesgo de censura y ser criminalizados.&nbsp;La redacci\u00f3n de la propuesta es ambigua y peligrosa, ya que podr\u00eda ser utilizada para criminalizar el ejercicio period\u00edstico y limitar la libertad de expresi\u00f3n.<\/p>\n\n\n\n<p class=\"s3 wp-block-paragraph\">La aprobaci\u00f3n de esta iniciativa podr\u00eda sentar un precedente peligroso para la libertad de expresi\u00f3n en Michoac\u00e1n&nbsp;y dar\u00eda pie a imitaciones en otras entidades del pa\u00eds. La criminalizaci\u00f3n del ejercicio period\u00edstico podr\u00eda tener un impacto negativo en la labor de los periodistas y en la capacidad de la sociedad para acceder a informaci\u00f3n veraz y oportuna.<\/p>\n\n\n\n<p class=\"s3 wp-block-paragraph\">Es fundamental que&nbsp;quienes&nbsp;integran la LXXVI Legislatura del Congreso del Estado realicen un an\u00e1lisis riguroso y profundo de la iniciativa promovida por el gobernador Alfredo Ram\u00edrez Bedolla. Es necesario que se establezcan l\u00edmites claros y criterios objetivos sobre qu\u00e9 constituye &#8220;incentivar la criminalidad&#8221; y que se garantice la inaplicabilidad del mandato en el caso de las informaciones generadas por el ejercicio period\u00edstico.<\/p>\n\n\n\n<p class=\"s3 wp-block-paragraph\">La libertad de expresi\u00f3n es un derecho fundamental que est\u00e1 protegido por la Constituci\u00f3n Pol\u00edtica de M\u00e9xico y por tratados internacionales. Es fundamental que se garantice la libertad de expresi\u00f3n y que se proteja a los periodistas y a la sociedad en general de cualquier intento de censura o criminalizaci\u00f3n.<\/p>\n\n\n\n<p class=\"s3 wp-block-paragraph\">La iniciativa de reforma al C\u00f3digo Penal de Michoac\u00e1n es un tema que requiere atenci\u00f3n inmediata. Es fundamental que se realice un an\u00e1lisis riguroso y profundo de la propuesta y que se garantice la libertad de expresi\u00f3n y la protecci\u00f3n de los periodistas. La sociedad en general debe estar alerta y exigir que se respeten los derechos fundamentales establecidos en nuestras leyes y tratados internacionales.<\/p>\n<div class=\"fb-background-color\">\n\t\t\t  <div \n\t\t\t  \tclass = \"fb-comments\" \n\t\t\t  \tdata-href = \"https:\/\/diarioavanzada.com.mx\/?p=86091\"\n\t\t\t  \tdata-numposts = \"10\"\n\t\t\t  \tdata-lazy = \"true\"\n\t\t\t\tdata-colorscheme = \"light\"\n\t\t\t\tdata-order-by = \"social\"\n\t\t\t\tdata-mobile=true>\n\t\t\t  <\/div><\/div>\n\t\t  <style>\n\t\t    .fb-background-color {\n\t\t\t\tbackground:  !important;\n\t\t\t}\n\t\t\t.fb_iframe_widget_fluid_desktop iframe {\n\t\t\t    width: 100% !important;\n\t\t\t}\n\t\t  <\/style>\n\t\t  ","protected":false},"excerpt":{"rendered":"<p>Editorial La iniciativa de reforma al C\u00f3digo Penal del Estado de Michoac\u00e1n&nbsp;para tipificar la apolog\u00eda del delito,&nbsp;presentada por el gobernador Alfredo Ram\u00edrez Bedolla,&nbsp;gener\u00f3&nbsp;una profunda preocupaci\u00f3n en el Colectivo&nbsp;de Periodistas#NiUnoM\u00e1s Michoac\u00e1n y en la sociedad en general. La propuesta de decreto plantea incluir como autores o part\u00edcipes del delito a quienes expresen ideas que incentiven la [&hellip;]<\/p>\n","protected":false},"author":7,"featured_media":86090,"comment_status":"closed","ping_status":"closed","sticky":false,"template":"","format":"standard","meta":{"_coblocks_attr":"","_coblocks_dimensions":"","_coblocks_responsive_height":"","_coblocks_accordion_ie_support":"","_crdt_document":"","advanced_seo_description":"","jetpack_seo_html_title":"","jetpack_seo_noindex":false,"_jetpack_memberships_contains_paid_content":false,"footnotes":""},"categories":[19,209,22,7],"tags":[210],"class_list":["post-86091","post","type-post","status-publish","format-standard","has-post-thumbnail","hentry","category-colima","category-importantes","category-nacion","category-noticias","tag-portada"],"jetpack_featured_media_url":"https:\/\/diarioavanzada.com.mx\/wp-content\/uploads\/2025\/05\/img_2232-1.jpg","jetpack-related-posts":[],"jetpack_sharing_enabled":true,"amp_enabled":true,"_links":{"self":[{"href":"https:\/\/diarioavanzada.com.mx\/index.php?rest_route=\/wp\/v2\/posts\/86091","targetHints":{"allow":["GET"]}}],"collection":[{"href":"https:\/\/diarioavanzada.com.mx\/index.php?rest_route=\/wp\/v2\/posts"}],"about":[{"href":"https:\/\/diarioavanzada.com.mx\/index.php?rest_route=\/wp\/v2\/types\/post"}],"author":[{"embeddable":true,"href":"https:\/\/diarioavanzada.com.mx\/index.php?rest_route=\/wp\/v2\/users\/7"}],"replies":[{"embeddable":true,"href":"https:\/\/diarioavanzada.com.mx\/index.php?rest_route=%2Fwp%2Fv2%2Fcomments&post=86091"}],"version-history":[{"count":0,"href":"https:\/\/diarioavanzada.com.mx\/index.php?rest_route=\/wp\/v2\/posts\/86091\/revisions"}],"wp:featuredmedia":[{"embeddable":true,"href":"https:\/\/diarioavanzada.com.mx\/index.php?rest_route=\/wp\/v2\/media\/86090"}],"wp:attachment":[{"href":"https:\/\/diarioavanzada.com.mx\/index.php?rest_route=%2Fwp%2Fv2%2Fmedia&parent=86091"}],"wp:term":[{"taxonomy":"category","embeddable":true,"href":"https:\/\/diarioavanzada.com.mx\/index.php?rest_route=%2Fwp%2Fv2%2Fcategories&post=86091"},{"taxonomy":"post_tag","embeddable":true,"href":"https:\/\/diarioavanzada.com.mx\/index.php?rest_route=%2Fwp%2Fv2%2Ftags&post=86091"}],"curies":[{"name":"wp","href":"https:\/\/api.w.org\/{rel}","templated":true}]}}