{"id":85986,"date":"2025-05-13T17:04:30","date_gmt":"2025-05-13T23:04:30","guid":{"rendered":"https:\/\/diarioavanzada.com.mx\/?p=85986"},"modified":"2025-05-13T17:04:30","modified_gmt":"2025-05-13T23:04:30","slug":"marina-del-pilar-niega-tener-cuentas-en-el-extranjero","status":"publish","type":"post","link":"https:\/\/diarioavanzada.com.mx\/?p=85986","title":{"rendered":"Marina del Pilar niega tener cuentas en el extranjero"},"content":{"rendered":"\n<p class=\"p1 wp-block-paragraph\">Colima, M\u00e9xico, Avanzada (13\/05\/2025).- La gobernadora de Baja California, Marina del Pilar \u00c1vila Olmeda, neg\u00f3 categ\u00f3ricamente que se le hayan cancelado cuentas bancarias en Estados Unidos, como lo afirmaron periodistas y medios de comunicaci\u00f3n el d\u00eda de ayer, entre ellos Joaqu\u00edn L\u00f3pez-D\u00f3riga.<\/p>\n\n\n\n<p class=\"p1 wp-block-paragraph\">\u201cNo me fueron canceladas cuentas en Estados Unidos simplemente porque no existen. No tengo ninguna cuenta bancaria en el extranjero\u201d, asegur\u00f3 la mandataria estatal a trav\u00e9s de un mensaje en redes sociales. \u201cReitero para ellos y la gente: NO EXISTEN CUENTAS EN EL EXTRANJERO\u201d, enfatiz\u00f3.<\/p>\n\n\n\n<p class=\"p1 wp-block-paragraph\">Las declaraciones de la gobernadora surgen luego de que trascendiera que los bancos Wells Fargo y Bank of America habr\u00edan cerrado cuentas a su nombre y al de su esposo en San Diego, California, bajo la presunci\u00f3n de que el origen de los fondos podr\u00eda estar vinculado a actividades il\u00edcitas.<\/p>\n\n\n\n<p class=\"p1 wp-block-paragraph\">Recientemente el gobierno de E.U. retir\u00f3 las visas de ingreso a Marina del Pilar y a su esposo. Aunque en su momento se afirm\u00f3 que se trataba de una medida administrativa, tambi\u00e9n se se\u00f1al\u00f3 que la pareja analizaba emprender acciones jur\u00eddicas para intentar recuperar sus documentos migratorios.<\/p>\n\n\n\n<figure class=\"wp-block-embed is-type-wp-embed is-provider-diario-avanzada wp-block-embed-diario-avanzada\"><div class=\"wp-block-embed__wrapper\">\n<blockquote class=\"wp-embedded-content\" data-secret=\"xRlNZvdxUR\"><a href=\"https:\/\/diarioavanzada.com.mx\/?p=85894\">Sin acusaci\u00f3n ni explicaci\u00f3n: Revocaci\u00f3n de visa no me define, afirma Marina del Pilar<\/a><\/blockquote><iframe loading=\"lazy\" class=\"wp-embedded-content\" sandbox=\"allow-scripts\" security=\"restricted\" style=\"position: absolute; visibility: hidden;\" title=\"&#8220;Sin acusaci\u00f3n ni explicaci\u00f3n: Revocaci\u00f3n de visa no me define, afirma Marina del Pilar&#8221; &#8212; Diario Avanzada\" src=\"https:\/\/diarioavanzada.com.mx\/?p=85894&#038;embed=true#?secret=kOwyIX8MXb#?secret=xRlNZvdxUR\" data-secret=\"xRlNZvdxUR\" width=\"600\" height=\"338\" frameborder=\"0\" marginwidth=\"0\" marginheight=\"0\" scrolling=\"no\"><\/iframe>\n<\/div><\/figure>\n\n\n\n<p class=\"p1 wp-block-paragraph\">Pese a las acusaciones y se\u00f1alamientos, la gobernadora afirm\u00f3 que continuar\u00e1 su labor \u201ccon la frente en alto y el coraz\u00f3n por delante\u201d, asegurando que camina \u201cdel lado correcto de la historia\u201d.<\/p>\n\n\n\n<figure class=\"wp-block-embed is-type-wp-embed is-provider-diario-avanzada wp-block-embed-diario-avanzada\"><div class=\"wp-block-embed__wrapper\">\n<blockquote class=\"wp-embedded-content\" data-secret=\"yQliPZRDEw\"><a href=\"https:\/\/diarioavanzada.com.mx\/?p=85918\">\u201cMalcapin rompe su visa en apoyo a Marina del Pilar\u201d<\/a><\/blockquote><iframe loading=\"lazy\" class=\"wp-embedded-content\" sandbox=\"allow-scripts\" security=\"restricted\" style=\"position: absolute; visibility: hidden;\" title=\"&#8220;\u201cMalcapin rompe su visa en apoyo a Marina del Pilar\u201d&#8221; &#8212; Diario Avanzada\" src=\"https:\/\/diarioavanzada.com.mx\/?p=85918&#038;embed=true#?secret=LrgJ8gajCX#?secret=yQliPZRDEw\" data-secret=\"yQliPZRDEw\" width=\"600\" height=\"338\" frameborder=\"0\" marginwidth=\"0\" marginheight=\"0\" scrolling=\"no\"><\/iframe>\n<\/div><\/figure>\n<div class=\"fb-background-color\">\n\t\t\t  <div \n\t\t\t  \tclass = \"fb-comments\" \n\t\t\t  \tdata-href = \"https:\/\/diarioavanzada.com.mx\/?p=85986\"\n\t\t\t  \tdata-numposts = \"10\"\n\t\t\t  \tdata-lazy = \"true\"\n\t\t\t\tdata-colorscheme = \"light\"\n\t\t\t\tdata-order-by = \"social\"\n\t\t\t\tdata-mobile=true>\n\t\t\t  <\/div><\/div>\n\t\t  <style>\n\t\t    .fb-background-color {\n\t\t\t\tbackground:  !important;\n\t\t\t}\n\t\t\t.fb_iframe_widget_fluid_desktop iframe {\n\t\t\t    width: 100% !important;\n\t\t\t}\n\t\t  <\/style>\n\t\t  ","protected":false},"excerpt":{"rendered":"<p>Colima, M\u00e9xico, Avanzada (13\/05\/2025).- La gobernadora de Baja California, Marina del Pilar \u00c1vila Olmeda, neg\u00f3 categ\u00f3ricamente que se le hayan cancelado cuentas bancarias en Estados Unidos, como lo afirmaron periodistas y medios de comunicaci\u00f3n el d\u00eda de ayer, entre ellos Joaqu\u00edn L\u00f3pez-D\u00f3riga. \u201cNo me fueron canceladas cuentas en Estados Unidos simplemente porque no existen. No [&hellip;]<\/p>\n","protected":false},"author":7,"featured_media":85985,"comment_status":"closed","ping_status":"closed","sticky":false,"template":"","format":"standard","meta":{"_coblocks_attr":"","_coblocks_dimensions":"","_coblocks_responsive_height":"","_coblocks_accordion_ie_support":"","_crdt_document":"","advanced_seo_description":"","jetpack_seo_html_title":"","jetpack_seo_noindex":false,"_jetpack_memberships_contains_paid_content":false,"footnotes":""},"categories":[209,22,7],"tags":[210],"class_list":["post-85986","post","type-post","status-publish","format-standard","has-post-thumbnail","hentry","category-importantes","category-nacion","category-noticias","tag-portada"],"jetpack_featured_media_url":"https:\/\/diarioavanzada.com.mx\/wp-content\/uploads\/2025\/05\/img_3068-1.jpg","jetpack-related-posts":[],"jetpack_sharing_enabled":true,"amp_enabled":true,"_links":{"self":[{"href":"https:\/\/diarioavanzada.com.mx\/index.php?rest_route=\/wp\/v2\/posts\/85986","targetHints":{"allow":["GET"]}}],"collection":[{"href":"https:\/\/diarioavanzada.com.mx\/index.php?rest_route=\/wp\/v2\/posts"}],"about":[{"href":"https:\/\/diarioavanzada.com.mx\/index.php?rest_route=\/wp\/v2\/types\/post"}],"author":[{"embeddable":true,"href":"https:\/\/diarioavanzada.com.mx\/index.php?rest_route=\/wp\/v2\/users\/7"}],"replies":[{"embeddable":true,"href":"https:\/\/diarioavanzada.com.mx\/index.php?rest_route=%2Fwp%2Fv2%2Fcomments&post=85986"}],"version-history":[{"count":0,"href":"https:\/\/diarioavanzada.com.mx\/index.php?rest_route=\/wp\/v2\/posts\/85986\/revisions"}],"wp:featuredmedia":[{"embeddable":true,"href":"https:\/\/diarioavanzada.com.mx\/index.php?rest_route=\/wp\/v2\/media\/85985"}],"wp:attachment":[{"href":"https:\/\/diarioavanzada.com.mx\/index.php?rest_route=%2Fwp%2Fv2%2Fmedia&parent=85986"}],"wp:term":[{"taxonomy":"category","embeddable":true,"href":"https:\/\/diarioavanzada.com.mx\/index.php?rest_route=%2Fwp%2Fv2%2Fcategories&post=85986"},{"taxonomy":"post_tag","embeddable":true,"href":"https:\/\/diarioavanzada.com.mx\/index.php?rest_route=%2Fwp%2Fv2%2Ftags&post=85986"}],"curies":[{"name":"wp","href":"https:\/\/api.w.org\/{rel}","templated":true}]}}