{"id":85894,"date":"2025-05-12T19:56:21","date_gmt":"2025-05-13T01:56:21","guid":{"rendered":"https:\/\/diarioavanzada.com.mx\/?p=85894"},"modified":"2025-05-12T19:57:42","modified_gmt":"2025-05-13T01:57:42","slug":"85894","status":"publish","type":"post","link":"https:\/\/diarioavanzada.com.mx\/?p=85894","title":{"rendered":"Sin acusaci\u00f3n ni explicaci\u00f3n: Revocaci\u00f3n de visa no me define, afirma Marina del Pilar"},"content":{"rendered":"\n<p class=\"p1 wp-block-paragraph\">Baja California, M\u00e9xico, Avanzada (12\/05\/2025).- En un mensaje p\u00fablico pronunciado esta tarde, la gobernadora de Baja California, Marina del Pilar \u00c1vila Olmeda, confirm\u00f3 la revocaci\u00f3n de su visa por parte del gobierno de los Estados Unidos y fij\u00f3 una postura firme frente a lo que calific\u00f3 como una decisi\u00f3n administrativa sin fundamento penal ni acusaci\u00f3n alguna.<\/p>\n\n\n\n<p class=\"p1 wp-block-paragraph\">\u201cNo hay delito, no hay falta, no hay nada que esconder\u201d, sentenci\u00f3 la mandataria durante una rueda de prensa en la capital del estado, en la que enfatiz\u00f3 que la cancelaci\u00f3n de su visa no la define como persona ni como servidora p\u00fablica. Acompa\u00f1ada de su gabinete, Marina del Pilar afirm\u00f3: \u201cMe definen mis valores, mis convicciones y el prop\u00f3sito que he abrazado desde que decid\u00ed dedicar mi vida al servicio p\u00fablico\u201d.<\/p>\n\n\n\n<p class=\"p1 wp-block-paragraph\">La gobernadora asegur\u00f3 que la medida del Departamento de Estado estadounidense no le fue acompa\u00f1ada de explicaci\u00f3n alguna y que, hasta el momento, no se le ha comunicado ninguna causa oficial. \u201cEs una decisi\u00f3n administrativa, no una acusaci\u00f3n. Estoy tranquila y con la conciencia limpia\u201d, subray\u00f3.<\/p>\n\n\n\n<p class=\"p1 wp-block-paragraph\">El pronunciamiento ocurre dos d\u00edas despu\u00e9s de que Carlos Torres Torres, esposo de la mandataria y actual Coordinador de Proyectos Estrat\u00e9gicos del Gobierno estatal, informara p\u00fablicamente que tambi\u00e9n fue objeto de una revocaci\u00f3n de visa por parte de Estados Unidos. En su comunicado, Torres calific\u00f3 la medida como \u201cuna decisi\u00f3n administrativa\u201d y afirm\u00f3 no tener proceso abierto alguno ni en M\u00e9xico ni en el extranjero.<\/p>\n\n\n\n<p class=\"p1 wp-block-paragraph\">Durante su mensaje, la gobernadora reconoci\u00f3 el respaldo recibido desde diversos sectores y lo contrast\u00f3 con lo que describi\u00f3 como ataques infundados y oportunismo pol\u00edtico. \u201cSe equivocan quienes, detr\u00e1s de un micr\u00f3fono o desde el anonimato de las redes sociales, me se\u00f1alan sin pruebas ni verdad\u201d, dijo. A\u00f1adi\u00f3 que la situaci\u00f3n ha sido utilizada como arma pol\u00edtica por sectores que, asegur\u00f3, \u201cno toleran ver a una mujer firme, decidida y con convicciones al frente de un gobierno que no se arrodilla ante nadie\u201d.<\/p>\n\n\n\n<p class=\"p1 wp-block-paragraph\">Marina del Pilar tambi\u00e9n reiter\u00f3 su respeto por la soberan\u00eda del gobierno de Estados Unidos y su disposici\u00f3n a mantener una relaci\u00f3n institucional y de cooperaci\u00f3n con dicho pa\u00eds. \u201cLa verdad y el tiempo pondr\u00e1n todo en su lugar\u201d, afirm\u00f3.<\/p>\n\n\n\n<p class=\"p1 wp-block-paragraph\">En un cierre cargado de simbolismo pol\u00edtico y personal, expres\u00f3 que seguir\u00e1 cumpliendo su responsabilidad como gobernadora de Baja California \u201csin detenerse, como miles de mexicanas y mexicanos que viven sin visa\u201d. Tambi\u00e9n agradeci\u00f3 a la presidenta Claudia Sheinbaum Pardo por su respaldo p\u00fablico y reiter\u00f3 su compromiso con los principios de la Cuarta Transformaci\u00f3n.<\/p>\n\n\n\n<p class=\"p1 wp-block-paragraph\">\u201cLa dignidad no se cancela, y el amor al pueblo no entiende de visas ni de fronteras\u201d, concluy\u00f3. Con este mensaje, la mandataria dio por cerrado el tema y anunci\u00f3 que continuar\u00e1 con la agenda gubernamental \u201cque requiere total atenci\u00f3n\u201d.<\/p>\n\n\n\n<p class=\"p1 wp-block-paragraph\"><\/p>\n<div class=\"fb-background-color\">\n\t\t\t  <div \n\t\t\t  \tclass = \"fb-comments\" \n\t\t\t  \tdata-href = \"https:\/\/diarioavanzada.com.mx\/?p=85894\"\n\t\t\t  \tdata-numposts = \"10\"\n\t\t\t  \tdata-lazy = \"true\"\n\t\t\t\tdata-colorscheme = \"light\"\n\t\t\t\tdata-order-by = \"social\"\n\t\t\t\tdata-mobile=true>\n\t\t\t  <\/div><\/div>\n\t\t  <style>\n\t\t    .fb-background-color {\n\t\t\t\tbackground:  !important;\n\t\t\t}\n\t\t\t.fb_iframe_widget_fluid_desktop iframe {\n\t\t\t    width: 100% !important;\n\t\t\t}\n\t\t  <\/style>\n\t\t  ","protected":false},"excerpt":{"rendered":"<p>Baja California, M\u00e9xico, Avanzada (12\/05\/2025).- En un mensaje p\u00fablico pronunciado esta tarde, la gobernadora de Baja California, Marina del Pilar \u00c1vila Olmeda, confirm\u00f3 la revocaci\u00f3n de su visa por parte del gobierno de los Estados Unidos y fij\u00f3 una postura firme frente a lo que calific\u00f3 como una decisi\u00f3n administrativa sin fundamento penal ni acusaci\u00f3n [&hellip;]<\/p>\n","protected":false},"author":7,"featured_media":85893,"comment_status":"closed","ping_status":"closed","sticky":false,"template":"","format":"standard","meta":{"_coblocks_attr":"","_coblocks_dimensions":"","_coblocks_responsive_height":"","_coblocks_accordion_ie_support":"","_crdt_document":"","advanced_seo_description":"","jetpack_seo_html_title":"","jetpack_seo_noindex":false,"_jetpack_memberships_contains_paid_content":false,"footnotes":""},"categories":[209,22,7,231],"tags":[210],"class_list":["post-85894","post","type-post","status-publish","format-standard","has-post-thumbnail","hentry","category-importantes","category-nacion","category-noticias","category-seguridad","tag-portada"],"jetpack_featured_media_url":"https:\/\/diarioavanzada.com.mx\/wp-content\/uploads\/2025\/05\/img_2091-1.jpg","jetpack-related-posts":[],"jetpack_sharing_enabled":true,"amp_enabled":true,"_links":{"self":[{"href":"https:\/\/diarioavanzada.com.mx\/index.php?rest_route=\/wp\/v2\/posts\/85894","targetHints":{"allow":["GET"]}}],"collection":[{"href":"https:\/\/diarioavanzada.com.mx\/index.php?rest_route=\/wp\/v2\/posts"}],"about":[{"href":"https:\/\/diarioavanzada.com.mx\/index.php?rest_route=\/wp\/v2\/types\/post"}],"author":[{"embeddable":true,"href":"https:\/\/diarioavanzada.com.mx\/index.php?rest_route=\/wp\/v2\/users\/7"}],"replies":[{"embeddable":true,"href":"https:\/\/diarioavanzada.com.mx\/index.php?rest_route=%2Fwp%2Fv2%2Fcomments&post=85894"}],"version-history":[{"count":1,"href":"https:\/\/diarioavanzada.com.mx\/index.php?rest_route=\/wp\/v2\/posts\/85894\/revisions"}],"predecessor-version":[{"id":85895,"href":"https:\/\/diarioavanzada.com.mx\/index.php?rest_route=\/wp\/v2\/posts\/85894\/revisions\/85895"}],"wp:featuredmedia":[{"embeddable":true,"href":"https:\/\/diarioavanzada.com.mx\/index.php?rest_route=\/wp\/v2\/media\/85893"}],"wp:attachment":[{"href":"https:\/\/diarioavanzada.com.mx\/index.php?rest_route=%2Fwp%2Fv2%2Fmedia&parent=85894"}],"wp:term":[{"taxonomy":"category","embeddable":true,"href":"https:\/\/diarioavanzada.com.mx\/index.php?rest_route=%2Fwp%2Fv2%2Fcategories&post=85894"},{"taxonomy":"post_tag","embeddable":true,"href":"https:\/\/diarioavanzada.com.mx\/index.php?rest_route=%2Fwp%2Fv2%2Ftags&post=85894"}],"curies":[{"name":"wp","href":"https:\/\/api.w.org\/{rel}","templated":true}]}}