{"id":85830,"date":"2025-05-12T17:32:15","date_gmt":"2025-05-12T23:32:15","guid":{"rendered":"https:\/\/diarioavanzada.com.mx\/?p=85830"},"modified":"2025-05-12T17:34:12","modified_gmt":"2025-05-12T23:34:12","slug":"fiscalia-de-colima-presume-detencion-de-un-objetivo-prioritario","status":"publish","type":"post","link":"https:\/\/diarioavanzada.com.mx\/?p=85830","title":{"rendered":"Fiscal\u00eda de Colima presume detenci\u00f3n de un \u201cobjetivo prioritario\u201d\ufffc"},"content":{"rendered":"\n<p class=\"p1 wp-block-paragraph\">Colima, M\u00e9xico, Avanzada (12\/05\/2025).- Un hombre se\u00f1alado como presunto generador de violencia y narcomenudista fue detenido en el municipio de Manzanillo, Colima, como resultado de un operativo conjunto entre elementos de la Secretar\u00eda de Seguridad P\u00fablica (SSP) del estado y personal de la Secretar\u00eda de Marina.<\/p>\n\n\n\n<p class=\"p1 wp-block-paragraph\">De acuerdo con la Mesa de Coordinaci\u00f3n Estatal para la Construcci\u00f3n de Paz y Seguridad, el detenido era considerado un objetivo prioritario dentro de los esfuerzos para recuperar la tranquilidad en la entidad, debido a su presunta relevancia dentro de una organizaci\u00f3n criminal que opera en la regi\u00f3n.<\/p>\n\n\n\n<p class=\"p1 wp-block-paragraph\">Seg\u00fan el comunicado oficial, el individuo desarrollaba actividades delictivas principalmente en Manzanillo, donde presuntamente participaba en el narcomenudeo y en actos que generaban violencia. En el operativo tambi\u00e9n fue asegurado un veh\u00edculo con reporte de robo vigente.<\/p>\n\n\n\n<p class=\"p1 wp-block-paragraph\">La persona detenida, as\u00ed como lo asegurado, fueron puestos a disposici\u00f3n del Ministerio P\u00fablico. Las autoridades recordaron que se le presume inocente mientras no se declare su responsabilidad mediante sentencia de la autoridad judicial, conforme al art\u00edculo 13 del C\u00f3digo Nacional de Procedimientos Penales.<\/p>\n\n\n\n<p class=\"p1 wp-block-paragraph\"><\/p>\n<div class=\"fb-background-color\">\n\t\t\t  <div \n\t\t\t  \tclass = \"fb-comments\" \n\t\t\t  \tdata-href = \"https:\/\/diarioavanzada.com.mx\/?p=85830\"\n\t\t\t  \tdata-numposts = \"10\"\n\t\t\t  \tdata-lazy = \"true\"\n\t\t\t\tdata-colorscheme = \"light\"\n\t\t\t\tdata-order-by = \"social\"\n\t\t\t\tdata-mobile=true>\n\t\t\t  <\/div><\/div>\n\t\t  <style>\n\t\t    .fb-background-color {\n\t\t\t\tbackground:  !important;\n\t\t\t}\n\t\t\t.fb_iframe_widget_fluid_desktop iframe {\n\t\t\t    width: 100% !important;\n\t\t\t}\n\t\t  <\/style>\n\t\t  ","protected":false},"excerpt":{"rendered":"<p>Colima, M\u00e9xico, Avanzada (12\/05\/2025).- Un hombre se\u00f1alado como presunto generador de violencia y narcomenudista fue detenido en el municipio de Manzanillo, Colima, como resultado de un operativo conjunto entre elementos de la Secretar\u00eda de Seguridad P\u00fablica (SSP) del estado y personal de la Secretar\u00eda de Marina. De acuerdo con la Mesa de Coordinaci\u00f3n Estatal para [&hellip;]<\/p>\n","protected":false},"author":7,"featured_media":85832,"comment_status":"closed","ping_status":"closed","sticky":false,"template":"","format":"standard","meta":{"_coblocks_attr":"","_coblocks_dimensions":"","_coblocks_responsive_height":"","_coblocks_accordion_ie_support":"","_crdt_document":"","advanced_seo_description":"","jetpack_seo_html_title":"","jetpack_seo_noindex":false,"_jetpack_memberships_contains_paid_content":false,"footnotes":""},"categories":[19,209,7,231],"tags":[],"class_list":["post-85830","post","type-post","status-publish","format-standard","has-post-thumbnail","hentry","category-colima","category-importantes","category-noticias","category-seguridad"],"jetpack_featured_media_url":"https:\/\/diarioavanzada.com.mx\/wp-content\/uploads\/2025\/05\/img_2081-2-1.jpg","jetpack-related-posts":[],"jetpack_sharing_enabled":true,"amp_enabled":true,"_links":{"self":[{"href":"https:\/\/diarioavanzada.com.mx\/index.php?rest_route=\/wp\/v2\/posts\/85830","targetHints":{"allow":["GET"]}}],"collection":[{"href":"https:\/\/diarioavanzada.com.mx\/index.php?rest_route=\/wp\/v2\/posts"}],"about":[{"href":"https:\/\/diarioavanzada.com.mx\/index.php?rest_route=\/wp\/v2\/types\/post"}],"author":[{"embeddable":true,"href":"https:\/\/diarioavanzada.com.mx\/index.php?rest_route=\/wp\/v2\/users\/7"}],"replies":[{"embeddable":true,"href":"https:\/\/diarioavanzada.com.mx\/index.php?rest_route=%2Fwp%2Fv2%2Fcomments&post=85830"}],"version-history":[{"count":1,"href":"https:\/\/diarioavanzada.com.mx\/index.php?rest_route=\/wp\/v2\/posts\/85830\/revisions"}],"predecessor-version":[{"id":85833,"href":"https:\/\/diarioavanzada.com.mx\/index.php?rest_route=\/wp\/v2\/posts\/85830\/revisions\/85833"}],"wp:featuredmedia":[{"embeddable":true,"href":"https:\/\/diarioavanzada.com.mx\/index.php?rest_route=\/wp\/v2\/media\/85832"}],"wp:attachment":[{"href":"https:\/\/diarioavanzada.com.mx\/index.php?rest_route=%2Fwp%2Fv2%2Fmedia&parent=85830"}],"wp:term":[{"taxonomy":"category","embeddable":true,"href":"https:\/\/diarioavanzada.com.mx\/index.php?rest_route=%2Fwp%2Fv2%2Fcategories&post=85830"},{"taxonomy":"post_tag","embeddable":true,"href":"https:\/\/diarioavanzada.com.mx\/index.php?rest_route=%2Fwp%2Fv2%2Ftags&post=85830"}],"curies":[{"name":"wp","href":"https:\/\/api.w.org\/{rel}","templated":true}]}}