{"id":85739,"date":"2025-05-11T19:32:01","date_gmt":"2025-05-12T01:32:01","guid":{"rendered":"https:\/\/diarioavanzada.com.mx\/?p=85739"},"modified":"2025-05-11T19:32:01","modified_gmt":"2025-05-12T01:32:01","slug":"imparten-conferencia-sobre-como-construir-carreras-cientificas-y-academicas-en-mexico","status":"publish","type":"post","link":"https:\/\/diarioavanzada.com.mx\/?p=85739","title":{"rendered":"Imparten conferencia sobre c\u00f3mo construir carreras cient\u00edficas y acad\u00e9micas en M\u00e9xico"},"content":{"rendered":"\n<p class=\"wp-block-paragraph\"><em>\u201cTenemos una buena formaci\u00f3n acad\u00e9mica, el problema es que no existe una orientaci\u00f3n estrat\u00e9gica porque no sabemos muy bien c\u00f3mo aplicar, c\u00f3mo buscar, a d\u00f3nde vamos\u201d: Ang\u00e9lica Cuapio, consultora.<\/em><\/p>\n\n\n\n<p class=\"wp-block-paragraph\">Colima, M\u00e9xico, Comunicado (11\/05\/2025).- En d\u00edas pasados Ang\u00e9lica Cuapio, figura clave en la intersecci\u00f3n de la investigaci\u00f3n cient\u00edfica, educaci\u00f3n superior y la gesti\u00f3n de proyectos de alto impacto internacional, fue invitada por la Oficina de Internacionalizaci\u00f3n y Cooperaci\u00f3n Acad\u00e9mica de la Universidad de Colima (UdeC) para dar la charla virtual: \u201cDe lo local a lo global: C\u00f3mo construir carreras cient\u00edficas y acad\u00e9micas internacionales\u201d.<\/p>\n\n\n\n<p class=\"wp-block-paragraph\">Sobre el estado actual para poder dedicarse al trabajo cient\u00edfico y la academia en nuestro pa\u00eds, la consultora cient\u00edfica independiente afirm\u00f3 que \u201cen M\u00e9xico tenemos una buena formaci\u00f3n acad\u00e9mica, el problema es que no existe una orientaci\u00f3n estrat\u00e9gica porque no sabemos muy bien c\u00f3mo aplicar, c\u00f3mo buscar, a d\u00f3nde vamos, c\u00f3mo escribir de forma clara, precisa, corta y breve, porque hay una brecha entre la formaci\u00f3n y la continuaci\u00f3n de esta trayectoria\u201d.<\/p>\n\n\n\n<p class=\"wp-block-paragraph\">Como parte de un ciclo de conferencias dirigido al personal directivo, docente y de apoyo acad\u00e9mico en el nivel medio superior de la UdeC, Ang\u00e9lica Cuapio comparti\u00f3 sus hallazgos despu\u00e9s de investigar y entrevistar a quienes aspiran a hacer o ya hacen investigaci\u00f3n en M\u00e9xico. \u201cEs bueno que los pa\u00edses puedan medir su cultura cient\u00edfica, que a\u00fan no se mide, y esto es tarea de las autoridades, del gobierno, de investigadores e investigadoras y universitarios porque, a mayor cultura cient\u00edfica, mayor beneficio\u201d, mencion\u00f3.<\/p>\n\n\n\n<p class=\"wp-block-paragraph\">Como experta en M\u00e9xico y Latinoam\u00e9rica, resalt\u00f3 que se tienen desaf\u00edos como la falta de orientaci\u00f3n estrat\u00e9gica al momento de construir las carreras en fases tempranas, y explic\u00f3 que, a nivel de prepa, los j\u00f3venes no saben si al terminarla se ir\u00e1n a trabajar o si al terminar su carrera har\u00e1n una carrera cient\u00edfica. \u201cEn licenciatura tienen duda sobre si al concluirla hacen una maestr\u00eda, se van a la parte cl\u00ednica, a la industria. Si terminaron un posgrado dudan en irse a la industria y de igual forma seguir con alg\u00fan post doctorado\u201d, coment\u00f3.<\/p>\n\n\n\n<p class=\"wp-block-paragraph\">Sobre los perfiles de aplicantes, se\u00f1al\u00f3 que deben tener una alineaci\u00f3n tem\u00e1tica y metodol\u00f3gica, curiosidad cient\u00edfica genuina, objetivos, capacidad de trabajo aut\u00f3nomo y en equipo, as\u00ed como trayectorias acad\u00e9micas consistentes.<\/p>\n\n\n\n<p class=\"wp-block-paragraph\">A\u00f1adi\u00f3 algunos aspectos importantes a los que no se les presta atenci\u00f3n, tales como evaluar el fomento de hobbies, hacer ejercicio o una actividad para fomentar la creatividad e imaginaci\u00f3n, \u201cporque esto nos ayuda a resolver problemas\u201d. Asimismo, lament\u00f3 cu\u00e1nto se deval\u00faa en la actualidad este binomio. \u201cSe pregunta c\u00f3mo est\u00e1 el balance vida-trabajo y evaluamos si el centro de trabajo cuenta con talleres, acceso a gimnasio o centros de bienestar para evidenciar si fomenta este balance\u201d, afirm\u00f3.<\/p>\n\n\n\n<p class=\"wp-block-paragraph\">Asimismo, comparti\u00f3 con los asistentes los temas m\u00e1s recientes para actualizarse y la agenda internacional \u201cEscoge a Europa para la Ciencia\u201d, que destin\u00f3 un importante financiamiento de apoyo al desarrollo cient\u00edfico.<\/p>\n\n\n\n<p class=\"wp-block-paragraph\">Por otra parte, expuso que la sustentabilidad, el balance familia y carrera, ciencia ciudadano y open science, estandarizaci\u00f3n de la investigaci\u00f3n y el desarrollo, carreras sostenibles, comunicaci\u00f3n de la ciencia, \u00e9tica de la investigaci\u00f3n, supervisi\u00f3n de los doctorados y post doctorados, uso de la Inteligencia Artificial, ciencia, arte y sociedad y la pol\u00edtica cient\u00edfica a cargo de mujeres, son temas que cada vez se escuchar\u00e1n m\u00e1s \u201cy debemos incluirlos\u201d.<\/p>\n\n\n\n<p class=\"wp-block-paragraph\">Adem\u00e1s, continu\u00f3, \u201cel impacto en la salud mental y emocional es importante para manejar la frustraci\u00f3n por falta de oportunidades. La idea de no ser suficientes o capaces nos hace perder potencial humano, lo que culmina con desistir de hacer investigaci\u00f3n\u201d. Otro punto, dijo para finalizar, \u201ces el ingl\u00e9s, \u00e9ste sigue siendo el idioma global en estos tiempos. Nos puede abrir o cerrar puertas en las etapas tempranas y, aunque escribir es sencillo, al entrevistarnos podr\u00edamos perder las oportunidades\u201d.<\/p>\n\n\n\n<p class=\"wp-block-paragraph\">Ang\u00e9lica Cuapio es consultora cient\u00edfica independiente y su especializaci\u00f3n es la identificaci\u00f3n de fuentes de financiamiento, la formulaci\u00f3n y planificaci\u00f3n de proyectos, as\u00ed como la asesor\u00eda en la preparaci\u00f3n de propuestas para programas de financiamiento como Horizon Europe y otros. Tambi\u00e9n brinda mentor\u00eda a largo plazo y promueve la inclusi\u00f3n y el avance de la diversidad en el \u00e1mbito cient\u00edfico. Es figura clave en la intersecci\u00f3n de la investigaci\u00f3n cient\u00edfica, educaci\u00f3n superior y la gesti\u00f3n de proyectos de alto impacto internacional.<\/p>\n\n\n\n<figure class=\"wp-block-image size-large\"><img loading=\"lazy\" decoding=\"async\" width=\"1024\" height=\"539\" src=\"https:\/\/diarioavanzada.com.mx\/wp-content\/uploads\/2025\/05\/Como-construir-carreras-cientificas-y-academicas-en-Mexico_a-1024x539.png\" alt=\"\" class=\"wp-image-85742\" srcset=\"https:\/\/diarioavanzada.com.mx\/wp-content\/uploads\/2025\/05\/Como-construir-carreras-cientificas-y-academicas-en-Mexico_a-1024x539.png 1024w, https:\/\/diarioavanzada.com.mx\/wp-content\/uploads\/2025\/05\/Como-construir-carreras-cientificas-y-academicas-en-Mexico_a-300x158.png 300w, https:\/\/diarioavanzada.com.mx\/wp-content\/uploads\/2025\/05\/Como-construir-carreras-cientificas-y-academicas-en-Mexico_a-768x404.png 768w, https:\/\/diarioavanzada.com.mx\/wp-content\/uploads\/2025\/05\/Como-construir-carreras-cientificas-y-academicas-en-Mexico_a-1536x808.png 1536w, https:\/\/diarioavanzada.com.mx\/wp-content\/uploads\/2025\/05\/Como-construir-carreras-cientificas-y-academicas-en-Mexico_a-1200x631.png 1200w, https:\/\/diarioavanzada.com.mx\/wp-content\/uploads\/2025\/05\/Como-construir-carreras-cientificas-y-academicas-en-Mexico_a.png 1694w\" sizes=\"auto, (max-width: 1024px) 100vw, 1024px\" \/><\/figure>\n\n\n\n<p class=\"wp-block-paragraph\"><\/p>\n<div class=\"fb-background-color\">\n\t\t\t  <div \n\t\t\t  \tclass = \"fb-comments\" \n\t\t\t  \tdata-href = \"https:\/\/diarioavanzada.com.mx\/?p=85739\"\n\t\t\t  \tdata-numposts = \"10\"\n\t\t\t  \tdata-lazy = \"true\"\n\t\t\t\tdata-colorscheme = \"light\"\n\t\t\t\tdata-order-by = \"social\"\n\t\t\t\tdata-mobile=true>\n\t\t\t  <\/div><\/div>\n\t\t  <style>\n\t\t    .fb-background-color {\n\t\t\t\tbackground:  !important;\n\t\t\t}\n\t\t\t.fb_iframe_widget_fluid_desktop iframe {\n\t\t\t    width: 100% !important;\n\t\t\t}\n\t\t  <\/style>\n\t\t  ","protected":false},"excerpt":{"rendered":"<p>\u201cTenemos una buena formaci\u00f3n acad\u00e9mica, el problema es que no existe una orientaci\u00f3n estrat\u00e9gica porque no sabemos muy bien c\u00f3mo aplicar, c\u00f3mo buscar, a d\u00f3nde vamos\u201d: Ang\u00e9lica Cuapio, consultora. Colima, M\u00e9xico, Comunicado (11\/05\/2025).- En d\u00edas pasados Ang\u00e9lica Cuapio, figura clave en la intersecci\u00f3n de la investigaci\u00f3n cient\u00edfica, educaci\u00f3n superior y la gesti\u00f3n de proyectos de [&hellip;]<\/p>\n","protected":false},"author":7,"featured_media":85746,"comment_status":"closed","ping_status":"closed","sticky":false,"template":"","format":"standard","meta":{"_coblocks_attr":"","_coblocks_dimensions":"","_coblocks_responsive_height":"","_coblocks_accordion_ie_support":"","_crdt_document":"","advanced_seo_description":"","jetpack_seo_html_title":"","jetpack_seo_noindex":false,"_jetpack_memberships_contains_paid_content":false,"footnotes":""},"categories":[19,209,7],"tags":[],"class_list":["post-85739","post","type-post","status-publish","format-standard","has-post-thumbnail","hentry","category-colima","category-importantes","category-noticias"],"jetpack_featured_media_url":"https:\/\/diarioavanzada.com.mx\/wp-content\/uploads\/2025\/05\/470b1197-7a46-423c-a7c0-fb6d17caf437-1.jpg","jetpack-related-posts":[],"jetpack_sharing_enabled":true,"amp_enabled":true,"_links":{"self":[{"href":"https:\/\/diarioavanzada.com.mx\/index.php?rest_route=\/wp\/v2\/posts\/85739","targetHints":{"allow":["GET"]}}],"collection":[{"href":"https:\/\/diarioavanzada.com.mx\/index.php?rest_route=\/wp\/v2\/posts"}],"about":[{"href":"https:\/\/diarioavanzada.com.mx\/index.php?rest_route=\/wp\/v2\/types\/post"}],"author":[{"embeddable":true,"href":"https:\/\/diarioavanzada.com.mx\/index.php?rest_route=\/wp\/v2\/users\/7"}],"replies":[{"embeddable":true,"href":"https:\/\/diarioavanzada.com.mx\/index.php?rest_route=%2Fwp%2Fv2%2Fcomments&post=85739"}],"version-history":[{"count":3,"href":"https:\/\/diarioavanzada.com.mx\/index.php?rest_route=\/wp\/v2\/posts\/85739\/revisions"}],"predecessor-version":[{"id":85744,"href":"https:\/\/diarioavanzada.com.mx\/index.php?rest_route=\/wp\/v2\/posts\/85739\/revisions\/85744"}],"wp:featuredmedia":[{"embeddable":true,"href":"https:\/\/diarioavanzada.com.mx\/index.php?rest_route=\/wp\/v2\/media\/85746"}],"wp:attachment":[{"href":"https:\/\/diarioavanzada.com.mx\/index.php?rest_route=%2Fwp%2Fv2%2Fmedia&parent=85739"}],"wp:term":[{"taxonomy":"category","embeddable":true,"href":"https:\/\/diarioavanzada.com.mx\/index.php?rest_route=%2Fwp%2Fv2%2Fcategories&post=85739"},{"taxonomy":"post_tag","embeddable":true,"href":"https:\/\/diarioavanzada.com.mx\/index.php?rest_route=%2Fwp%2Fv2%2Ftags&post=85739"}],"curies":[{"name":"wp","href":"https:\/\/api.w.org\/{rel}","templated":true}]}}