{"id":85692,"date":"2025-05-11T17:50:13","date_gmt":"2025-05-11T23:50:13","guid":{"rendered":"https:\/\/diarioavanzada.com.mx\/?p=85692"},"modified":"2025-05-11T17:50:13","modified_gmt":"2025-05-11T23:50:13","slug":"detienen-al-rector-de-la-uaz-lo-acusan-de-violacion-equiparada-agravada","status":"publish","type":"post","link":"https:\/\/diarioavanzada.com.mx\/?p=85692","title":{"rendered":"Detienen al rector de la UAZ; lo acusan de violaci\u00f3n equiparada agravada"},"content":{"rendered":"\n<p class=\"p1 wp-block-paragraph\">Zacatecas, M\u00e9xico, Avanzada (11\/05\/2025).- Rub\u00e9n \u201cN\u201d, rector de la Universidad Aut\u00f3noma de Zacatecas (UAZ), fue detenido por autoridades ministeriales, luego de que la Fiscal\u00eda General de Justicia del Estado integrara una carpeta de investigaci\u00f3n en su contra por el delito de violaci\u00f3n equiparada agravada.<\/p>\n\n\n\n<p class=\"p1 wp-block-paragraph\">Tras su detenci\u00f3n, Rub\u00e9n fue presentado ante el Juzgado Tercero de Control Penal, con sede en el Centro de Readaptaci\u00f3n Social (Cereso) de Cieneguillas, donde se celebr\u00f3 la audiencia inicial encabezada por el juez Alfredo S\u00e1nchez Dom\u00ednguez. Durante la diligencia, la Fiscal\u00eda expuso los elementos de prueba reunidos hasta el momento, mientras que la defensa solicit\u00f3 una pr\u00f3rroga para ampliar el plazo constitucional, fij\u00e1ndose como nueva fecha el 12 de mayo.<\/p>\n\n\n\n<p class=\"p1 wp-block-paragraph\">Por disposici\u00f3n judicial, el imputado permanecer\u00e1 en prisi\u00f3n preventiva hasta la pr\u00f3xima audiencia. En su posicionamiento, la Fiscal\u00eda aclar\u00f3 que los hechos se\u00f1alados corresponden exclusivamente al \u00e1mbito personal de Rub\u00e9n \u201cN\u201d y no guardan relaci\u00f3n con su funci\u00f3n al frente de la instituci\u00f3n educativa.<\/p>\n\n\n\n<p class=\"p1 wp-block-paragraph\">La FGJE tambi\u00e9n record\u00f3 que, conforme al Art\u00edculo 13 del C\u00f3digo Nacional de Procedimientos Penales, el rector se presume inocente mientras no se emita una sentencia definitiva en su contra.<\/p>\n\n\n\n<p class=\"p1 wp-block-paragraph\">La captura del rector ocurre en medio del proceso electoral interno de la UAZ para renovar la titularidad de la Rector\u00eda. Tras su aprehensi\u00f3n, el secretario general interino, Armando Flores de la Torre, asumi\u00f3 provisionalmente las funciones rectorales, en tanto el Consejo Universitario emite una resoluci\u00f3n oficial.<\/p>\n\n\n\n<p class=\"p1 wp-block-paragraph\">A pesar del escenario, la elecci\u00f3n interna contin\u00faa conforme al calendario previsto. La jornada de votaci\u00f3n para el sistema semiescolarizado se realiz\u00f3 este s\u00e1bado, y la elecci\u00f3n general, que abarca a m\u00e1s de 38 mil integrantes de la comunidad universitaria, tendr\u00e1 lugar el pr\u00f3ximo 14 de mayo. Los resultados se dar\u00e1n a conocer el 15 y el cambio oficial en la Rector\u00eda est\u00e1 previsto para el 6 de septiembre.<\/p>\n<div class=\"fb-background-color\">\n\t\t\t  <div \n\t\t\t  \tclass = \"fb-comments\" \n\t\t\t  \tdata-href = \"https:\/\/diarioavanzada.com.mx\/?p=85692\"\n\t\t\t  \tdata-numposts = \"10\"\n\t\t\t  \tdata-lazy = \"true\"\n\t\t\t\tdata-colorscheme = \"light\"\n\t\t\t\tdata-order-by = \"social\"\n\t\t\t\tdata-mobile=true>\n\t\t\t  <\/div><\/div>\n\t\t  <style>\n\t\t    .fb-background-color {\n\t\t\t\tbackground:  !important;\n\t\t\t}\n\t\t\t.fb_iframe_widget_fluid_desktop iframe {\n\t\t\t    width: 100% !important;\n\t\t\t}\n\t\t  <\/style>\n\t\t  ","protected":false},"excerpt":{"rendered":"<p>Zacatecas, M\u00e9xico, Avanzada (11\/05\/2025).- Rub\u00e9n \u201cN\u201d, rector de la Universidad Aut\u00f3noma de Zacatecas (UAZ), fue detenido por autoridades ministeriales, luego de que la Fiscal\u00eda General de Justicia del Estado integrara una carpeta de investigaci\u00f3n en su contra por el delito de violaci\u00f3n equiparada agravada. Tras su detenci\u00f3n, Rub\u00e9n fue presentado ante el Juzgado Tercero de [&hellip;]<\/p>\n","protected":false},"author":7,"featured_media":85697,"comment_status":"closed","ping_status":"closed","sticky":false,"template":"","format":"standard","meta":{"_coblocks_attr":"","_coblocks_dimensions":"","_coblocks_responsive_height":"","_coblocks_accordion_ie_support":"","_crdt_document":"","advanced_seo_description":"","jetpack_seo_html_title":"","jetpack_seo_noindex":false,"_jetpack_memberships_contains_paid_content":false,"footnotes":""},"categories":[209,22,7,231],"tags":[210],"class_list":["post-85692","post","type-post","status-publish","format-standard","has-post-thumbnail","hentry","category-importantes","category-nacion","category-noticias","category-seguridad","tag-portada"],"jetpack_featured_media_url":"https:\/\/diarioavanzada.com.mx\/wp-content\/uploads\/2025\/05\/img_1983-1.jpg","jetpack-related-posts":[],"jetpack_sharing_enabled":true,"amp_enabled":true,"_links":{"self":[{"href":"https:\/\/diarioavanzada.com.mx\/index.php?rest_route=\/wp\/v2\/posts\/85692","targetHints":{"allow":["GET"]}}],"collection":[{"href":"https:\/\/diarioavanzada.com.mx\/index.php?rest_route=\/wp\/v2\/posts"}],"about":[{"href":"https:\/\/diarioavanzada.com.mx\/index.php?rest_route=\/wp\/v2\/types\/post"}],"author":[{"embeddable":true,"href":"https:\/\/diarioavanzada.com.mx\/index.php?rest_route=\/wp\/v2\/users\/7"}],"replies":[{"embeddable":true,"href":"https:\/\/diarioavanzada.com.mx\/index.php?rest_route=%2Fwp%2Fv2%2Fcomments&post=85692"}],"version-history":[{"count":1,"href":"https:\/\/diarioavanzada.com.mx\/index.php?rest_route=\/wp\/v2\/posts\/85692\/revisions"}],"predecessor-version":[{"id":85698,"href":"https:\/\/diarioavanzada.com.mx\/index.php?rest_route=\/wp\/v2\/posts\/85692\/revisions\/85698"}],"wp:featuredmedia":[{"embeddable":true,"href":"https:\/\/diarioavanzada.com.mx\/index.php?rest_route=\/wp\/v2\/media\/85697"}],"wp:attachment":[{"href":"https:\/\/diarioavanzada.com.mx\/index.php?rest_route=%2Fwp%2Fv2%2Fmedia&parent=85692"}],"wp:term":[{"taxonomy":"category","embeddable":true,"href":"https:\/\/diarioavanzada.com.mx\/index.php?rest_route=%2Fwp%2Fv2%2Fcategories&post=85692"},{"taxonomy":"post_tag","embeddable":true,"href":"https:\/\/diarioavanzada.com.mx\/index.php?rest_route=%2Fwp%2Fv2%2Ftags&post=85692"}],"curies":[{"name":"wp","href":"https:\/\/api.w.org\/{rel}","templated":true}]}}