{"id":85634,"date":"2025-05-10T19:32:53","date_gmt":"2025-05-11T01:32:53","guid":{"rendered":"https:\/\/diarioavanzada.com.mx\/?p=85634"},"modified":"2025-05-10T19:32:53","modified_gmt":"2025-05-11T01:32:53","slug":"jovenes-talentos-del-iuba-y-del-colegio-gandhi-deslumbran-en-recital-con-alas","status":"publish","type":"post","link":"https:\/\/diarioavanzada.com.mx\/?p=85634","title":{"rendered":"J\u00f3venes talentos del IUBA y del Colegio Gandhi deslumbran en recital con alas"},"content":{"rendered":"\n<p class=\"wp-block-paragraph\"><em>El director del IUBA dijo que el festival \u201csienta las bases para futuros proyectos conjuntos\u201d, y destac\u00f3 el compromiso del maestro Farulli \u201cy su generosa disposici\u00f3n para guiar a los estudiantes durante este curso especializado\u201d.<\/em><\/p>\n\n\n\n<p class=\"wp-block-paragraph\">Colima, M\u00e9xico, Comunicado (10\/05\/2025).- Como parte del festival de m\u00fasica \u201cSinfon\u00eda con alas\u201d, organizado por la Universidad de Colima a trav\u00e9s del Instituto Universitario de Bellas Artes (IUBA) y el Colegio Gandhi, se llev\u00f3 a cabo esta semana un recital en la Pinacoteca Universitaria con la participaci\u00f3n del maestro invitado Antonello Farulli.<\/p>\n\n\n\n<p class=\"wp-block-paragraph\">Antonello Farulli es un destacado violista italiano, reconocido tanto por su carrera como int\u00e9rprete como por su labor docente en el \u00e1mbito de la m\u00fasica cl\u00e1sica. Fue alumno de Piero Farulli, violista del legendario Quartetto italiano, y tambi\u00e9n estudi\u00f3 con Mazumi Tanamura y Nobuko Imai<\/p>\n\n\n\n<p class=\"wp-block-paragraph\">Durante el evento, estudiantes que participaron en las clases magistrales del festival ofrecieron un variado programa musical que incluy\u00f3 obras como <em>Sonata en Mi bemol<\/em> de J.S. Bach, <em>Intermezzo<\/em> de M.M. Ponce, y extractos de la <em>Partita II BWV 1004<\/em> para viol\u00edn solo, entre otras piezas de compositores como R. Schumann.<\/p>\n\n\n\n<p class=\"wp-block-paragraph\">Al tomar la palabra, Rafael Covarrubias, director del IUBA, destac\u00f3 que este recital es resultado de la colaboraci\u00f3n entre la Universidad de Colima, el Colegio Gandhi y su coro. Agradeci\u00f3 especialmente a V\u00edctor Lara, director del Colegio Gandhi; a Gregorio Ram\u00edrez, coordinador del Departamento de M\u00fasica del IUBA, y al maestro Antonio Frausto Zamora, director de la Orquesta y Coro Gandhi, por su papel en la organizaci\u00f3n de este proyecto.<\/p>\n\n\n\n<p class=\"wp-block-paragraph\">Covarrubias dijo que actividades como \u00e9sta \u201csientan las bases para futuros proyectos conjuntos\u201d, y destac\u00f3 el compromiso del maestro Farulli \u201cy su generosa disposici\u00f3n para guiar a los estudiantes durante este curso especializado\u201d. Tambi\u00e9n felicit\u00f3 al alumnado por su esfuerzo y dedicaci\u00f3n.<\/p>\n\n\n\n<p class=\"wp-block-paragraph\">Por su parte, V\u00edctor Lara agradeci\u00f3 a las autoridades universitarias por abrir las puertas a esta colaboraci\u00f3n, mencionando al maestro Rafael Covarrubias, a Carlos Ram\u00edrez, coordinador general de Extensi\u00f3n; a Gilda Callejas, directora general de Difusi\u00f3n Cultural, as\u00ed como a los estudiantes, docentes y familias que hicieron posible el recital.<\/p>\n\n\n\n<p class=\"wp-block-paragraph\">Farulli es autor del libro <em>La viola del pensiero<\/em> y director art\u00edstico del Sesto Rocchi Festival, el primer festival en Italia dedicado a m\u00fasicos profesionales de todas las edades. Tambi\u00e9n dirige el European Quartet dentro de la European Chamber Music Academy, un proyecto para perfeccionar y promover j\u00f3venes grupos de m\u00fasica de c\u00e1mara.<\/p>\n\n\n\n<p class=\"wp-block-paragraph\">Adem\u00e1s de su actividad docente y art\u00edstica, Farulli participa en masterclasses y eventos <\/p>\n\n\n\n<p class=\"wp-block-paragraph\">internacionales, como el reciente \u201cFestival de Sinfon\u00edas\u201d en Colima, donde ofreci\u00f3 un masterclass para instrumentos de cuerda y m\u00fasica de c\u00e1mara<\/p>\n\n\n\n<p class=\"wp-block-paragraph\">El concierto cerr\u00f3 con una c\u00e1lida ovaci\u00f3n del p\u00fablico, que reconoci\u00f3 el talento y esfuerzo de los j\u00f3venes m\u00fasicos.<\/p>\n\n\n\n<figure class=\"wp-block-image size-large\"><img loading=\"lazy\" decoding=\"async\" width=\"1024\" height=\"683\" src=\"https:\/\/diarioavanzada.com.mx\/wp-content\/uploads\/2025\/05\/Jovenes-del-IUBA-y-del-Gandhi-dan-recital-con-alas_b-1-1024x683.jpg\" alt=\"\" class=\"wp-image-85637\" srcset=\"https:\/\/diarioavanzada.com.mx\/wp-content\/uploads\/2025\/05\/Jovenes-del-IUBA-y-del-Gandhi-dan-recital-con-alas_b-1-1024x683.jpg 1024w, https:\/\/diarioavanzada.com.mx\/wp-content\/uploads\/2025\/05\/Jovenes-del-IUBA-y-del-Gandhi-dan-recital-con-alas_b-1-300x200.jpg 300w, https:\/\/diarioavanzada.com.mx\/wp-content\/uploads\/2025\/05\/Jovenes-del-IUBA-y-del-Gandhi-dan-recital-con-alas_b-1-768x512.jpg 768w, https:\/\/diarioavanzada.com.mx\/wp-content\/uploads\/2025\/05\/Jovenes-del-IUBA-y-del-Gandhi-dan-recital-con-alas_b-1-1536x1024.jpg 1536w, https:\/\/diarioavanzada.com.mx\/wp-content\/uploads\/2025\/05\/Jovenes-del-IUBA-y-del-Gandhi-dan-recital-con-alas_b-1-2048x1366.jpg 2048w, https:\/\/diarioavanzada.com.mx\/wp-content\/uploads\/2025\/05\/Jovenes-del-IUBA-y-del-Gandhi-dan-recital-con-alas_b-1-1200x800.jpg 1200w\" sizes=\"auto, (max-width: 1024px) 100vw, 1024px\" \/><\/figure>\n\n\n\n<figure class=\"wp-block-image size-large\"><img loading=\"lazy\" decoding=\"async\" width=\"1024\" height=\"683\" src=\"https:\/\/diarioavanzada.com.mx\/wp-content\/uploads\/2025\/05\/Jovenes-del-IUBA-y-del-Gandhi-dan-recital-con-alas_a-1024x683.jpg\" alt=\"\" class=\"wp-image-85639\" srcset=\"https:\/\/diarioavanzada.com.mx\/wp-content\/uploads\/2025\/05\/Jovenes-del-IUBA-y-del-Gandhi-dan-recital-con-alas_a-1024x683.jpg 1024w, https:\/\/diarioavanzada.com.mx\/wp-content\/uploads\/2025\/05\/Jovenes-del-IUBA-y-del-Gandhi-dan-recital-con-alas_a-300x200.jpg 300w, https:\/\/diarioavanzada.com.mx\/wp-content\/uploads\/2025\/05\/Jovenes-del-IUBA-y-del-Gandhi-dan-recital-con-alas_a-768x512.jpg 768w, https:\/\/diarioavanzada.com.mx\/wp-content\/uploads\/2025\/05\/Jovenes-del-IUBA-y-del-Gandhi-dan-recital-con-alas_a-1536x1024.jpg 1536w, https:\/\/diarioavanzada.com.mx\/wp-content\/uploads\/2025\/05\/Jovenes-del-IUBA-y-del-Gandhi-dan-recital-con-alas_a-2048x1365.jpg 2048w, https:\/\/diarioavanzada.com.mx\/wp-content\/uploads\/2025\/05\/Jovenes-del-IUBA-y-del-Gandhi-dan-recital-con-alas_a-1200x800.jpg 1200w\" sizes=\"auto, (max-width: 1024px) 100vw, 1024px\" \/><\/figure>\n\n\n\n<figure class=\"wp-block-image size-large\"><img loading=\"lazy\" decoding=\"async\" width=\"1024\" height=\"683\" src=\"https:\/\/diarioavanzada.com.mx\/wp-content\/uploads\/2025\/05\/Jovenes-del-IUBA-y-del-Gandhi-dan-recital-con-alas_Covarrubias-1024x683.jpg\" alt=\"\" class=\"wp-image-85640\" srcset=\"https:\/\/diarioavanzada.com.mx\/wp-content\/uploads\/2025\/05\/Jovenes-del-IUBA-y-del-Gandhi-dan-recital-con-alas_Covarrubias-1024x683.jpg 1024w, https:\/\/diarioavanzada.com.mx\/wp-content\/uploads\/2025\/05\/Jovenes-del-IUBA-y-del-Gandhi-dan-recital-con-alas_Covarrubias-300x200.jpg 300w, https:\/\/diarioavanzada.com.mx\/wp-content\/uploads\/2025\/05\/Jovenes-del-IUBA-y-del-Gandhi-dan-recital-con-alas_Covarrubias-768x512.jpg 768w, https:\/\/diarioavanzada.com.mx\/wp-content\/uploads\/2025\/05\/Jovenes-del-IUBA-y-del-Gandhi-dan-recital-con-alas_Covarrubias-1536x1024.jpg 1536w, https:\/\/diarioavanzada.com.mx\/wp-content\/uploads\/2025\/05\/Jovenes-del-IUBA-y-del-Gandhi-dan-recital-con-alas_Covarrubias-2048x1366.jpg 2048w, https:\/\/diarioavanzada.com.mx\/wp-content\/uploads\/2025\/05\/Jovenes-del-IUBA-y-del-Gandhi-dan-recital-con-alas_Covarrubias-1200x800.jpg 1200w\" sizes=\"auto, (max-width: 1024px) 100vw, 1024px\" \/><\/figure>\n\n\n\n<figure class=\"wp-block-image size-large\"><img loading=\"lazy\" decoding=\"async\" width=\"1024\" height=\"683\" src=\"https:\/\/diarioavanzada.com.mx\/wp-content\/uploads\/2025\/05\/Jovenes-del-IUBA-y-del-Gandhi-dan-recital-con-alas_c-1024x683.jpg\" alt=\"\" class=\"wp-image-85641\" srcset=\"https:\/\/diarioavanzada.com.mx\/wp-content\/uploads\/2025\/05\/Jovenes-del-IUBA-y-del-Gandhi-dan-recital-con-alas_c-1024x683.jpg 1024w, https:\/\/diarioavanzada.com.mx\/wp-content\/uploads\/2025\/05\/Jovenes-del-IUBA-y-del-Gandhi-dan-recital-con-alas_c-300x200.jpg 300w, https:\/\/diarioavanzada.com.mx\/wp-content\/uploads\/2025\/05\/Jovenes-del-IUBA-y-del-Gandhi-dan-recital-con-alas_c-768x512.jpg 768w, https:\/\/diarioavanzada.com.mx\/wp-content\/uploads\/2025\/05\/Jovenes-del-IUBA-y-del-Gandhi-dan-recital-con-alas_c-1536x1024.jpg 1536w, https:\/\/diarioavanzada.com.mx\/wp-content\/uploads\/2025\/05\/Jovenes-del-IUBA-y-del-Gandhi-dan-recital-con-alas_c-2048x1365.jpg 2048w, https:\/\/diarioavanzada.com.mx\/wp-content\/uploads\/2025\/05\/Jovenes-del-IUBA-y-del-Gandhi-dan-recital-con-alas_c-1200x800.jpg 1200w\" sizes=\"auto, (max-width: 1024px) 100vw, 1024px\" \/><\/figure>\n<div class=\"fb-background-color\">\n\t\t\t  <div \n\t\t\t  \tclass = \"fb-comments\" \n\t\t\t  \tdata-href = \"https:\/\/diarioavanzada.com.mx\/?p=85634\"\n\t\t\t  \tdata-numposts = \"10\"\n\t\t\t  \tdata-lazy = \"true\"\n\t\t\t\tdata-colorscheme = \"light\"\n\t\t\t\tdata-order-by = \"social\"\n\t\t\t\tdata-mobile=true>\n\t\t\t  <\/div><\/div>\n\t\t  <style>\n\t\t    .fb-background-color {\n\t\t\t\tbackground:  !important;\n\t\t\t}\n\t\t\t.fb_iframe_widget_fluid_desktop iframe {\n\t\t\t    width: 100% !important;\n\t\t\t}\n\t\t  <\/style>\n\t\t  ","protected":false},"excerpt":{"rendered":"<p>El director del IUBA dijo que el festival \u201csienta las bases para futuros proyectos conjuntos\u201d, y destac\u00f3 el compromiso del maestro Farulli \u201cy su generosa disposici\u00f3n para guiar a los estudiantes durante este curso especializado\u201d. Colima, M\u00e9xico, Comunicado (10\/05\/2025).- Como parte del festival de m\u00fasica \u201cSinfon\u00eda con alas\u201d, organizado por la Universidad de Colima a [&hellip;]<\/p>\n","protected":false},"author":7,"featured_media":85644,"comment_status":"closed","ping_status":"closed","sticky":false,"template":"","format":"standard","meta":{"_coblocks_attr":"","_coblocks_dimensions":"","_coblocks_responsive_height":"","_coblocks_accordion_ie_support":"","_crdt_document":"","advanced_seo_description":"","jetpack_seo_html_title":"","jetpack_seo_noindex":false,"_jetpack_memberships_contains_paid_content":false,"footnotes":""},"categories":[19,209,7],"tags":[],"class_list":["post-85634","post","type-post","status-publish","format-standard","has-post-thumbnail","hentry","category-colima","category-importantes","category-noticias"],"jetpack_featured_media_url":"https:\/\/diarioavanzada.com.mx\/wp-content\/uploads\/2025\/05\/10f96658-1b5b-4a6f-b9ad-23c06f0f39ec-1.jpg","jetpack-related-posts":[],"jetpack_sharing_enabled":true,"amp_enabled":true,"_links":{"self":[{"href":"https:\/\/diarioavanzada.com.mx\/index.php?rest_route=\/wp\/v2\/posts\/85634","targetHints":{"allow":["GET"]}}],"collection":[{"href":"https:\/\/diarioavanzada.com.mx\/index.php?rest_route=\/wp\/v2\/posts"}],"about":[{"href":"https:\/\/diarioavanzada.com.mx\/index.php?rest_route=\/wp\/v2\/types\/post"}],"author":[{"embeddable":true,"href":"https:\/\/diarioavanzada.com.mx\/index.php?rest_route=\/wp\/v2\/users\/7"}],"replies":[{"embeddable":true,"href":"https:\/\/diarioavanzada.com.mx\/index.php?rest_route=%2Fwp%2Fv2%2Fcomments&post=85634"}],"version-history":[{"count":3,"href":"https:\/\/diarioavanzada.com.mx\/index.php?rest_route=\/wp\/v2\/posts\/85634\/revisions"}],"predecessor-version":[{"id":85642,"href":"https:\/\/diarioavanzada.com.mx\/index.php?rest_route=\/wp\/v2\/posts\/85634\/revisions\/85642"}],"wp:featuredmedia":[{"embeddable":true,"href":"https:\/\/diarioavanzada.com.mx\/index.php?rest_route=\/wp\/v2\/media\/85644"}],"wp:attachment":[{"href":"https:\/\/diarioavanzada.com.mx\/index.php?rest_route=%2Fwp%2Fv2%2Fmedia&parent=85634"}],"wp:term":[{"taxonomy":"category","embeddable":true,"href":"https:\/\/diarioavanzada.com.mx\/index.php?rest_route=%2Fwp%2Fv2%2Fcategories&post=85634"},{"taxonomy":"post_tag","embeddable":true,"href":"https:\/\/diarioavanzada.com.mx\/index.php?rest_route=%2Fwp%2Fv2%2Ftags&post=85634"}],"curies":[{"name":"wp","href":"https:\/\/api.w.org\/{rel}","templated":true}]}}