{"id":85592,"date":"2025-05-10T08:01:04","date_gmt":"2025-05-10T14:01:04","guid":{"rendered":"https:\/\/diarioavanzada.com.mx\/?p=85592"},"modified":"2025-05-10T08:01:04","modified_gmt":"2025-05-10T14:01:04","slug":"saul-detenido-en-colima-con-armas-y-cargadores-sentenciado-a-seis-anos-ocho-meses-de-prision","status":"publish","type":"post","link":"https:\/\/diarioavanzada.com.mx\/?p=85592","title":{"rendered":"Sa\u00fal, detenido en Colima con armas y cargadores: sentenciado a seis a\u00f1os ocho meses de prisi\u00f3n"},"content":{"rendered":"\n<p class=\"p1 wp-block-paragraph\">Colima, M\u00e9xico, Avanzada (10\/05\/2025).- La Fiscal\u00eda General de la Rep\u00fablica (FGR), a trav\u00e9s de la Fiscal\u00eda Especializada de Control Regional (FECOR) en el estado de Colima, obtuvo sentencia condenatoria en contra de Sa\u00fal \u201cR\u201d por el delito de portaci\u00f3n de armas de fuego de uso exclusivo de las Fuerzas Armadas, con agravante.<\/p>\n\n\n\n<p class=\"p1 wp-block-paragraph\">De acuerdo con la carpeta de investigaci\u00f3n, elementos de la Polic\u00eda Estatal detuvieron a Sa\u00fal \u201cR\u201d en la colonia Residencial Esmeralda, en el municipio de Colima, Colima, luego de encontrarle en el veh\u00edculo en el que viajaba un fusil, un arma corta, dos cargadores y 43 cartuchos \u00fatiles.<\/p>\n\n\n\n<p class=\"p1 wp-block-paragraph\">Tras ser puesto a disposici\u00f3n de la Fiscal\u00eda Federal en la entidad, se integraron los elementos de prueba necesarios para que, en juicio oral, un juez de enjuiciamiento dictara sentencia. En audiencia presencial, se le impuso una pena de seis a\u00f1os ocho meses de prisi\u00f3n y una multa de 166 Unidades de Medida y Actualizaci\u00f3n (equivalentes a 15 mil 972 pesos con 52 centavos). Asimismo, se orden\u00f3 el decomiso de las armas y la suspensi\u00f3n de sus derechos pol\u00edticos y civiles.<\/p>\n<div class=\"fb-background-color\">\n\t\t\t  <div \n\t\t\t  \tclass = \"fb-comments\" \n\t\t\t  \tdata-href = \"https:\/\/diarioavanzada.com.mx\/?p=85592\"\n\t\t\t  \tdata-numposts = \"10\"\n\t\t\t  \tdata-lazy = \"true\"\n\t\t\t\tdata-colorscheme = \"light\"\n\t\t\t\tdata-order-by = \"social\"\n\t\t\t\tdata-mobile=true>\n\t\t\t  <\/div><\/div>\n\t\t  <style>\n\t\t    .fb-background-color {\n\t\t\t\tbackground:  !important;\n\t\t\t}\n\t\t\t.fb_iframe_widget_fluid_desktop iframe {\n\t\t\t    width: 100% !important;\n\t\t\t}\n\t\t  <\/style>\n\t\t  ","protected":false},"excerpt":{"rendered":"<p>Colima, M\u00e9xico, Avanzada (10\/05\/2025).- La Fiscal\u00eda General de la Rep\u00fablica (FGR), a trav\u00e9s de la Fiscal\u00eda Especializada de Control Regional (FECOR) en el estado de Colima, obtuvo sentencia condenatoria en contra de Sa\u00fal \u201cR\u201d por el delito de portaci\u00f3n de armas de fuego de uso exclusivo de las Fuerzas Armadas, con agravante. De acuerdo con [&hellip;]<\/p>\n","protected":false},"author":7,"featured_media":85591,"comment_status":"closed","ping_status":"closed","sticky":false,"template":"","format":"standard","meta":{"_coblocks_attr":"","_coblocks_dimensions":"","_coblocks_responsive_height":"","_coblocks_accordion_ie_support":"","_crdt_document":"","advanced_seo_description":"","jetpack_seo_html_title":"","jetpack_seo_noindex":false,"_jetpack_memberships_contains_paid_content":false,"footnotes":""},"categories":[19,209,7,231],"tags":[210],"class_list":["post-85592","post","type-post","status-publish","format-standard","has-post-thumbnail","hentry","category-colima","category-importantes","category-noticias","category-seguridad","tag-portada"],"jetpack_featured_media_url":"https:\/\/diarioavanzada.com.mx\/wp-content\/uploads\/2025\/05\/img_2743-1.png","jetpack-related-posts":[],"jetpack_sharing_enabled":true,"amp_enabled":true,"_links":{"self":[{"href":"https:\/\/diarioavanzada.com.mx\/index.php?rest_route=\/wp\/v2\/posts\/85592","targetHints":{"allow":["GET"]}}],"collection":[{"href":"https:\/\/diarioavanzada.com.mx\/index.php?rest_route=\/wp\/v2\/posts"}],"about":[{"href":"https:\/\/diarioavanzada.com.mx\/index.php?rest_route=\/wp\/v2\/types\/post"}],"author":[{"embeddable":true,"href":"https:\/\/diarioavanzada.com.mx\/index.php?rest_route=\/wp\/v2\/users\/7"}],"replies":[{"embeddable":true,"href":"https:\/\/diarioavanzada.com.mx\/index.php?rest_route=%2Fwp%2Fv2%2Fcomments&post=85592"}],"version-history":[{"count":0,"href":"https:\/\/diarioavanzada.com.mx\/index.php?rest_route=\/wp\/v2\/posts\/85592\/revisions"}],"wp:featuredmedia":[{"embeddable":true,"href":"https:\/\/diarioavanzada.com.mx\/index.php?rest_route=\/wp\/v2\/media\/85591"}],"wp:attachment":[{"href":"https:\/\/diarioavanzada.com.mx\/index.php?rest_route=%2Fwp%2Fv2%2Fmedia&parent=85592"}],"wp:term":[{"taxonomy":"category","embeddable":true,"href":"https:\/\/diarioavanzada.com.mx\/index.php?rest_route=%2Fwp%2Fv2%2Fcategories&post=85592"},{"taxonomy":"post_tag","embeddable":true,"href":"https:\/\/diarioavanzada.com.mx\/index.php?rest_route=%2Fwp%2Fv2%2Ftags&post=85592"}],"curies":[{"name":"wp","href":"https:\/\/api.w.org\/{rel}","templated":true}]}}