{"id":85590,"date":"2025-05-10T07:28:57","date_gmt":"2025-05-10T13:28:57","guid":{"rendered":"https:\/\/diarioavanzada.com.mx\/?p=85590"},"modified":"2025-05-10T07:28:57","modified_gmt":"2025-05-10T13:28:57","slug":"homenaje-a-las-madres-buscadoras","status":"publish","type":"post","link":"https:\/\/diarioavanzada.com.mx\/?p=85590","title":{"rendered":"Homenaje a las madres buscadoras"},"content":{"rendered":"\n<p class=\"s3 wp-block-paragraph\"><strong>Editorial<\/strong> <\/p>\n\n\n\n<p class=\"s3 wp-block-paragraph\">En medio de la crisis humanitaria que vive M\u00e9xico, donde la desaparici\u00f3n de personas alcanz\u00f3 niveles alarmantes, hay un grupo de mujeres que se convirtieron en un ejemplo de resistencia, amor y determinaci\u00f3n. Las madres buscadoras de Colima y de todo M\u00e9xico son un s\u00edmbolo de la lucha por la verdad y la justicia en un pa\u00eds donde la impunidad y la indolencia de las autoridades parecen ser la norma.<\/p>\n\n\n\n<p class=\"s3 wp-block-paragraph\">Estas mujeres, que han perdido a sus seres queridos en circunstancias tr\u00e1gicas, decidieron tomar las riendas de su dolor y convertirlo en una fuerza para buscar a sus desaparecidos. A pesar de la falta de apoyo y recursos, han logrado encontrar restos humanos y darles un entierro digno a sus seres queridos. Su labor es invaluable y merece ser reconocida y apoyada.<\/p>\n\n\n\n<p class=\"s3 wp-block-paragraph\">La tarea de buscar a los desaparecidos es un trabajo que deber\u00eda corresponder al gobierno, pero la realidad es que las autoridades han fallado en su deber de proteger y buscar a las personas desaparecidas. En su lugar, han sido las madres buscadoras quienes asumieron esta responsabilidad, enfrentando peligros y obst\u00e1culos en su b\u00fasqueda de la verdad.<\/p>\n\n\n\n<p class=\"s3 wp-block-paragraph\">La historia de cada madre buscadora es un testimonio de la resiliencia y la fortaleza humana. Son capaces de transformar su dolor en una fuerza para luchar por la justicia y la verdad, a pesar de la indiferencia y la burocracia que a menudo enfrentan. Su labor no solo es un homenaje a sus seres queridos desaparecidos, sino tambi\u00e9n un recordatorio de la responsabilidad que tiene el Estado de proteger a sus ciudadanos.<\/p>\n\n\n\n<p class=\"s3 wp-block-paragraph\">En Colima, estas mujeres han demostrado una determinaci\u00f3n inquebrantable en su b\u00fasqueda de la verdad. Han recorrido caminos peligrosos, han excavado en lugares inh\u00f3spitos y han enfrentado la indiferencia de las autoridades. Sin embargo, su perseverancia construye a que algunas familias puedan cerrar un cap\u00edtulo doloroso de sus vidas y encontrar un sentido de justicia.<\/p>\n\n\n\n<p class=\"s3 wp-block-paragraph\">La labor de las madres buscadoras es un ejemplo de c\u00f3mo la sociedad civil puede movilizarse y exigir justicia en un contexto de crisis humanitaria. Su trabajo es la evidencia de que la b\u00fasqueda de la verdad y la justicia no es solo una responsabilidad del Estado, sino tambi\u00e9n de la sociedad en su conjunto.<\/p>\n\n\n\n<p class=\"s3 wp-block-paragraph\">En este sentido, es fundamental que se reconozca y se apoye la labor de las madres buscadoras. El gobierno debe asumir su responsabilidad y proporcionar los recursos y el apoyo necesarios para que estas mujeres puedan continuar su b\u00fasqueda de manera segura y efectiva. La sociedad en general tambi\u00e9n debe solidarizarse con ellas y reconocer su valiosa contribuci\u00f3n a la lucha por la verdad y la justicia.<\/p>\n\n\n\n<p class=\"s3 wp-block-paragraph\">Las madres buscadoras de Colima y de todo M\u00e9xico son un ejemplo de resistencia y determinaci\u00f3n en un contexto de crisis humanitaria. Su labor es invaluable y merece ser reconocida y apoyada. Es hora de que el gobierno y la sociedad en general asuman su responsabilidad y trabajen juntos para encontrar a los desaparecidos y hacer justicia. Solo as\u00ed se podr\u00e1 garantizar que las familias de las v\u00edctimas puedan encontrar la paz y la tranquilidad que merecen.<\/p>\n\n\n\n<p class=\"s3 wp-block-paragraph\">Este s\u00e1bado 10 de mayo, D\u00eda de las Madres, a las 4:30 de la tarde, la Red Desaparecidos en Colima A.C. realizar\u00e1 un evento por las madres buscadoras y desaparecidas, con una misa, un pronunciamiento y testimonios de las familias buscadoras, en la Plaza de la Personas desaparecidas, ubicada en el espacio destinado a la Rotonda de Colimenses Ilustres, en el parque de la Piedra Lisa.<\/p>\n<div class=\"fb-background-color\">\n\t\t\t  <div \n\t\t\t  \tclass = \"fb-comments\" \n\t\t\t  \tdata-href = \"https:\/\/diarioavanzada.com.mx\/?p=85590\"\n\t\t\t  \tdata-numposts = \"10\"\n\t\t\t  \tdata-lazy = \"true\"\n\t\t\t\tdata-colorscheme = \"light\"\n\t\t\t\tdata-order-by = \"social\"\n\t\t\t\tdata-mobile=true>\n\t\t\t  <\/div><\/div>\n\t\t  <style>\n\t\t    .fb-background-color {\n\t\t\t\tbackground:  !important;\n\t\t\t}\n\t\t\t.fb_iframe_widget_fluid_desktop iframe {\n\t\t\t    width: 100% !important;\n\t\t\t}\n\t\t  <\/style>\n\t\t  ","protected":false},"excerpt":{"rendered":"<p>Editorial En medio de la crisis humanitaria que vive M\u00e9xico, donde la desaparici\u00f3n de personas alcanz\u00f3 niveles alarmantes, hay un grupo de mujeres que se convirtieron en un ejemplo de resistencia, amor y determinaci\u00f3n. Las madres buscadoras de Colima y de todo M\u00e9xico son un s\u00edmbolo de la lucha por la verdad y la justicia [&hellip;]<\/p>\n","protected":false},"author":7,"featured_media":85589,"comment_status":"closed","ping_status":"closed","sticky":false,"template":"","format":"standard","meta":{"_coblocks_attr":"","_coblocks_dimensions":"","_coblocks_responsive_height":"","_coblocks_accordion_ie_support":"","_crdt_document":"","advanced_seo_description":"","jetpack_seo_html_title":"","jetpack_seo_noindex":false,"_jetpack_memberships_contains_paid_content":false,"footnotes":""},"categories":[19,209,7],"tags":[210],"class_list":["post-85590","post","type-post","status-publish","format-standard","has-post-thumbnail","hentry","category-colima","category-importantes","category-noticias","tag-portada"],"jetpack_featured_media_url":"https:\/\/diarioavanzada.com.mx\/wp-content\/uploads\/2025\/05\/img_1874-1.jpg","jetpack-related-posts":[],"jetpack_sharing_enabled":true,"amp_enabled":true,"_links":{"self":[{"href":"https:\/\/diarioavanzada.com.mx\/index.php?rest_route=\/wp\/v2\/posts\/85590","targetHints":{"allow":["GET"]}}],"collection":[{"href":"https:\/\/diarioavanzada.com.mx\/index.php?rest_route=\/wp\/v2\/posts"}],"about":[{"href":"https:\/\/diarioavanzada.com.mx\/index.php?rest_route=\/wp\/v2\/types\/post"}],"author":[{"embeddable":true,"href":"https:\/\/diarioavanzada.com.mx\/index.php?rest_route=\/wp\/v2\/users\/7"}],"replies":[{"embeddable":true,"href":"https:\/\/diarioavanzada.com.mx\/index.php?rest_route=%2Fwp%2Fv2%2Fcomments&post=85590"}],"version-history":[{"count":0,"href":"https:\/\/diarioavanzada.com.mx\/index.php?rest_route=\/wp\/v2\/posts\/85590\/revisions"}],"wp:featuredmedia":[{"embeddable":true,"href":"https:\/\/diarioavanzada.com.mx\/index.php?rest_route=\/wp\/v2\/media\/85589"}],"wp:attachment":[{"href":"https:\/\/diarioavanzada.com.mx\/index.php?rest_route=%2Fwp%2Fv2%2Fmedia&parent=85590"}],"wp:term":[{"taxonomy":"category","embeddable":true,"href":"https:\/\/diarioavanzada.com.mx\/index.php?rest_route=%2Fwp%2Fv2%2Fcategories&post=85590"},{"taxonomy":"post_tag","embeddable":true,"href":"https:\/\/diarioavanzada.com.mx\/index.php?rest_route=%2Fwp%2Fv2%2Ftags&post=85590"}],"curies":[{"name":"wp","href":"https:\/\/api.w.org\/{rel}","templated":true}]}}