{"id":85568,"date":"2025-05-09T20:25:52","date_gmt":"2025-05-10T02:25:52","guid":{"rendered":"https:\/\/diarioavanzada.com.mx\/?p=85568"},"modified":"2025-05-09T20:26:07","modified_gmt":"2025-05-10T02:26:07","slug":"estudiantes-del-bachillerato-7-toman-taller-internacional-sobre-geometria","status":"publish","type":"post","link":"https:\/\/diarioavanzada.com.mx\/?p=85568","title":{"rendered":"Estudiantes del Bachillerato 7 toman taller internacional sobre geometr\u00eda"},"content":{"rendered":"\n<p class=\"wp-block-paragraph\"><em>Fue impartido por el Mtro. \u00c1ngel Leonardo Cubides Quevedo, docente de la Facultad de Educaci\u00f3n de la Universidad Pedag\u00f3gica y Tecnol\u00f3gica de Colombia.<\/em><\/p>\n\n\n\n<p class=\"wp-block-paragraph\">Colima, M\u00e9xico, Comunicado (09\/05\/2025).- Con el prop\u00f3sito de reforzar los aprendizajes adquiridos en la asignatura de Matem\u00e1ticas IV, 56 estudiantes de cuarto semestre del Bachillerato 7 de la Universidad de Colima, ubicado en Armer\u00eda, participaron esta semana en el taller virtual: \u201cConstrucci\u00f3n geom\u00e9trica de la elipse a partir de situaciones did\u00e1cticas\u201d, impartido por el Mtro. \u00c1ngel Leonardo Cubides Quevedo, docente de la Facultad de Educaci\u00f3n de la Universidad Pedag\u00f3gica y Tecnol\u00f3gica de Colombia, campus Tunja.<\/p>\n\n\n\n<p class=\"wp-block-paragraph\">Durante la actividad, el especialista en matem\u00e1ticas explic\u00f3 de manera pr\u00e1ctica y did\u00e1ctica qu\u00e9 es una elipse, c\u00f3mo se determina su circunferencia, en qu\u00e9 lugares es posible encontrar esta figura y cu\u00e1l es su utilidad en la vida cotidiana. El taller fue gestionado por la direcci\u00f3n del plantel como parte de una estrategia para enriquecer la formaci\u00f3n de las y los estudiantes del Bachillerato General a trav\u00e9s del contacto con especialistas internacionales.<\/p>\n\n\n\n<p class=\"wp-block-paragraph\">Al t\u00e9rmino de la sesi\u00f3n, la estudiante Osiris Tinajero coment\u00f3 que esta experiencia le permiti\u00f3 conocer nuevas formas de trazar la elipse y comprender su aplicaci\u00f3n en diversos contextos, lo que la motiva a seguir profundizando en el estudio de las matem\u00e1ticas. Por su parte, Nicole Zepeda destac\u00f3 que, gracias a los ejemplos did\u00e1cticos utilizados, le fue posible comprender un tema que suele parecer complicado, lo que hizo de esta actividad una experiencia enriquecedora.<\/p>\n\n\n\n<p class=\"wp-block-paragraph\">Este taller forma parte de una serie de actividades acad\u00e9micas que buscan establecer v\u00ednculos con especialistas de otros pa\u00edses para seguir fortaleciendo las competencias de las y los estudiantes en distintas asignaturas, de acuerdo con el director del plantel, Mtro. Jes\u00fas An\u00e1rbol Cayeros S\u00e1nchez.<\/p>\n\n\n\n<figure class=\"wp-block-image size-large\"><img loading=\"lazy\" decoding=\"async\" width=\"1024\" height=\"768\" src=\"https:\/\/diarioavanzada.com.mx\/wp-content\/uploads\/2025\/05\/Taller-internacional-sobre-geometria-en-el-Bach-7-1-1024x768.jpg\" alt=\"\" class=\"wp-image-85571\" srcset=\"https:\/\/diarioavanzada.com.mx\/wp-content\/uploads\/2025\/05\/Taller-internacional-sobre-geometria-en-el-Bach-7-1-1024x768.jpg 1024w, https:\/\/diarioavanzada.com.mx\/wp-content\/uploads\/2025\/05\/Taller-internacional-sobre-geometria-en-el-Bach-7-1-300x225.jpg 300w, https:\/\/diarioavanzada.com.mx\/wp-content\/uploads\/2025\/05\/Taller-internacional-sobre-geometria-en-el-Bach-7-1-768x576.jpg 768w, https:\/\/diarioavanzada.com.mx\/wp-content\/uploads\/2025\/05\/Taller-internacional-sobre-geometria-en-el-Bach-7-1-1536x1152.jpg 1536w, https:\/\/diarioavanzada.com.mx\/wp-content\/uploads\/2025\/05\/Taller-internacional-sobre-geometria-en-el-Bach-7-1-1200x900.jpg?crop=1 1200w, https:\/\/diarioavanzada.com.mx\/wp-content\/uploads\/2025\/05\/Taller-internacional-sobre-geometria-en-el-Bach-7-1-800x600.jpg?crop=1 800w, https:\/\/diarioavanzada.com.mx\/wp-content\/uploads\/2025\/05\/Taller-internacional-sobre-geometria-en-el-Bach-7-1-600x450.jpg?crop=1 600w, https:\/\/diarioavanzada.com.mx\/wp-content\/uploads\/2025\/05\/Taller-internacional-sobre-geometria-en-el-Bach-7-1-400x300.jpg?crop=1 400w, https:\/\/diarioavanzada.com.mx\/wp-content\/uploads\/2025\/05\/Taller-internacional-sobre-geometria-en-el-Bach-7-1-200x150.jpg?crop=1 200w, https:\/\/diarioavanzada.com.mx\/wp-content\/uploads\/2025\/05\/Taller-internacional-sobre-geometria-en-el-Bach-7-1.jpg 1600w\" sizes=\"auto, (max-width: 1024px) 100vw, 1024px\" \/><\/figure>\n\n\n\n<figure class=\"wp-block-image size-large\"><img loading=\"lazy\" decoding=\"async\" width=\"1024\" height=\"768\" src=\"https:\/\/diarioavanzada.com.mx\/wp-content\/uploads\/2025\/05\/Taller-internacional-sobre-geometria-en-el-Bach-7_d-1024x768.jpg\" alt=\"\" class=\"wp-image-85572\" srcset=\"https:\/\/diarioavanzada.com.mx\/wp-content\/uploads\/2025\/05\/Taller-internacional-sobre-geometria-en-el-Bach-7_d-1024x768.jpg 1024w, https:\/\/diarioavanzada.com.mx\/wp-content\/uploads\/2025\/05\/Taller-internacional-sobre-geometria-en-el-Bach-7_d-300x225.jpg 300w, https:\/\/diarioavanzada.com.mx\/wp-content\/uploads\/2025\/05\/Taller-internacional-sobre-geometria-en-el-Bach-7_d-768x576.jpg 768w, https:\/\/diarioavanzada.com.mx\/wp-content\/uploads\/2025\/05\/Taller-internacional-sobre-geometria-en-el-Bach-7_d-1536x1152.jpg 1536w, https:\/\/diarioavanzada.com.mx\/wp-content\/uploads\/2025\/05\/Taller-internacional-sobre-geometria-en-el-Bach-7_d-1200x900.jpg?crop=1 1200w, https:\/\/diarioavanzada.com.mx\/wp-content\/uploads\/2025\/05\/Taller-internacional-sobre-geometria-en-el-Bach-7_d-800x600.jpg?crop=1 800w, https:\/\/diarioavanzada.com.mx\/wp-content\/uploads\/2025\/05\/Taller-internacional-sobre-geometria-en-el-Bach-7_d-600x450.jpg?crop=1 600w, https:\/\/diarioavanzada.com.mx\/wp-content\/uploads\/2025\/05\/Taller-internacional-sobre-geometria-en-el-Bach-7_d-400x300.jpg?crop=1 400w, https:\/\/diarioavanzada.com.mx\/wp-content\/uploads\/2025\/05\/Taller-internacional-sobre-geometria-en-el-Bach-7_d-200x150.jpg?crop=1 200w, https:\/\/diarioavanzada.com.mx\/wp-content\/uploads\/2025\/05\/Taller-internacional-sobre-geometria-en-el-Bach-7_d.jpg 1600w\" sizes=\"auto, (max-width: 1024px) 100vw, 1024px\" \/><\/figure>\n\n\n\n<figure class=\"wp-block-image size-large\"><img loading=\"lazy\" decoding=\"async\" width=\"1024\" height=\"768\" src=\"https:\/\/diarioavanzada.com.mx\/wp-content\/uploads\/2025\/05\/Taller-internacional-sobre-geometria-en-el-Bach-7_b-1024x768.jpg\" alt=\"\" class=\"wp-image-85574\" srcset=\"https:\/\/diarioavanzada.com.mx\/wp-content\/uploads\/2025\/05\/Taller-internacional-sobre-geometria-en-el-Bach-7_b-1024x768.jpg 1024w, https:\/\/diarioavanzada.com.mx\/wp-content\/uploads\/2025\/05\/Taller-internacional-sobre-geometria-en-el-Bach-7_b-300x225.jpg 300w, https:\/\/diarioavanzada.com.mx\/wp-content\/uploads\/2025\/05\/Taller-internacional-sobre-geometria-en-el-Bach-7_b-768x576.jpg 768w, https:\/\/diarioavanzada.com.mx\/wp-content\/uploads\/2025\/05\/Taller-internacional-sobre-geometria-en-el-Bach-7_b-1536x1152.jpg 1536w, https:\/\/diarioavanzada.com.mx\/wp-content\/uploads\/2025\/05\/Taller-internacional-sobre-geometria-en-el-Bach-7_b-1200x900.jpg?crop=1 1200w, https:\/\/diarioavanzada.com.mx\/wp-content\/uploads\/2025\/05\/Taller-internacional-sobre-geometria-en-el-Bach-7_b-800x600.jpg?crop=1 800w, https:\/\/diarioavanzada.com.mx\/wp-content\/uploads\/2025\/05\/Taller-internacional-sobre-geometria-en-el-Bach-7_b-600x450.jpg?crop=1 600w, https:\/\/diarioavanzada.com.mx\/wp-content\/uploads\/2025\/05\/Taller-internacional-sobre-geometria-en-el-Bach-7_b-400x300.jpg?crop=1 400w, https:\/\/diarioavanzada.com.mx\/wp-content\/uploads\/2025\/05\/Taller-internacional-sobre-geometria-en-el-Bach-7_b-200x150.jpg?crop=1 200w, https:\/\/diarioavanzada.com.mx\/wp-content\/uploads\/2025\/05\/Taller-internacional-sobre-geometria-en-el-Bach-7_b.jpg 1600w\" sizes=\"auto, (max-width: 1024px) 100vw, 1024px\" \/><\/figure>\n\n\n\n<figure class=\"wp-block-image size-large\"><img loading=\"lazy\" decoding=\"async\" width=\"1024\" height=\"768\" src=\"https:\/\/diarioavanzada.com.mx\/wp-content\/uploads\/2025\/05\/Taller-internacional-sobre-geometria-en-el-Bach-7_c-1024x768.jpg\" alt=\"\" class=\"wp-image-85575\" srcset=\"https:\/\/diarioavanzada.com.mx\/wp-content\/uploads\/2025\/05\/Taller-internacional-sobre-geometria-en-el-Bach-7_c-1024x768.jpg 1024w, https:\/\/diarioavanzada.com.mx\/wp-content\/uploads\/2025\/05\/Taller-internacional-sobre-geometria-en-el-Bach-7_c-300x225.jpg 300w, https:\/\/diarioavanzada.com.mx\/wp-content\/uploads\/2025\/05\/Taller-internacional-sobre-geometria-en-el-Bach-7_c-768x576.jpg 768w, https:\/\/diarioavanzada.com.mx\/wp-content\/uploads\/2025\/05\/Taller-internacional-sobre-geometria-en-el-Bach-7_c-1536x1152.jpg 1536w, https:\/\/diarioavanzada.com.mx\/wp-content\/uploads\/2025\/05\/Taller-internacional-sobre-geometria-en-el-Bach-7_c-1200x900.jpg?crop=1 1200w, https:\/\/diarioavanzada.com.mx\/wp-content\/uploads\/2025\/05\/Taller-internacional-sobre-geometria-en-el-Bach-7_c-800x600.jpg?crop=1 800w, https:\/\/diarioavanzada.com.mx\/wp-content\/uploads\/2025\/05\/Taller-internacional-sobre-geometria-en-el-Bach-7_c-600x450.jpg?crop=1 600w, https:\/\/diarioavanzada.com.mx\/wp-content\/uploads\/2025\/05\/Taller-internacional-sobre-geometria-en-el-Bach-7_c-400x300.jpg?crop=1 400w, https:\/\/diarioavanzada.com.mx\/wp-content\/uploads\/2025\/05\/Taller-internacional-sobre-geometria-en-el-Bach-7_c-200x150.jpg?crop=1 200w, https:\/\/diarioavanzada.com.mx\/wp-content\/uploads\/2025\/05\/Taller-internacional-sobre-geometria-en-el-Bach-7_c.jpg 1600w\" sizes=\"auto, (max-width: 1024px) 100vw, 1024px\" \/><\/figure>\n<div class=\"fb-background-color\">\n\t\t\t  <div \n\t\t\t  \tclass = \"fb-comments\" \n\t\t\t  \tdata-href = \"https:\/\/diarioavanzada.com.mx\/?p=85568\"\n\t\t\t  \tdata-numposts = \"10\"\n\t\t\t  \tdata-lazy = \"true\"\n\t\t\t\tdata-colorscheme = \"light\"\n\t\t\t\tdata-order-by = \"social\"\n\t\t\t\tdata-mobile=true>\n\t\t\t  <\/div><\/div>\n\t\t  <style>\n\t\t    .fb-background-color {\n\t\t\t\tbackground:  !important;\n\t\t\t}\n\t\t\t.fb_iframe_widget_fluid_desktop iframe {\n\t\t\t    width: 100% !important;\n\t\t\t}\n\t\t  <\/style>\n\t\t  ","protected":false},"excerpt":{"rendered":"<p>Fue impartido por el Mtro. \u00c1ngel Leonardo Cubides Quevedo, docente de la Facultad de Educaci\u00f3n de la Universidad Pedag\u00f3gica y Tecnol\u00f3gica de Colombia. Colima, M\u00e9xico, Comunicado (09\/05\/2025).- Con el prop\u00f3sito de reforzar los aprendizajes adquiridos en la asignatura de Matem\u00e1ticas IV, 56 estudiantes de cuarto semestre del Bachillerato 7 de la Universidad de Colima, ubicado [&hellip;]<\/p>\n","protected":false},"author":7,"featured_media":85579,"comment_status":"closed","ping_status":"closed","sticky":false,"template":"","format":"standard","meta":{"_coblocks_attr":"","_coblocks_dimensions":"","_coblocks_responsive_height":"","_coblocks_accordion_ie_support":"","_crdt_document":"","advanced_seo_description":"","jetpack_seo_html_title":"","jetpack_seo_noindex":false,"_jetpack_memberships_contains_paid_content":false,"footnotes":""},"categories":[19,209,7],"tags":[],"class_list":["post-85568","post","type-post","status-publish","format-standard","has-post-thumbnail","hentry","category-colima","category-importantes","category-noticias"],"jetpack_featured_media_url":"https:\/\/diarioavanzada.com.mx\/wp-content\/uploads\/2025\/05\/2f3d1a5f-1fd8-4035-9579-d1e998f37f41-1.jpg","jetpack-related-posts":[],"jetpack_sharing_enabled":true,"amp_enabled":true,"_links":{"self":[{"href":"https:\/\/diarioavanzada.com.mx\/index.php?rest_route=\/wp\/v2\/posts\/85568","targetHints":{"allow":["GET"]}}],"collection":[{"href":"https:\/\/diarioavanzada.com.mx\/index.php?rest_route=\/wp\/v2\/posts"}],"about":[{"href":"https:\/\/diarioavanzada.com.mx\/index.php?rest_route=\/wp\/v2\/types\/post"}],"author":[{"embeddable":true,"href":"https:\/\/diarioavanzada.com.mx\/index.php?rest_route=\/wp\/v2\/users\/7"}],"replies":[{"embeddable":true,"href":"https:\/\/diarioavanzada.com.mx\/index.php?rest_route=%2Fwp%2Fv2%2Fcomments&post=85568"}],"version-history":[{"count":5,"href":"https:\/\/diarioavanzada.com.mx\/index.php?rest_route=\/wp\/v2\/posts\/85568\/revisions"}],"predecessor-version":[{"id":85580,"href":"https:\/\/diarioavanzada.com.mx\/index.php?rest_route=\/wp\/v2\/posts\/85568\/revisions\/85580"}],"wp:featuredmedia":[{"embeddable":true,"href":"https:\/\/diarioavanzada.com.mx\/index.php?rest_route=\/wp\/v2\/media\/85579"}],"wp:attachment":[{"href":"https:\/\/diarioavanzada.com.mx\/index.php?rest_route=%2Fwp%2Fv2%2Fmedia&parent=85568"}],"wp:term":[{"taxonomy":"category","embeddable":true,"href":"https:\/\/diarioavanzada.com.mx\/index.php?rest_route=%2Fwp%2Fv2%2Fcategories&post=85568"},{"taxonomy":"post_tag","embeddable":true,"href":"https:\/\/diarioavanzada.com.mx\/index.php?rest_route=%2Fwp%2Fv2%2Ftags&post=85568"}],"curies":[{"name":"wp","href":"https:\/\/api.w.org\/{rel}","templated":true}]}}