{"id":85547,"date":"2025-05-09T17:38:00","date_gmt":"2025-05-09T23:38:00","guid":{"rendered":"https:\/\/diarioavanzada.com.mx\/?p=85547"},"modified":"2025-05-09T17:38:00","modified_gmt":"2025-05-09T23:38:00","slug":"comando-armado-irrumpe-en-la-casa-de-maria-dolores-y-la-secuestra-en-sinaloa","status":"publish","type":"post","link":"https:\/\/diarioavanzada.com.mx\/?p=85547","title":{"rendered":"Comando armado irrumpe en la casa de Mar\u00eda Dolores y la secuestra en Sinaloa"},"content":{"rendered":"\n<p class=\"p1 wp-block-paragraph\">Sinaloa, M\u00e9xico, Avanzada (09\/05\/2025).- La ma\u00f1ana del jueves 9 de mayo comenz\u00f3 como cualquier otra para Mar\u00eda Dolores Pati\u00f1o Moreno, una mujer de 46 a\u00f1os conocida en su comunidad por su incansable labor en defensa de los animales. Sin embargo, ese d\u00eda su historia cambi\u00f3 repentinamente cuando un grupo armado irrumpi\u00f3 violentamente en la colonia 5 de Mayo, en el oriente de Culiac\u00e1n, y desde entonces, no se sabe nada de ella.<\/p>\n\n\n\n<p class=\"p1 wp-block-paragraph\">Mar\u00eda Dolores fue vista por \u00faltima vez alrededor de las 10:00 a.m., mientras preparaba el desayuno en la casa de una amiga. Seg\u00fan el testimonio de su hija, Sof\u00eda, los atacantes entraron a varias viviendas de la zona, incluida aquella en la que su madre se encontraba, y tras ese momento, su paradero se convirti\u00f3 en un doloroso misterio.<\/p>\n\n\n\n<p class=\"p1 wp-block-paragraph\">\u201cMi mam\u00e1 nunca ha estado involucrada en nada ajeno a su labor como protectora de los animales; su \u00fanico \u2018arma\u2019 siempre ha sido el amor y la dedicaci\u00f3n hacia quienes no tienen voz. Solo queremos traerla de vuelta a casa\u201d, escribi\u00f3 Sof\u00eda en redes sociales, en un conmovedor llamado a la solidaridad de la comunidad.<\/p>\n\n\n\n<p class=\"p1 wp-block-paragraph\">La Comisi\u00f3n Estatal de B\u00fasqueda de Personas emiti\u00f3 una ficha de b\u00fasqueda con el folio RZC-0360-2025, que describe a Mar\u00eda Dolores como una mujer de tez morena, complexi\u00f3n robusta y cabello ondulado de tono casta\u00f1o oscuro. Como se\u00f1as particulares, presenta una limitaci\u00f3n de movimiento en la mano izquierda y un lunar en forma de coraz\u00f3n en la rodilla derecha. Al momento de su desaparici\u00f3n, vest\u00eda una blusa negra de botones y pantal\u00f3n de mezclilla oscuro.<\/p>\n\n\n\n<p class=\"p1 wp-block-paragraph\">El silencio que sigue a su desaparici\u00f3n dej\u00f3 un profundo vac\u00edo entre sus seres queridos y aquellos que conocieron su entrega hacia los animales. Sof\u00eda, aferrada a la esperanza de reencontrar a su madre, contin\u00faa exigiendo respuestas y justicia, mientras amigos, familiares y organizaciones se unen para amplificar su voz.<\/p>\n\n\n\n<p class=\"p1 wp-block-paragraph\">\u201cSolo queremos que vuelva a casa. Que vuelva a llenar nuestros d\u00edas con su risa, su fuerza y su amor por aquellos que no tienen voz\u201d, concluye el mensaje de Sof\u00eda, convertido ya en un grito desesperado que espera ser escuchado.<\/p>\n\n\n\n<p class=\"wp-block-paragraph\"><\/p>\n<div class=\"fb-background-color\">\n\t\t\t  <div \n\t\t\t  \tclass = \"fb-comments\" \n\t\t\t  \tdata-href = \"https:\/\/diarioavanzada.com.mx\/?p=85547\"\n\t\t\t  \tdata-numposts = \"10\"\n\t\t\t  \tdata-lazy = \"true\"\n\t\t\t\tdata-colorscheme = \"light\"\n\t\t\t\tdata-order-by = \"social\"\n\t\t\t\tdata-mobile=true>\n\t\t\t  <\/div><\/div>\n\t\t  <style>\n\t\t    .fb-background-color {\n\t\t\t\tbackground:  !important;\n\t\t\t}\n\t\t\t.fb_iframe_widget_fluid_desktop iframe {\n\t\t\t    width: 100% !important;\n\t\t\t}\n\t\t  <\/style>\n\t\t  ","protected":false},"excerpt":{"rendered":"<p>Sinaloa, M\u00e9xico, Avanzada (09\/05\/2025).- La ma\u00f1ana del jueves 9 de mayo comenz\u00f3 como cualquier otra para Mar\u00eda Dolores Pati\u00f1o Moreno, una mujer de 46 a\u00f1os conocida en su comunidad por su incansable labor en defensa de los animales. Sin embargo, ese d\u00eda su historia cambi\u00f3 repentinamente cuando un grupo armado irrumpi\u00f3 violentamente en la colonia [&hellip;]<\/p>\n","protected":false},"author":7,"featured_media":85546,"comment_status":"closed","ping_status":"closed","sticky":false,"template":"","format":"standard","meta":{"_coblocks_attr":"","_coblocks_dimensions":"","_coblocks_responsive_height":"","_coblocks_accordion_ie_support":"","_crdt_document":"","advanced_seo_description":"","jetpack_seo_html_title":"","jetpack_seo_noindex":false,"_jetpack_memberships_contains_paid_content":false,"footnotes":""},"categories":[22,7,231],"tags":[],"class_list":["post-85547","post","type-post","status-publish","format-standard","has-post-thumbnail","hentry","category-nacion","category-noticias","category-seguridad"],"jetpack_featured_media_url":"https:\/\/diarioavanzada.com.mx\/wp-content\/uploads\/2025\/05\/img_3094-1.png","jetpack-related-posts":[],"jetpack_sharing_enabled":true,"amp_enabled":true,"_links":{"self":[{"href":"https:\/\/diarioavanzada.com.mx\/index.php?rest_route=\/wp\/v2\/posts\/85547","targetHints":{"allow":["GET"]}}],"collection":[{"href":"https:\/\/diarioavanzada.com.mx\/index.php?rest_route=\/wp\/v2\/posts"}],"about":[{"href":"https:\/\/diarioavanzada.com.mx\/index.php?rest_route=\/wp\/v2\/types\/post"}],"author":[{"embeddable":true,"href":"https:\/\/diarioavanzada.com.mx\/index.php?rest_route=\/wp\/v2\/users\/7"}],"replies":[{"embeddable":true,"href":"https:\/\/diarioavanzada.com.mx\/index.php?rest_route=%2Fwp%2Fv2%2Fcomments&post=85547"}],"version-history":[{"count":1,"href":"https:\/\/diarioavanzada.com.mx\/index.php?rest_route=\/wp\/v2\/posts\/85547\/revisions"}],"predecessor-version":[{"id":85548,"href":"https:\/\/diarioavanzada.com.mx\/index.php?rest_route=\/wp\/v2\/posts\/85547\/revisions\/85548"}],"wp:featuredmedia":[{"embeddable":true,"href":"https:\/\/diarioavanzada.com.mx\/index.php?rest_route=\/wp\/v2\/media\/85546"}],"wp:attachment":[{"href":"https:\/\/diarioavanzada.com.mx\/index.php?rest_route=%2Fwp%2Fv2%2Fmedia&parent=85547"}],"wp:term":[{"taxonomy":"category","embeddable":true,"href":"https:\/\/diarioavanzada.com.mx\/index.php?rest_route=%2Fwp%2Fv2%2Fcategories&post=85547"},{"taxonomy":"post_tag","embeddable":true,"href":"https:\/\/diarioavanzada.com.mx\/index.php?rest_route=%2Fwp%2Fv2%2Ftags&post=85547"}],"curies":[{"name":"wp","href":"https:\/\/api.w.org\/{rel}","templated":true}]}}