{"id":85481,"date":"2025-05-08T20:52:06","date_gmt":"2025-05-09T02:52:06","guid":{"rendered":"https:\/\/diarioavanzada.com.mx\/?p=85481"},"modified":"2025-05-08T20:52:06","modified_gmt":"2025-05-09T02:52:06","slug":"invitan-a-celebrar-la-pertenencia-a-la-udec","status":"publish","type":"post","link":"https:\/\/diarioavanzada.com.mx\/?p=85481","title":{"rendered":"Invitan a celebrar la pertenencia a la UdeC"},"content":{"rendered":"\n<p class=\"wp-block-paragraph\"><em>\u201cEs una experiencia significativa que busca recordar el camino recorrido, reconocer lo construido y proyectar, desde el orgullo de ser UdeC, nuevas oportunidades de colaboraci\u00f3n entre la Universidad y sus egresados\u201d: Carolina Venegas.<\/em><\/p>\n\n\n\n<p class=\"wp-block-paragraph\">Colima, M\u00e9xico, Comunicado (08\/05\/2025).- Con el prop\u00f3sito de fortalecer los lazos entre la Universidad de Colima (UdeC) y su comunidad de egresadas y egresados, la Federaci\u00f3n de Egresados de la Universidad de Colima (FEUC), en el marco de su 40 aniversario, invita a participar en la tradicional cena \u201cReencuentro de historias\u201d, para celebrar la identidad, pertenencia y el orgullo universitario.<\/p>\n\n\n\n<p class=\"wp-block-paragraph\">El evento se realizar\u00e1 este viernes 23 de mayo, a las 8 de la noche, en la explanada de la Facultad de Contabilidad y Administraci\u00f3n en Colima, campus central.<\/p>\n\n\n\n<p class=\"wp-block-paragraph\">En un ambiente festivo, la cena reunir\u00e1 a distintas generaciones de profesionistas formados en las aulas de la UdeC, en una noche que promete estar llena de memorias y el deseo de reencontrarse, compartir y renovar los v\u00ednculos con la instituci\u00f3n que transform\u00f3 sus vidas.<\/p>\n\n\n\n<p class=\"wp-block-paragraph\">En entrevista, Carolina Venegas Ochoa, presidenta de la Federaci\u00f3n de Egresados, destac\u00f3 que este reencuentro de historias es m\u00e1s que una cena: \u201ces una experiencia significativa que busca recordar el camino recorrido, reconocer lo construido y proyectar, desde el orgullo de ser UdeC, nuevas oportunidades de colaboraci\u00f3n entre la Universidad y sus egresados\u201d.<\/p>\n\n\n\n<p class=\"wp-block-paragraph\">La admisi\u00f3n es de $450 pesos por persona. Los boletos ya est\u00e1n disponibles en las oficinas de la FEUC. Puedes adquirirlos directamente, llamar al 312 316 1122 o escribir al correo feuc@ucol.mx para m\u00e1s informaci\u00f3n.<\/p>\n\n\n\n<p class=\"wp-block-paragraph\">\u00a1Celebra tu historia, reencu\u00e9ntrate con tu Universidad!<\/p>\n\n\n\n<figure class=\"wp-block-image size-large\"><img loading=\"lazy\" decoding=\"async\" width=\"1024\" height=\"854\" src=\"https:\/\/diarioavanzada.com.mx\/wp-content\/uploads\/2025\/05\/Invitan-a-celebrar-la-pertenencia-a-la-UdeC_Carolina-1024x854.jpg\" alt=\"\" class=\"wp-image-85484\" srcset=\"https:\/\/diarioavanzada.com.mx\/wp-content\/uploads\/2025\/05\/Invitan-a-celebrar-la-pertenencia-a-la-UdeC_Carolina-1024x854.jpg 1024w, https:\/\/diarioavanzada.com.mx\/wp-content\/uploads\/2025\/05\/Invitan-a-celebrar-la-pertenencia-a-la-UdeC_Carolina-300x250.jpg 300w, https:\/\/diarioavanzada.com.mx\/wp-content\/uploads\/2025\/05\/Invitan-a-celebrar-la-pertenencia-a-la-UdeC_Carolina-768x641.jpg 768w, https:\/\/diarioavanzada.com.mx\/wp-content\/uploads\/2025\/05\/Invitan-a-celebrar-la-pertenencia-a-la-UdeC_Carolina-1536x1281.jpg 1536w, https:\/\/diarioavanzada.com.mx\/wp-content\/uploads\/2025\/05\/Invitan-a-celebrar-la-pertenencia-a-la-UdeC_Carolina-2048x1708.jpg 2048w, https:\/\/diarioavanzada.com.mx\/wp-content\/uploads\/2025\/05\/Invitan-a-celebrar-la-pertenencia-a-la-UdeC_Carolina-1200x1001.jpg 1200w\" sizes=\"auto, (max-width: 1024px) 100vw, 1024px\" \/><\/figure>\n<div class=\"fb-background-color\">\n\t\t\t  <div \n\t\t\t  \tclass = \"fb-comments\" \n\t\t\t  \tdata-href = \"https:\/\/diarioavanzada.com.mx\/?p=85481\"\n\t\t\t  \tdata-numposts = \"10\"\n\t\t\t  \tdata-lazy = \"true\"\n\t\t\t\tdata-colorscheme = \"light\"\n\t\t\t\tdata-order-by = \"social\"\n\t\t\t\tdata-mobile=true>\n\t\t\t  <\/div><\/div>\n\t\t  <style>\n\t\t    .fb-background-color {\n\t\t\t\tbackground:  !important;\n\t\t\t}\n\t\t\t.fb_iframe_widget_fluid_desktop iframe {\n\t\t\t    width: 100% !important;\n\t\t\t}\n\t\t  <\/style>\n\t\t  ","protected":false},"excerpt":{"rendered":"<p>\u201cEs una experiencia significativa que busca recordar el camino recorrido, reconocer lo construido y proyectar, desde el orgullo de ser UdeC, nuevas oportunidades de colaboraci\u00f3n entre la Universidad y sus egresados\u201d: Carolina Venegas. Colima, M\u00e9xico, Comunicado (08\/05\/2025).- Con el prop\u00f3sito de fortalecer los lazos entre la Universidad de Colima (UdeC) y su comunidad de egresadas [&hellip;]<\/p>\n","protected":false},"author":7,"featured_media":85487,"comment_status":"closed","ping_status":"closed","sticky":false,"template":"","format":"standard","meta":{"_coblocks_attr":"","_coblocks_dimensions":"","_coblocks_responsive_height":"","_coblocks_accordion_ie_support":"","_crdt_document":"","advanced_seo_description":"","jetpack_seo_html_title":"","jetpack_seo_noindex":false,"_jetpack_memberships_contains_paid_content":false,"footnotes":""},"categories":[19,209,7],"tags":[],"class_list":["post-85481","post","type-post","status-publish","format-standard","has-post-thumbnail","hentry","category-colima","category-importantes","category-noticias"],"jetpack_featured_media_url":"https:\/\/diarioavanzada.com.mx\/wp-content\/uploads\/2025\/05\/8790aa27-32af-4b2b-8223-257c3bbef4a9-1.jpg","jetpack-related-posts":[],"jetpack_sharing_enabled":true,"amp_enabled":true,"_links":{"self":[{"href":"https:\/\/diarioavanzada.com.mx\/index.php?rest_route=\/wp\/v2\/posts\/85481","targetHints":{"allow":["GET"]}}],"collection":[{"href":"https:\/\/diarioavanzada.com.mx\/index.php?rest_route=\/wp\/v2\/posts"}],"about":[{"href":"https:\/\/diarioavanzada.com.mx\/index.php?rest_route=\/wp\/v2\/types\/post"}],"author":[{"embeddable":true,"href":"https:\/\/diarioavanzada.com.mx\/index.php?rest_route=\/wp\/v2\/users\/7"}],"replies":[{"embeddable":true,"href":"https:\/\/diarioavanzada.com.mx\/index.php?rest_route=%2Fwp%2Fv2%2Fcomments&post=85481"}],"version-history":[{"count":2,"href":"https:\/\/diarioavanzada.com.mx\/index.php?rest_route=\/wp\/v2\/posts\/85481\/revisions"}],"predecessor-version":[{"id":85485,"href":"https:\/\/diarioavanzada.com.mx\/index.php?rest_route=\/wp\/v2\/posts\/85481\/revisions\/85485"}],"wp:featuredmedia":[{"embeddable":true,"href":"https:\/\/diarioavanzada.com.mx\/index.php?rest_route=\/wp\/v2\/media\/85487"}],"wp:attachment":[{"href":"https:\/\/diarioavanzada.com.mx\/index.php?rest_route=%2Fwp%2Fv2%2Fmedia&parent=85481"}],"wp:term":[{"taxonomy":"category","embeddable":true,"href":"https:\/\/diarioavanzada.com.mx\/index.php?rest_route=%2Fwp%2Fv2%2Fcategories&post=85481"},{"taxonomy":"post_tag","embeddable":true,"href":"https:\/\/diarioavanzada.com.mx\/index.php?rest_route=%2Fwp%2Fv2%2Ftags&post=85481"}],"curies":[{"name":"wp","href":"https:\/\/api.w.org\/{rel}","templated":true}]}}