{"id":85415,"date":"2025-05-08T16:24:30","date_gmt":"2025-05-08T22:24:30","guid":{"rendered":"https:\/\/diarioavanzada.com.mx\/?p=85415"},"modified":"2025-05-08T16:24:30","modified_gmt":"2025-05-08T22:24:30","slug":"organizaciones-indigenas-y-comunitarias-denuncian-intento-de-censura-del-gobierno-federal","status":"publish","type":"post","link":"https:\/\/diarioavanzada.com.mx\/?p=85415","title":{"rendered":"Organizaciones ind\u00edgenas y comunitarias denuncian intento de censura del gobierno federal"},"content":{"rendered":"\n<p class=\"p1 wp-block-paragraph\">M\u00e9xico, Avanzada (08\/05\/2025).- Diversas organizaciones ind\u00edgenas, comunitarias y de derechos humanos denunciaron que el gobierno federal pretende imponer una nueva Ley de Telecomunicaciones y Radiodifusi\u00f3n sin consultar a los pueblos originarios ni a los medios comunitarios, lo que consideran un intento por censurar y controlar la comunicaci\u00f3n libre desde abajo.<\/p>\n\n\n\n<p class=\"p1 wp-block-paragraph\">A trav\u00e9s de un pronunciamiento dirigido a la opini\u00f3n p\u00fablica nacional e internacional, m\u00e1s de una veintena de colectivos se\u00f1alaron que la iniciativa se discute \u201ca puerta cerrada\u201d y representa una amenaza directa contra la autonom\u00eda, la libre determinaci\u00f3n y el derecho a la comunicaci\u00f3n de los pueblos.<\/p>\n\n\n\n<p class=\"p1 wp-block-paragraph\">\u201cNos quieren hacer creer que nuestras radios necesitan del permiso del poder. Pero esta visi\u00f3n es profundamente pol\u00edtica: una estrategia de control que perpet\u00faa un colonialismo invisible, disfrazado de regulaci\u00f3n\u201d, expresaron.<\/p>\n\n\n\n<p class=\"p1 wp-block-paragraph\">Advirtieron que el proyecto legal no reconoce la autodeterminaci\u00f3n de las comunidades, sino que subordina sus voces al r\u00e9gimen estatal y al modelo de comunicaci\u00f3n hegem\u00f3nica, lo que calificaron como una forma de autoritarismo bajo el discurso de la legalidad.<\/p>\n\n\n\n<p class=\"p1 wp-block-paragraph\">Las organizaciones exigieron respeto a sus \u201cterritorios sonoros\u201d y advirtieron que la defensa de la palabra es una lucha pol\u00edtica, cultural y espiritual. \u201cLa palabra no se regula: se defiende\u201d, afirmaron.<\/p>\n\n\n\n<p class=\"p1 wp-block-paragraph\">Entre las firmantes destacan la Red de Radios Ind\u00edgenas y Comunitarias del Sureste Mexicano, el Movimiento Agrario Ind\u00edgena Zapatista, el Centro de Derechos Humanos Tepeyac del Istmo de Tehuantepec, EDUCA A.C. y la Red Mexicana de Acci\u00f3n frente al Libre Comercio.<\/p>\n\n\n\n<p class=\"p1 wp-block-paragraph\"><\/p>\n<div class=\"fb-background-color\">\n\t\t\t  <div \n\t\t\t  \tclass = \"fb-comments\" \n\t\t\t  \tdata-href = \"https:\/\/diarioavanzada.com.mx\/?p=85415\"\n\t\t\t  \tdata-numposts = \"10\"\n\t\t\t  \tdata-lazy = \"true\"\n\t\t\t\tdata-colorscheme = \"light\"\n\t\t\t\tdata-order-by = \"social\"\n\t\t\t\tdata-mobile=true>\n\t\t\t  <\/div><\/div>\n\t\t  <style>\n\t\t    .fb-background-color {\n\t\t\t\tbackground:  !important;\n\t\t\t}\n\t\t\t.fb_iframe_widget_fluid_desktop iframe {\n\t\t\t    width: 100% !important;\n\t\t\t}\n\t\t  <\/style>\n\t\t  ","protected":false},"excerpt":{"rendered":"<p>M\u00e9xico, Avanzada (08\/05\/2025).- Diversas organizaciones ind\u00edgenas, comunitarias y de derechos humanos denunciaron que el gobierno federal pretende imponer una nueva Ley de Telecomunicaciones y Radiodifusi\u00f3n sin consultar a los pueblos originarios ni a los medios comunitarios, lo que consideran un intento por censurar y controlar la comunicaci\u00f3n libre desde abajo. A trav\u00e9s de un pronunciamiento [&hellip;]<\/p>\n","protected":false},"author":7,"featured_media":85414,"comment_status":"closed","ping_status":"closed","sticky":false,"template":"","format":"standard","meta":{"_coblocks_attr":"","_coblocks_dimensions":"","_coblocks_responsive_height":"","_coblocks_accordion_ie_support":"","_crdt_document":"","advanced_seo_description":"","jetpack_seo_html_title":"","jetpack_seo_noindex":false,"_jetpack_memberships_contains_paid_content":false,"footnotes":""},"categories":[209,22,7],"tags":[210],"class_list":["post-85415","post","type-post","status-publish","format-standard","has-post-thumbnail","hentry","category-importantes","category-nacion","category-noticias","tag-portada"],"jetpack_featured_media_url":"https:\/\/diarioavanzada.com.mx\/wp-content\/uploads\/2025\/05\/img_1815-2-1.jpg","jetpack-related-posts":[],"jetpack_sharing_enabled":true,"amp_enabled":true,"_links":{"self":[{"href":"https:\/\/diarioavanzada.com.mx\/index.php?rest_route=\/wp\/v2\/posts\/85415","targetHints":{"allow":["GET"]}}],"collection":[{"href":"https:\/\/diarioavanzada.com.mx\/index.php?rest_route=\/wp\/v2\/posts"}],"about":[{"href":"https:\/\/diarioavanzada.com.mx\/index.php?rest_route=\/wp\/v2\/types\/post"}],"author":[{"embeddable":true,"href":"https:\/\/diarioavanzada.com.mx\/index.php?rest_route=\/wp\/v2\/users\/7"}],"replies":[{"embeddable":true,"href":"https:\/\/diarioavanzada.com.mx\/index.php?rest_route=%2Fwp%2Fv2%2Fcomments&post=85415"}],"version-history":[{"count":0,"href":"https:\/\/diarioavanzada.com.mx\/index.php?rest_route=\/wp\/v2\/posts\/85415\/revisions"}],"wp:featuredmedia":[{"embeddable":true,"href":"https:\/\/diarioavanzada.com.mx\/index.php?rest_route=\/wp\/v2\/media\/85414"}],"wp:attachment":[{"href":"https:\/\/diarioavanzada.com.mx\/index.php?rest_route=%2Fwp%2Fv2%2Fmedia&parent=85415"}],"wp:term":[{"taxonomy":"category","embeddable":true,"href":"https:\/\/diarioavanzada.com.mx\/index.php?rest_route=%2Fwp%2Fv2%2Fcategories&post=85415"},{"taxonomy":"post_tag","embeddable":true,"href":"https:\/\/diarioavanzada.com.mx\/index.php?rest_route=%2Fwp%2Fv2%2Ftags&post=85415"}],"curies":[{"name":"wp","href":"https:\/\/api.w.org\/{rel}","templated":true}]}}