{"id":85346,"date":"2025-05-08T20:10:35","date_gmt":"2025-05-09T02:10:35","guid":{"rendered":"https:\/\/diarioavanzada.com.mx\/?p=85346"},"modified":"2025-05-08T20:10:35","modified_gmt":"2025-05-09T02:10:35","slug":"beca-sicarfarms-a-estudiantes-destacados-de-la-udec","status":"publish","type":"post","link":"https:\/\/diarioavanzada.com.mx\/?p=85346","title":{"rendered":"Beca SicarFarms a estudiantes destacados de la UdeC"},"content":{"rendered":"\n<p class=\"wp-block-paragraph\" id=\"block-390adb9f-3c0b-4051-83dd-be5f1c0b9f8e\"><em>\u201cHemos buscado aliados como SicarFarms, que gracias a la confianza que le tienen a la UdeC deciden apoyarlos a ustedes, estudiantes\u201d: Christian Torres Ortiz, rector.<\/em><\/p>\n\n\n\n<p class=\"wp-block-paragraph\"><em>\u201cAunque el esfuerzo es de ustedes \u2014y reconocemos su dedicaci\u00f3n diaria por superarse\u2014, las becas representan un merecido reconocimiento que se han ganado con su compromiso\u201d: Daniel Gudi\u00f1o.<\/em><\/p>\n\n\n\n<p class=\"wp-block-paragraph\">Colima, M\u00e9xico, Comunicado (08\/05\/2025).- En un evento que combin\u00f3 la educaci\u00f3n y el deporte, la ma\u00f1ana de este jueves, en la Sala de Juntas de la Rector\u00eda. se realiz\u00f3 la entrega de Becas de la Empresa SicarFarms, que benefici\u00f3 a un total 54 estudiantes de nivel Medio Superior y Superior de la Universidad de Colima.<\/p>\n\n\n\n<p class=\"wp-block-paragraph\">La beca, esta vez, tuvo dos grupos de beneficiarios: la de Excelencia Acad\u00e9mica, que fue otorgada a 14 hijos de trabajadores de SicarFarms que actualmente cursan sus estudios en la UdeC, y la de Excelencia Deportiva, que benefici\u00f3 a 40 estudiantes que obtuvieron alg\u00fan reconocimiento como deportistas.<\/p>\n\n\n\n<p class=\"wp-block-paragraph\">Antes de la entrega, el rector Cristian Torres Ortiz Zerme\u00f1o y Daniel Fernando Gudi\u00f1o Ochoa, director general de SicarFarms, firmaron un convenio de colaboraci\u00f3n que ampara este esquema de apoyos.<\/p>\n\n\n\n<p class=\"wp-block-paragraph\">Al tomar la palabra, el rector agradeci\u00f3 la confianza de la empresa en la UdeC: \u201cDaniel es egresado de la universidad y continuamente est\u00e1 buscando las posibilidades y alternativas para apoyar a su Alma M\u00e1ter\u201d. A\u00f1adi\u00f3 que no es el \u00fanico tipo de apoyos que le brinda a la UdeC y destac\u00f3 el gusto de este empresario por practicar el deporte.<\/p>\n\n\n\n<p class=\"wp-block-paragraph\">El rector dijo que para apoyar el Nivel Superior, \u201chemos buscado aliados como SicarFarms, que gracias a la confianza que le tienen a la UdeC deciden apoyarlos a ustedes, estudiantes\u201d. Coment\u00f3 que, seg\u00fan resultados de la encuesta M\u00e9xico Elige, las instituciones p\u00fablicas de m\u00e1s confianza son las universidades: \u201cMe parece muy importante porque es una carta de presentaci\u00f3n que nos permite acercarnos con amigos, aliados, empresa, y poder recibir este tipo de apoyos\u201d, expuso.<\/p>\n\n\n\n<p class=\"wp-block-paragraph\">En la UdeC, continu\u00f3, \u201chemos insistido en la premisa: educaci\u00f3n, cultura y deporte, combinaci\u00f3n con la que las y los estudiantes se pueden desarrollar de mejor manera en la Universidad, y nos da mucho gusto que Daniel, adem\u00e1s de ser empresario, le guste el deporte y nos apoye con esta beca deportiva, pues si las universidades no hacemos algo por el deporte, los resultados que tendremos como pa\u00eds no ser\u00e1n los mejores, por ello nos toca hacer un esfuerzo extraordinario para apoyar esta vertiente fundamental para su formaci\u00f3n\u201d.<\/p>\n\n\n\n<p class=\"wp-block-paragraph\">\u201cPueden tener la tranquilidad de que mientras sean estudiantes de la UdeC podr\u00e1n recibir educaci\u00f3n de calidad; si les gusta el deporte lo pueden desarrollar a buen nivel y si les gusta la expresi\u00f3n art\u00edstica o la cultura, tambi\u00e9n lo pueden hacer a muy buen nivel\u201d, concluy\u00f3.<\/p>\n\n\n\n<p class=\"wp-block-paragraph\">Daniel Gudi\u00f1o Ochoa agradeci\u00f3 al rector por darle la oportunidad de retornarle algo a esta casa de estudios, de la cual es egresado. \u201cSoy ingeniero qu\u00edmico, y la verdad es que estoy muy orgulloso de pertenecer a esta universidad\u201d. En este sentido, felicit\u00f3 a quienes han sido beneficiados con la beca: \u201c&#8221;Aunque el esfuerzo es de ustedes \u2014y reconocemos su dedicaci\u00f3n diaria por superarse\u2014, las becas representan un merecido reconocimiento que se han ganado con su compromiso\u201d, coment\u00f3.<\/p>\n\n\n\n<p class=\"wp-block-paragraph\">\u201cReconocer su esfuerzo es la mejor manera que tenemos de seguir adelante, seguir progresando como sociedad, como estado y pa\u00eds. Ustedes se lo ganaron, nosotros nada m\u00e1s estamos retornando algo de lo que podemos dar a los dem\u00e1s\u201d, enunci\u00f3.<\/p>\n\n\n\n<p class=\"wp-block-paragraph\">La estudiante Idannia Rivera Ballesteros, de la Facultad de Mercadotecnia, agradeci\u00f3 en nombre de las y los beneficiados, a la empresa SicarFarms y a la UdeC. Al rector Christian Torres Ortiz le agradeci\u00f3 su compromiso con el deporte universitario; \u201cun ejemplo claro de ello es la reciente renovaci\u00f3n de la pista de atletismo en el Estadio Ol\u00edmpico Universitario, as\u00ed como la rehabilitaci\u00f3n de los Polideportivos de Tecom\u00e1n y Manzanillo\u201d, dijo.<\/p>\n\n\n\n<p class=\"wp-block-paragraph\">Respecto al apoyo brindado por la empresa SicarFarms, resalt\u00f3: \u201cEs una invaluable inversi\u00f3n que hace en el presente y futuro de las juventudes y el deporte universitario. Por ello, aprovecho este espacio para invitar a las autoridades correspondientes a continuar como hasta hoy, con este respaldo que demuestra su inter\u00e9s y su decidida apuesta desde al desarrollo integral de las y los estudiantes\u201d.<\/p>\n\n\n\n<p class=\"wp-block-paragraph\">La beca, concluy\u00f3, \u201cno s\u00f3lo representa un alivio econ\u00f3mico, es tambi\u00e9n una gran motivaci\u00f3n, un recordatorio de que el esfuerzo diario vale la pena; nos impulsa a seguir entrenando, form\u00e1ndonos, so\u00f1ando y a representar con orgullo a nuestra Universidad. Nos compromete a retribuir con nuestros logros todo el apoyo que hemos recibido\u201d.<\/p>\n\n\n\n<p class=\"wp-block-paragraph\">En el pres\u00eddium estuvieron \u00c9rika Ulibarri, coordinadora general de lo Administrativo y Financiero; Susana Aurelia Preciado, coordinadora general de Docencia; George Oc\u00f3n, abogado general; Mario Ram\u00edrez, director general de Cultura F\u00edsica y Deporte; Camilo Garc\u00eda, director general de Servicios Universitarios; Jaime Novela, presidente de la FEC, y Carolina Venegas, presidenta de la FEUC.<\/p>\n\n\n\n<figure class=\"wp-block-image size-large\"><img loading=\"lazy\" decoding=\"async\" width=\"1024\" height=\"683\" src=\"https:\/\/diarioavanzada.com.mx\/wp-content\/uploads\/2025\/05\/Beca-empresa-SicarFarms-a-estudiantes-destacados_a-1024x683.jpg\" alt=\"\" class=\"wp-image-85420\" srcset=\"https:\/\/diarioavanzada.com.mx\/wp-content\/uploads\/2025\/05\/Beca-empresa-SicarFarms-a-estudiantes-destacados_a-1024x683.jpg 1024w, https:\/\/diarioavanzada.com.mx\/wp-content\/uploads\/2025\/05\/Beca-empresa-SicarFarms-a-estudiantes-destacados_a-300x200.jpg 300w, https:\/\/diarioavanzada.com.mx\/wp-content\/uploads\/2025\/05\/Beca-empresa-SicarFarms-a-estudiantes-destacados_a-768x512.jpg 768w, https:\/\/diarioavanzada.com.mx\/wp-content\/uploads\/2025\/05\/Beca-empresa-SicarFarms-a-estudiantes-destacados_a-1200x800.jpg 1200w, https:\/\/diarioavanzada.com.mx\/wp-content\/uploads\/2025\/05\/Beca-empresa-SicarFarms-a-estudiantes-destacados_a.jpg 1224w\" sizes=\"auto, (max-width: 1024px) 100vw, 1024px\" \/><\/figure>\n\n\n\n<figure class=\"wp-block-image size-large\"><img loading=\"lazy\" decoding=\"async\" width=\"1024\" height=\"683\" src=\"https:\/\/diarioavanzada.com.mx\/wp-content\/uploads\/2025\/05\/Beca-empresa-SicarFarms-a-estudiantes-destacados_b-1024x683.jpg\" alt=\"\" class=\"wp-image-85421\" srcset=\"https:\/\/diarioavanzada.com.mx\/wp-content\/uploads\/2025\/05\/Beca-empresa-SicarFarms-a-estudiantes-destacados_b-1024x683.jpg 1024w, https:\/\/diarioavanzada.com.mx\/wp-content\/uploads\/2025\/05\/Beca-empresa-SicarFarms-a-estudiantes-destacados_b-300x200.jpg 300w, https:\/\/diarioavanzada.com.mx\/wp-content\/uploads\/2025\/05\/Beca-empresa-SicarFarms-a-estudiantes-destacados_b-768x512.jpg 768w, https:\/\/diarioavanzada.com.mx\/wp-content\/uploads\/2025\/05\/Beca-empresa-SicarFarms-a-estudiantes-destacados_b-1200x800.jpg 1200w, https:\/\/diarioavanzada.com.mx\/wp-content\/uploads\/2025\/05\/Beca-empresa-SicarFarms-a-estudiantes-destacados_b.jpg 1224w\" sizes=\"auto, (max-width: 1024px) 100vw, 1024px\" \/><\/figure>\n\n\n\n<figure class=\"wp-block-image size-large\"><img loading=\"lazy\" decoding=\"async\" width=\"1024\" height=\"683\" src=\"https:\/\/diarioavanzada.com.mx\/wp-content\/uploads\/2025\/05\/Beca-empresa-SicarFarms-a-estudiantes-destacados-1024x683.jpg\" alt=\"\" class=\"wp-image-85422\" srcset=\"https:\/\/diarioavanzada.com.mx\/wp-content\/uploads\/2025\/05\/Beca-empresa-SicarFarms-a-estudiantes-destacados-1024x683.jpg 1024w, https:\/\/diarioavanzada.com.mx\/wp-content\/uploads\/2025\/05\/Beca-empresa-SicarFarms-a-estudiantes-destacados-300x200.jpg 300w, https:\/\/diarioavanzada.com.mx\/wp-content\/uploads\/2025\/05\/Beca-empresa-SicarFarms-a-estudiantes-destacados-768x512.jpg 768w, https:\/\/diarioavanzada.com.mx\/wp-content\/uploads\/2025\/05\/Beca-empresa-SicarFarms-a-estudiantes-destacados-1200x800.jpg 1200w, https:\/\/diarioavanzada.com.mx\/wp-content\/uploads\/2025\/05\/Beca-empresa-SicarFarms-a-estudiantes-destacados.jpg 1224w\" sizes=\"auto, (max-width: 1024px) 100vw, 1024px\" \/><\/figure>\n\n\n\n<figure class=\"wp-block-image size-large\"><img loading=\"lazy\" decoding=\"async\" width=\"1024\" height=\"683\" src=\"https:\/\/diarioavanzada.com.mx\/wp-content\/uploads\/2025\/05\/Beca-empresa-SicarFarms-a-estudiantes-destacados_c-1024x683.jpg\" alt=\"\" class=\"wp-image-85424\" srcset=\"https:\/\/diarioavanzada.com.mx\/wp-content\/uploads\/2025\/05\/Beca-empresa-SicarFarms-a-estudiantes-destacados_c-1024x683.jpg 1024w, https:\/\/diarioavanzada.com.mx\/wp-content\/uploads\/2025\/05\/Beca-empresa-SicarFarms-a-estudiantes-destacados_c-300x200.jpg 300w, https:\/\/diarioavanzada.com.mx\/wp-content\/uploads\/2025\/05\/Beca-empresa-SicarFarms-a-estudiantes-destacados_c-768x512.jpg 768w, https:\/\/diarioavanzada.com.mx\/wp-content\/uploads\/2025\/05\/Beca-empresa-SicarFarms-a-estudiantes-destacados_c-1200x800.jpg 1200w, https:\/\/diarioavanzada.com.mx\/wp-content\/uploads\/2025\/05\/Beca-empresa-SicarFarms-a-estudiantes-destacados_c.jpg 1224w\" sizes=\"auto, (max-width: 1024px) 100vw, 1024px\" \/><\/figure>\n\n\n\n<figure class=\"wp-block-image size-large\"><img loading=\"lazy\" decoding=\"async\" width=\"1024\" height=\"683\" src=\"https:\/\/diarioavanzada.com.mx\/wp-content\/uploads\/2025\/05\/Beca-empresa-SicarFarms-a-estudiantes-destacados_Idannia-1024x683.jpg\" alt=\"\" class=\"wp-image-85426\" srcset=\"https:\/\/diarioavanzada.com.mx\/wp-content\/uploads\/2025\/05\/Beca-empresa-SicarFarms-a-estudiantes-destacados_Idannia-1024x683.jpg 1024w, https:\/\/diarioavanzada.com.mx\/wp-content\/uploads\/2025\/05\/Beca-empresa-SicarFarms-a-estudiantes-destacados_Idannia-300x200.jpg 300w, https:\/\/diarioavanzada.com.mx\/wp-content\/uploads\/2025\/05\/Beca-empresa-SicarFarms-a-estudiantes-destacados_Idannia-768x512.jpg 768w, https:\/\/diarioavanzada.com.mx\/wp-content\/uploads\/2025\/05\/Beca-empresa-SicarFarms-a-estudiantes-destacados_Idannia-1200x800.jpg 1200w, https:\/\/diarioavanzada.com.mx\/wp-content\/uploads\/2025\/05\/Beca-empresa-SicarFarms-a-estudiantes-destacados_Idannia.jpg 1224w\" sizes=\"auto, (max-width: 1024px) 100vw, 1024px\" \/><\/figure>\n\n\n\n<figure class=\"wp-block-image size-large\"><img loading=\"lazy\" decoding=\"async\" width=\"1024\" height=\"683\" src=\"https:\/\/diarioavanzada.com.mx\/wp-content\/uploads\/2025\/05\/Beca-empresa-SicarFarms-a-estudiantes-destacados_d-1024x683.jpg\" alt=\"\" class=\"wp-image-85428\" srcset=\"https:\/\/diarioavanzada.com.mx\/wp-content\/uploads\/2025\/05\/Beca-empresa-SicarFarms-a-estudiantes-destacados_d-1024x683.jpg 1024w, https:\/\/diarioavanzada.com.mx\/wp-content\/uploads\/2025\/05\/Beca-empresa-SicarFarms-a-estudiantes-destacados_d-300x200.jpg 300w, https:\/\/diarioavanzada.com.mx\/wp-content\/uploads\/2025\/05\/Beca-empresa-SicarFarms-a-estudiantes-destacados_d-768x512.jpg 768w, https:\/\/diarioavanzada.com.mx\/wp-content\/uploads\/2025\/05\/Beca-empresa-SicarFarms-a-estudiantes-destacados_d-1200x800.jpg 1200w, https:\/\/diarioavanzada.com.mx\/wp-content\/uploads\/2025\/05\/Beca-empresa-SicarFarms-a-estudiantes-destacados_d.jpg 1224w\" sizes=\"auto, (max-width: 1024px) 100vw, 1024px\" \/><\/figure>\n\n\n\n<figure class=\"wp-block-image size-large\"><img loading=\"lazy\" decoding=\"async\" width=\"1024\" height=\"683\" src=\"https:\/\/diarioavanzada.com.mx\/wp-content\/uploads\/2025\/05\/Beca-empresa-SicarFarms-a-estudiantes-destacados_Daniel-1024x683.jpg\" alt=\"\" class=\"wp-image-85429\" srcset=\"https:\/\/diarioavanzada.com.mx\/wp-content\/uploads\/2025\/05\/Beca-empresa-SicarFarms-a-estudiantes-destacados_Daniel-1024x683.jpg 1024w, https:\/\/diarioavanzada.com.mx\/wp-content\/uploads\/2025\/05\/Beca-empresa-SicarFarms-a-estudiantes-destacados_Daniel-300x200.jpg 300w, https:\/\/diarioavanzada.com.mx\/wp-content\/uploads\/2025\/05\/Beca-empresa-SicarFarms-a-estudiantes-destacados_Daniel-768x512.jpg 768w, https:\/\/diarioavanzada.com.mx\/wp-content\/uploads\/2025\/05\/Beca-empresa-SicarFarms-a-estudiantes-destacados_Daniel-1200x800.jpg 1200w, https:\/\/diarioavanzada.com.mx\/wp-content\/uploads\/2025\/05\/Beca-empresa-SicarFarms-a-estudiantes-destacados_Daniel.jpg 1224w\" sizes=\"auto, (max-width: 1024px) 100vw, 1024px\" \/><\/figure>\n\n\n\n<figure class=\"wp-block-image size-large\"><img loading=\"lazy\" decoding=\"async\" width=\"1024\" height=\"683\" src=\"https:\/\/diarioavanzada.com.mx\/wp-content\/uploads\/2025\/05\/Beca-empresa-SicarFarms-a-estudiantes-destacados_Daniel-Rector-1024x683.jpg\" alt=\"\" class=\"wp-image-85430\" srcset=\"https:\/\/diarioavanzada.com.mx\/wp-content\/uploads\/2025\/05\/Beca-empresa-SicarFarms-a-estudiantes-destacados_Daniel-Rector-1024x683.jpg 1024w, https:\/\/diarioavanzada.com.mx\/wp-content\/uploads\/2025\/05\/Beca-empresa-SicarFarms-a-estudiantes-destacados_Daniel-Rector-300x200.jpg 300w, https:\/\/diarioavanzada.com.mx\/wp-content\/uploads\/2025\/05\/Beca-empresa-SicarFarms-a-estudiantes-destacados_Daniel-Rector-768x512.jpg 768w, https:\/\/diarioavanzada.com.mx\/wp-content\/uploads\/2025\/05\/Beca-empresa-SicarFarms-a-estudiantes-destacados_Daniel-Rector-1200x800.jpg 1200w, https:\/\/diarioavanzada.com.mx\/wp-content\/uploads\/2025\/05\/Beca-empresa-SicarFarms-a-estudiantes-destacados_Daniel-Rector.jpg 1224w\" sizes=\"auto, (max-width: 1024px) 100vw, 1024px\" \/><\/figure>\n<div class=\"fb-background-color\">\n\t\t\t  <div \n\t\t\t  \tclass = \"fb-comments\" \n\t\t\t  \tdata-href = \"https:\/\/diarioavanzada.com.mx\/?p=85346\"\n\t\t\t  \tdata-numposts = \"10\"\n\t\t\t  \tdata-lazy = \"true\"\n\t\t\t\tdata-colorscheme = \"light\"\n\t\t\t\tdata-order-by = \"social\"\n\t\t\t\tdata-mobile=true>\n\t\t\t  <\/div><\/div>\n\t\t  <style>\n\t\t    .fb-background-color {\n\t\t\t\tbackground:  !important;\n\t\t\t}\n\t\t\t.fb_iframe_widget_fluid_desktop iframe {\n\t\t\t    width: 100% !important;\n\t\t\t}\n\t\t  <\/style>\n\t\t  ","protected":false},"excerpt":{"rendered":"<p>\u201cHemos buscado aliados como SicarFarms, que gracias a la confianza que le tienen a la UdeC deciden apoyarlos a ustedes, estudiantes\u201d: Christian Torres Ortiz, rector. \u201cAunque el esfuerzo es de ustedes \u2014y reconocemos su dedicaci\u00f3n diaria por superarse\u2014, las becas representan un merecido reconocimiento que se han ganado con su compromiso\u201d: Daniel Gudi\u00f1o. Colima, M\u00e9xico, [&hellip;]<\/p>\n","protected":false},"author":7,"featured_media":85433,"comment_status":"closed","ping_status":"closed","sticky":false,"template":"","format":"standard","meta":{"_coblocks_attr":"","_coblocks_dimensions":"","_coblocks_responsive_height":"","_coblocks_accordion_ie_support":"","_crdt_document":"","advanced_seo_description":"","jetpack_seo_html_title":"","jetpack_seo_noindex":false,"_jetpack_memberships_contains_paid_content":false,"footnotes":""},"categories":[19,209,7],"tags":[],"class_list":["post-85346","post","type-post","status-publish","format-standard","has-post-thumbnail","hentry","category-colima","category-importantes","category-noticias"],"jetpack_featured_media_url":"https:\/\/diarioavanzada.com.mx\/wp-content\/uploads\/2025\/05\/ebd13dd9-fd3f-44d0-96ec-dd603c299e74-1.jpg","jetpack-related-posts":[],"jetpack_sharing_enabled":true,"amp_enabled":true,"_links":{"self":[{"href":"https:\/\/diarioavanzada.com.mx\/index.php?rest_route=\/wp\/v2\/posts\/85346","targetHints":{"allow":["GET"]}}],"collection":[{"href":"https:\/\/diarioavanzada.com.mx\/index.php?rest_route=\/wp\/v2\/posts"}],"about":[{"href":"https:\/\/diarioavanzada.com.mx\/index.php?rest_route=\/wp\/v2\/types\/post"}],"author":[{"embeddable":true,"href":"https:\/\/diarioavanzada.com.mx\/index.php?rest_route=\/wp\/v2\/users\/7"}],"replies":[{"embeddable":true,"href":"https:\/\/diarioavanzada.com.mx\/index.php?rest_route=%2Fwp%2Fv2%2Fcomments&post=85346"}],"version-history":[{"count":5,"href":"https:\/\/diarioavanzada.com.mx\/index.php?rest_route=\/wp\/v2\/posts\/85346\/revisions"}],"predecessor-version":[{"id":85431,"href":"https:\/\/diarioavanzada.com.mx\/index.php?rest_route=\/wp\/v2\/posts\/85346\/revisions\/85431"}],"wp:featuredmedia":[{"embeddable":true,"href":"https:\/\/diarioavanzada.com.mx\/index.php?rest_route=\/wp\/v2\/media\/85433"}],"wp:attachment":[{"href":"https:\/\/diarioavanzada.com.mx\/index.php?rest_route=%2Fwp%2Fv2%2Fmedia&parent=85346"}],"wp:term":[{"taxonomy":"category","embeddable":true,"href":"https:\/\/diarioavanzada.com.mx\/index.php?rest_route=%2Fwp%2Fv2%2Fcategories&post=85346"},{"taxonomy":"post_tag","embeddable":true,"href":"https:\/\/diarioavanzada.com.mx\/index.php?rest_route=%2Fwp%2Fv2%2Ftags&post=85346"}],"curies":[{"name":"wp","href":"https:\/\/api.w.org\/{rel}","templated":true}]}}