{"id":85288,"date":"2025-05-07T12:46:54","date_gmt":"2025-05-07T18:46:54","guid":{"rendered":"https:\/\/diarioavanzada.com.mx\/?p=85288"},"modified":"2025-05-07T12:46:54","modified_gmt":"2025-05-07T18:46:54","slug":"pri-advierte-riesgo-de-adoctrinamiento-en-coros-escolares-del-gobierno","status":"publish","type":"post","link":"https:\/\/diarioavanzada.com.mx\/?p=85288","title":{"rendered":"PRI advierte riesgo de adoctrinamiento en Coros Escolares del Gobierno"},"content":{"rendered":"\n<p class=\"p1 wp-block-paragraph\">M\u00e9xico, Avanzada (07\/05\/2025).- El Comit\u00e9 Ejecutivo Nacional del Partido Revolucionario Institucional (PRI), a trav\u00e9s de su Secretar\u00eda de Cultura encabezada por Bismarck Izquierdo Rodr\u00edguez, emiti\u00f3 un comunicado rechazando la reciente iniciativa del gobierno federal para formar coros en todas las escuelas p\u00fablicas del pa\u00eds.<\/p>\n\n\n\n<p class=\"p1 wp-block-paragraph\">Seg\u00fan el pronunciamiento, esta medida, impulsada por la Secretar\u00eda de Educaci\u00f3n P\u00fablica y la Secretar\u00eda de Cultura, busca cumplir con el sue\u00f1o presidencial de tener \u201cun coro en cada escuela\u201d, similar a un modelo aplicado en Venezuela. El PRI considera que esta iniciativa carece de estudios t\u00e9cnicos y diagn\u00f3sticos que avalen su implementaci\u00f3n, lo que podr\u00eda poner en riesgo el derecho a una educaci\u00f3n libre de propaganda y adoctrinamiento, al generar posibles escenarios de polarizaci\u00f3n y politizaci\u00f3n.<\/p>\n\n\n\n<p class=\"p1 wp-block-paragraph\">El comunicado tambi\u00e9n critica que la Secretar\u00eda de Cultura federal enfrenta una crisis financiera y de recursos humanos, lo que, en opini\u00f3n del partido, compromete la viabilidad del proyecto. Para el PRI, antes de implementar programas de esta magnitud, se deben garantizar las condiciones b\u00e1sicas en las escuelas, como infraestructura adecuada y seguridad para los estudiantes.<\/p>\n\n\n\n<p class=\"p1 wp-block-paragraph\">La declaraci\u00f3n concluye que sin abordar estos desaf\u00edos fundamentales, no se puede avanzar hacia una verdadera democratizaci\u00f3n cultural ni fortalecer el sistema educativo nacional.<\/p>\n<div class=\"fb-background-color\">\n\t\t\t  <div \n\t\t\t  \tclass = \"fb-comments\" \n\t\t\t  \tdata-href = \"https:\/\/diarioavanzada.com.mx\/?p=85288\"\n\t\t\t  \tdata-numposts = \"10\"\n\t\t\t  \tdata-lazy = \"true\"\n\t\t\t\tdata-colorscheme = \"light\"\n\t\t\t\tdata-order-by = \"social\"\n\t\t\t\tdata-mobile=true>\n\t\t\t  <\/div><\/div>\n\t\t  <style>\n\t\t    .fb-background-color {\n\t\t\t\tbackground:  !important;\n\t\t\t}\n\t\t\t.fb_iframe_widget_fluid_desktop iframe {\n\t\t\t    width: 100% !important;\n\t\t\t}\n\t\t  <\/style>\n\t\t  ","protected":false},"excerpt":{"rendered":"<p>M\u00e9xico, Avanzada (07\/05\/2025).- El Comit\u00e9 Ejecutivo Nacional del Partido Revolucionario Institucional (PRI), a trav\u00e9s de su Secretar\u00eda de Cultura encabezada por Bismarck Izquierdo Rodr\u00edguez, emiti\u00f3 un comunicado rechazando la reciente iniciativa del gobierno federal para formar coros en todas las escuelas p\u00fablicas del pa\u00eds. Seg\u00fan el pronunciamiento, esta medida, impulsada por la Secretar\u00eda de Educaci\u00f3n [&hellip;]<\/p>\n","protected":false},"author":7,"featured_media":85290,"comment_status":"closed","ping_status":"closed","sticky":false,"template":"","format":"standard","meta":{"_coblocks_attr":"","_coblocks_dimensions":"","_coblocks_responsive_height":"","_coblocks_accordion_ie_support":"","_crdt_document":"","advanced_seo_description":"","jetpack_seo_html_title":"","jetpack_seo_noindex":false,"_jetpack_memberships_contains_paid_content":false,"footnotes":""},"categories":[209,22,7],"tags":[],"class_list":["post-85288","post","type-post","status-publish","format-standard","has-post-thumbnail","hentry","category-importantes","category-nacion","category-noticias"],"jetpack_featured_media_url":"https:\/\/diarioavanzada.com.mx\/wp-content\/uploads\/2025\/05\/img_2345-1.png","jetpack-related-posts":[],"jetpack_sharing_enabled":true,"amp_enabled":true,"_links":{"self":[{"href":"https:\/\/diarioavanzada.com.mx\/index.php?rest_route=\/wp\/v2\/posts\/85288","targetHints":{"allow":["GET"]}}],"collection":[{"href":"https:\/\/diarioavanzada.com.mx\/index.php?rest_route=\/wp\/v2\/posts"}],"about":[{"href":"https:\/\/diarioavanzada.com.mx\/index.php?rest_route=\/wp\/v2\/types\/post"}],"author":[{"embeddable":true,"href":"https:\/\/diarioavanzada.com.mx\/index.php?rest_route=\/wp\/v2\/users\/7"}],"replies":[{"embeddable":true,"href":"https:\/\/diarioavanzada.com.mx\/index.php?rest_route=%2Fwp%2Fv2%2Fcomments&post=85288"}],"version-history":[{"count":2,"href":"https:\/\/diarioavanzada.com.mx\/index.php?rest_route=\/wp\/v2\/posts\/85288\/revisions"}],"predecessor-version":[{"id":85291,"href":"https:\/\/diarioavanzada.com.mx\/index.php?rest_route=\/wp\/v2\/posts\/85288\/revisions\/85291"}],"wp:featuredmedia":[{"embeddable":true,"href":"https:\/\/diarioavanzada.com.mx\/index.php?rest_route=\/wp\/v2\/media\/85290"}],"wp:attachment":[{"href":"https:\/\/diarioavanzada.com.mx\/index.php?rest_route=%2Fwp%2Fv2%2Fmedia&parent=85288"}],"wp:term":[{"taxonomy":"category","embeddable":true,"href":"https:\/\/diarioavanzada.com.mx\/index.php?rest_route=%2Fwp%2Fv2%2Fcategories&post=85288"},{"taxonomy":"post_tag","embeddable":true,"href":"https:\/\/diarioavanzada.com.mx\/index.php?rest_route=%2Fwp%2Fv2%2Ftags&post=85288"}],"curies":[{"name":"wp","href":"https:\/\/api.w.org\/{rel}","templated":true}]}}