{"id":85210,"date":"2025-05-06T18:09:26","date_gmt":"2025-05-07T00:09:26","guid":{"rendered":"https:\/\/diarioavanzada.com.mx\/?p=85210"},"modified":"2025-05-06T18:09:26","modified_gmt":"2025-05-07T00:09:26","slug":"entregan-beca-ucol-kiosko-a-50-alumnas-destacadas","status":"publish","type":"post","link":"https:\/\/diarioavanzada.com.mx\/?p=85210","title":{"rendered":"Entregan Beca Ucol-Kiosko a 50 alumnas destacadas"},"content":{"rendered":"\n<p class=\"wp-block-paragraph\"><em>\u201cCon esta beca no s\u00f3lo impactan en la vida de una joven estudiante, sino tambi\u00e9n en el presente y futuro de nuestra familia\u201d: Patricia Mundo, estudiante de Arquitectura y Dise\u00f1o.<\/em><\/p>\n\n\n\n<p class=\"wp-block-paragraph\">Colima, M\u00e9xico, Comunicado (06\/05\/2025).- El rector de la Universidad de Colima, Christian Jorge Torres Ortiz Zerme\u00f1o y Fernando Velasco M\u00e1rquez, director general de Kiosko, encabezaron la entrega de la Beca Ucol-Kiosko, otorgada a 50 estudiantes mujeres de distintas facultades de la instituci\u00f3n -todas ellas con excelente promedio-, como parte de una alianza entre la casa de estudios y la empresa colimense Kiosko. Cada beca consta de 2 mil 500 pesos.<\/p>\n\n\n\n<p class=\"wp-block-paragraph\">Durante su intervenci\u00f3n, Torres Ortiz destac\u00f3 la importancia de esta colaboraci\u00f3n, subrayando que la confianza depositada por Kiosko en la Universidad de Colima se traduce en un respaldo tangible al talento y la trayectoria de las estudiantes beneficiadas.<\/p>\n\n\n\n<p class=\"wp-block-paragraph\">\u201cUna beca puede ser la diferencia entre abandonar los estudios o permanecer, egresar y titularse de una carrera profesional. Por eso, desde la Universidad, junto con empresas aliadas como Kiosko, las acompa\u00f1amos para que su esfuerzo no se vea interrumpido\u201d, expres\u00f3.<\/p>\n\n\n\n<p class=\"wp-block-paragraph\">Asimismo, se\u00f1al\u00f3 que esta entrega fortalece el Programa Transversal de Igualdad de G\u00e9nero de la Universidad, orientado a generar un entorno educativo m\u00e1s justo e inclusivo, donde todas y todos puedan alcanzar su m\u00e1ximo potencial.<\/p>\n\n\n\n<p class=\"wp-block-paragraph\">Fernando Velasco M\u00e1rquez, director general de Kiosko, en representaci\u00f3n de Adri\u00e1n Brun Gonz\u00e1lez, director general adjunto de la empresa, asegur\u00f3 que la entrega de estas becas muestra lo que puede lograrse cuando se suman voluntades en favor de la educaci\u00f3n:<\/p>\n\n\n\n<p class=\"wp-block-paragraph\">\u201cEn Kiosko creemos firmemente que la educaci\u00f3n es la clave para transformar vidas. Esta beca representa no solo un apoyo econ\u00f3mico, sino tambi\u00e9n una muestra de confianza en el potencial de cada una de ustedes\u201d, resalt\u00f3.<\/p>\n\n\n\n<p class=\"wp-block-paragraph\">Agradeci\u00f3 a la Universidad de Colima por concretar esta alianza, y reconoci\u00f3 el esfuerzo de las estudiantes, destacando su disciplina, compromiso y capacidad para superar retos personales y econ\u00f3micos:<\/p>\n\n\n\n<p class=\"wp-block-paragraph\">\u201cRecuerden que m\u00e1s all\u00e1 del apoyo financiero, la beca simboliza la confianza de una comunidad que cree en ustedes. Hacer valer ese apoyo es tambi\u00e9n honrar su propio esfuerzo\u201d.<\/p>\n\n\n\n<p class=\"wp-block-paragraph\">En representaci\u00f3n de las beneficiarias, Diana Patricia Mundo Ladino, estudiante de la Facultad de Arquitectura y Dise\u00f1o, relat\u00f3 c\u00f3mo, siendo adolescente, se convirti\u00f3 en madre, y c\u00f3mo su hija y su familia han sido su principal motor para continuar sus estudios.<\/p>\n\n\n\n<p class=\"wp-block-paragraph\">\u201cCon esta beca no solo impactan mi vida como estudiante, sino tambi\u00e9n el presente y futuro de mi familia. Agradezco profundamente a la Universidad de Colima por acercarnos a estos apoyos y por brindarnos una educaci\u00f3n con perspectiva de g\u00e9nero\u201d, afirm\u00f3.<\/p>\n\n\n\n<p class=\"wp-block-paragraph\">El evento cont\u00f3 tambi\u00e9n con la presencia de Julio C\u00e9sar Salas Brun, gerente de Capital Humano y Asuntos P\u00fablicos de Kiosko. Por parte de la UdeC asistieron el secretario general, Joel Nino Jr.; la coordinadora general Administrativa y Financiera, Erika Mercedes Ulibarri; la coordinadora general de Docencia, Susana Aurelia Preciado; el presidente de la FEC, Alejandro Novela, y el director general de Servicios Universitarios, Camilo Garc\u00eda.<\/p>\n\n\n\n<figure class=\"wp-block-image size-large\"><img loading=\"lazy\" decoding=\"async\" width=\"1024\" height=\"683\" src=\"https:\/\/diarioavanzada.com.mx\/wp-content\/uploads\/2025\/05\/Entregan-Beca-Ucol-Kiosko-a-50-alumnas-destacadas_c-1024x683.jpg\" alt=\"\" class=\"wp-image-85213\" srcset=\"https:\/\/diarioavanzada.com.mx\/wp-content\/uploads\/2025\/05\/Entregan-Beca-Ucol-Kiosko-a-50-alumnas-destacadas_c-1024x683.jpg 1024w, https:\/\/diarioavanzada.com.mx\/wp-content\/uploads\/2025\/05\/Entregan-Beca-Ucol-Kiosko-a-50-alumnas-destacadas_c-300x200.jpg 300w, https:\/\/diarioavanzada.com.mx\/wp-content\/uploads\/2025\/05\/Entregan-Beca-Ucol-Kiosko-a-50-alumnas-destacadas_c-768x512.jpg 768w, https:\/\/diarioavanzada.com.mx\/wp-content\/uploads\/2025\/05\/Entregan-Beca-Ucol-Kiosko-a-50-alumnas-destacadas_c-1200x800.jpg 1200w, https:\/\/diarioavanzada.com.mx\/wp-content\/uploads\/2025\/05\/Entregan-Beca-Ucol-Kiosko-a-50-alumnas-destacadas_c.jpg 1224w\" sizes=\"auto, (max-width: 1024px) 100vw, 1024px\" \/><\/figure>\n\n\n\n<figure class=\"wp-block-image size-large\"><img loading=\"lazy\" decoding=\"async\" width=\"1024\" height=\"683\" src=\"https:\/\/diarioavanzada.com.mx\/wp-content\/uploads\/2025\/05\/Entregan-Beca-Ucol-Kiosko-a-50-alumnas-destacadas_Diana-1024x683.jpg\" alt=\"\" class=\"wp-image-85214\" srcset=\"https:\/\/diarioavanzada.com.mx\/wp-content\/uploads\/2025\/05\/Entregan-Beca-Ucol-Kiosko-a-50-alumnas-destacadas_Diana-1024x683.jpg 1024w, https:\/\/diarioavanzada.com.mx\/wp-content\/uploads\/2025\/05\/Entregan-Beca-Ucol-Kiosko-a-50-alumnas-destacadas_Diana-300x200.jpg 300w, https:\/\/diarioavanzada.com.mx\/wp-content\/uploads\/2025\/05\/Entregan-Beca-Ucol-Kiosko-a-50-alumnas-destacadas_Diana-768x512.jpg 768w, https:\/\/diarioavanzada.com.mx\/wp-content\/uploads\/2025\/05\/Entregan-Beca-Ucol-Kiosko-a-50-alumnas-destacadas_Diana-1200x800.jpg 1200w, https:\/\/diarioavanzada.com.mx\/wp-content\/uploads\/2025\/05\/Entregan-Beca-Ucol-Kiosko-a-50-alumnas-destacadas_Diana.jpg 1224w\" sizes=\"auto, (max-width: 1024px) 100vw, 1024px\" \/><\/figure>\n\n\n\n<figure class=\"wp-block-image size-large\"><img loading=\"lazy\" decoding=\"async\" width=\"1024\" height=\"683\" src=\"https:\/\/diarioavanzada.com.mx\/wp-content\/uploads\/2025\/05\/Entregan-Beca-Ucol-Kiosko-a-50-alumnas-destacadas_a-1024x683.jpg\" alt=\"\" class=\"wp-image-85216\" srcset=\"https:\/\/diarioavanzada.com.mx\/wp-content\/uploads\/2025\/05\/Entregan-Beca-Ucol-Kiosko-a-50-alumnas-destacadas_a-1024x683.jpg 1024w, https:\/\/diarioavanzada.com.mx\/wp-content\/uploads\/2025\/05\/Entregan-Beca-Ucol-Kiosko-a-50-alumnas-destacadas_a-300x200.jpg 300w, https:\/\/diarioavanzada.com.mx\/wp-content\/uploads\/2025\/05\/Entregan-Beca-Ucol-Kiosko-a-50-alumnas-destacadas_a-768x512.jpg 768w, https:\/\/diarioavanzada.com.mx\/wp-content\/uploads\/2025\/05\/Entregan-Beca-Ucol-Kiosko-a-50-alumnas-destacadas_a-1200x800.jpg 1200w, https:\/\/diarioavanzada.com.mx\/wp-content\/uploads\/2025\/05\/Entregan-Beca-Ucol-Kiosko-a-50-alumnas-destacadas_a.jpg 1224w\" sizes=\"auto, (max-width: 1024px) 100vw, 1024px\" \/><\/figure>\n\n\n\n<figure class=\"wp-block-image size-large\"><img loading=\"lazy\" decoding=\"async\" width=\"1024\" height=\"683\" src=\"https:\/\/diarioavanzada.com.mx\/wp-content\/uploads\/2025\/05\/Entregan-Beca-Ucol-Kiosko-a-50-alumnas-destacadas_Fernando-1024x683.jpg\" alt=\"\" class=\"wp-image-85218\" srcset=\"https:\/\/diarioavanzada.com.mx\/wp-content\/uploads\/2025\/05\/Entregan-Beca-Ucol-Kiosko-a-50-alumnas-destacadas_Fernando-1024x683.jpg 1024w, https:\/\/diarioavanzada.com.mx\/wp-content\/uploads\/2025\/05\/Entregan-Beca-Ucol-Kiosko-a-50-alumnas-destacadas_Fernando-300x200.jpg 300w, https:\/\/diarioavanzada.com.mx\/wp-content\/uploads\/2025\/05\/Entregan-Beca-Ucol-Kiosko-a-50-alumnas-destacadas_Fernando-768x512.jpg 768w, https:\/\/diarioavanzada.com.mx\/wp-content\/uploads\/2025\/05\/Entregan-Beca-Ucol-Kiosko-a-50-alumnas-destacadas_Fernando-1200x800.jpg 1200w, https:\/\/diarioavanzada.com.mx\/wp-content\/uploads\/2025\/05\/Entregan-Beca-Ucol-Kiosko-a-50-alumnas-destacadas_Fernando.jpg 1224w\" sizes=\"auto, (max-width: 1024px) 100vw, 1024px\" \/><\/figure>\n\n\n\n<figure class=\"wp-block-image size-large\"><img loading=\"lazy\" decoding=\"async\" width=\"1024\" height=\"683\" src=\"https:\/\/diarioavanzada.com.mx\/wp-content\/uploads\/2025\/05\/Entregan-Beca-Ucol-Kiosko-a-50-alumnas-destacadas_Rector-1024x683.jpg\" alt=\"\" class=\"wp-image-85219\" srcset=\"https:\/\/diarioavanzada.com.mx\/wp-content\/uploads\/2025\/05\/Entregan-Beca-Ucol-Kiosko-a-50-alumnas-destacadas_Rector-1024x683.jpg 1024w, https:\/\/diarioavanzada.com.mx\/wp-content\/uploads\/2025\/05\/Entregan-Beca-Ucol-Kiosko-a-50-alumnas-destacadas_Rector-300x200.jpg 300w, https:\/\/diarioavanzada.com.mx\/wp-content\/uploads\/2025\/05\/Entregan-Beca-Ucol-Kiosko-a-50-alumnas-destacadas_Rector-768x512.jpg 768w, https:\/\/diarioavanzada.com.mx\/wp-content\/uploads\/2025\/05\/Entregan-Beca-Ucol-Kiosko-a-50-alumnas-destacadas_Rector-1200x800.jpg 1200w, https:\/\/diarioavanzada.com.mx\/wp-content\/uploads\/2025\/05\/Entregan-Beca-Ucol-Kiosko-a-50-alumnas-destacadas_Rector.jpg 1224w\" sizes=\"auto, (max-width: 1024px) 100vw, 1024px\" \/><\/figure>\n<div class=\"fb-background-color\">\n\t\t\t  <div \n\t\t\t  \tclass = \"fb-comments\" \n\t\t\t  \tdata-href = \"https:\/\/diarioavanzada.com.mx\/?p=85210\"\n\t\t\t  \tdata-numposts = \"10\"\n\t\t\t  \tdata-lazy = \"true\"\n\t\t\t\tdata-colorscheme = \"light\"\n\t\t\t\tdata-order-by = \"social\"\n\t\t\t\tdata-mobile=true>\n\t\t\t  <\/div><\/div>\n\t\t  <style>\n\t\t    .fb-background-color {\n\t\t\t\tbackground:  !important;\n\t\t\t}\n\t\t\t.fb_iframe_widget_fluid_desktop iframe {\n\t\t\t    width: 100% !important;\n\t\t\t}\n\t\t  <\/style>\n\t\t  ","protected":false},"excerpt":{"rendered":"<p>\u201cCon esta beca no s\u00f3lo impactan en la vida de una joven estudiante, sino tambi\u00e9n en el presente y futuro de nuestra familia\u201d: Patricia Mundo, estudiante de Arquitectura y Dise\u00f1o. Colima, M\u00e9xico, Comunicado (06\/05\/2025).- El rector de la Universidad de Colima, Christian Jorge Torres Ortiz Zerme\u00f1o y Fernando Velasco M\u00e1rquez, director general de Kiosko, encabezaron [&hellip;]<\/p>\n","protected":false},"author":7,"featured_media":85222,"comment_status":"closed","ping_status":"closed","sticky":false,"template":"","format":"standard","meta":{"_coblocks_attr":"","_coblocks_dimensions":"","_coblocks_responsive_height":"","_coblocks_accordion_ie_support":"","_crdt_document":"","advanced_seo_description":"","jetpack_seo_html_title":"","jetpack_seo_noindex":false,"_jetpack_memberships_contains_paid_content":false,"footnotes":""},"categories":[19,209,7],"tags":[],"class_list":["post-85210","post","type-post","status-publish","format-standard","has-post-thumbnail","hentry","category-colima","category-importantes","category-noticias"],"jetpack_featured_media_url":"https:\/\/diarioavanzada.com.mx\/wp-content\/uploads\/2025\/05\/c339e6b1-67a7-45de-bc38-573cd1a4321e-1.jpg","jetpack-related-posts":[],"jetpack_sharing_enabled":true,"amp_enabled":true,"_links":{"self":[{"href":"https:\/\/diarioavanzada.com.mx\/index.php?rest_route=\/wp\/v2\/posts\/85210","targetHints":{"allow":["GET"]}}],"collection":[{"href":"https:\/\/diarioavanzada.com.mx\/index.php?rest_route=\/wp\/v2\/posts"}],"about":[{"href":"https:\/\/diarioavanzada.com.mx\/index.php?rest_route=\/wp\/v2\/types\/post"}],"author":[{"embeddable":true,"href":"https:\/\/diarioavanzada.com.mx\/index.php?rest_route=\/wp\/v2\/users\/7"}],"replies":[{"embeddable":true,"href":"https:\/\/diarioavanzada.com.mx\/index.php?rest_route=%2Fwp%2Fv2%2Fcomments&post=85210"}],"version-history":[{"count":4,"href":"https:\/\/diarioavanzada.com.mx\/index.php?rest_route=\/wp\/v2\/posts\/85210\/revisions"}],"predecessor-version":[{"id":85220,"href":"https:\/\/diarioavanzada.com.mx\/index.php?rest_route=\/wp\/v2\/posts\/85210\/revisions\/85220"}],"wp:featuredmedia":[{"embeddable":true,"href":"https:\/\/diarioavanzada.com.mx\/index.php?rest_route=\/wp\/v2\/media\/85222"}],"wp:attachment":[{"href":"https:\/\/diarioavanzada.com.mx\/index.php?rest_route=%2Fwp%2Fv2%2Fmedia&parent=85210"}],"wp:term":[{"taxonomy":"category","embeddable":true,"href":"https:\/\/diarioavanzada.com.mx\/index.php?rest_route=%2Fwp%2Fv2%2Fcategories&post=85210"},{"taxonomy":"post_tag","embeddable":true,"href":"https:\/\/diarioavanzada.com.mx\/index.php?rest_route=%2Fwp%2Fv2%2Ftags&post=85210"}],"curies":[{"name":"wp","href":"https:\/\/api.w.org\/{rel}","templated":true}]}}