{"id":85196,"date":"2025-05-06T18:02:43","date_gmt":"2025-05-07T00:02:43","guid":{"rendered":"https:\/\/diarioavanzada.com.mx\/?p=85196"},"modified":"2025-05-06T18:02:43","modified_gmt":"2025-05-07T00:02:43","slug":"se-suma-udec-a-la-colecta-anual-de-bomberos-2025","status":"publish","type":"post","link":"https:\/\/diarioavanzada.com.mx\/?p=85196","title":{"rendered":"Se suma UdeC a la Colecta anual de Bomberos 2025"},"content":{"rendered":"\n<p class=\"wp-block-paragraph\"><em>\u201cCuenten con nuestra Universidad, con toda la fuerza, la voluntad de la comunidad universitaria para esta extraordinaria convocatoria. Nos comprometemos tambi\u00e9n a superar la aportaci\u00f3n que hizo la UdeC el a\u00f1o pasado\u201d: Christian Torres Ortiz.<\/em><\/p>\n\n\n\n<p class=\"wp-block-paragraph\">Colima, M\u00e9xico, Comunicado (06\/05\/2025).- Este martes, el Archivo Hist\u00f3rico de la Universidad de Colima fue sede del arranque de la tercer Colecta Anual de Bomberos 2025, a la que se sumaron gobierno del estado, las alcald\u00edas de Comala, Villa de \u00c1lvarez, Colima y Cuauht\u00e9moc, la sociedad en general y la UdeC representada por el rector Christian Jorge Torres Ortiz Zerme\u00f1o.<\/p>\n\n\n\n<p class=\"wp-block-paragraph\">En esta ocasi\u00f3n, Adolfo N\u00fa\u00f1ez Gonz\u00e1lez, secretario de Educaci\u00f3n y Cultura y Mar\u00eda Guadalupe Galindo G\u00f3mez, coordinadora del voluntariado de dicha secretar\u00eda, hicieron sonar la sirena de inicio de la colecta. La meta de este a\u00f1o es alcanzar la cantidad de un mill\u00f3n 200 mil pesos.&nbsp;<\/p>\n\n\n\n<p class=\"wp-block-paragraph\">En su intervenci\u00f3n, el rector se\u00f1al\u00f3 que quien suma no se equivoca \u201cy esta tercera colecta es una evidencia m\u00e1s que contundente de ello; es la suma de esfuerzos del gobierno del estado, de gobiernos municipales, del honorable Cuerpo de Bomberos de Colima, de la sociedad civil, de empresarios, colegios y de nuestra Universidad, aportando a una causa fundamental, estrat\u00e9gica y en la que todos debemos sumar, comprometernos y apoyar\u201d.<\/p>\n\n\n\n<p class=\"wp-block-paragraph\">En ese sentido, dijo: \u201cCuenten con la Universidad de Colima, con toda la fuerza, la voluntad de la comunidad universitaria para esta extraordinaria convocatoria. Nos comprometemos tambi\u00e9n a superar la aportaci\u00f3n que hizo la Universidad el a\u00f1o pasado.\u201d<\/p>\n\n\n\n<p class=\"wp-block-paragraph\">Francisco Javier Rodr\u00edguez Garc\u00eda, secretario de Desarrollo Econ\u00f3mico del gobierno estatal, en representaci\u00f3n de la gobernadora Indira Vizca\u00edno Silva, destac\u00f3 la gran labor que realiza el H. Cuerpo de Bomberos, as\u00ed como su patronato, \u201cen beneficio de la seguridad y protecci\u00f3n civil de los colimenses\u201d<\/p>\n\n\n\n<p class=\"wp-block-paragraph\">Agreg\u00f3 que existe el compromiso de la administraci\u00f3n estatal por buscar mecanismos para lograr la autosuficiencia financiera de esta agrupaci\u00f3n, integrada por alrededor de 160 elementos. Anunci\u00f3 que el gobierno estatal aportar\u00e1 300 mil peso a la colecta.<\/p>\n\n\n\n<p class=\"wp-block-paragraph\">V\u00edctor Manuel Urz\u00faa \u00c1lvarez, presidente del patronato del Cuerpo de Bomberos Voluntarios de Colima, dijo que esta tercera colecta servir\u00e1 para fortalecer y mejorar el nivel de atenci\u00f3n, as\u00ed como para solventar gastaos de mantenimiento y equipo en beneficio de la poblaci\u00f3n. \u201cAgradezco al Gobierno del Estado, a los municipio de Colima, Villa de \u00c1lvarez, Cuauht\u00e9moc, Comala y Colima, el respaldo de la Universidad de Colima, de la Secretar\u00eda de Educaci\u00f3n y Cultura, sindicatos, personal voluntario de Bomberos, as\u00ed como empresarios, amigos y poblaci\u00f3n en general, ya que gracias a sus donativos hemos logrado superar a\u00f1o con a\u00f1o el monto establecido en las colectas\u201d.<\/p>\n\n\n\n<p class=\"wp-block-paragraph\">V\u00edctor Urz\u00faa se\u00f1al\u00f3 que en esta tercera colecta se tiene la meta de un mill\u00f3n 200 mil pesos. \u201cCon este recurso queremos adquirir m\u00e1s equipamiento y mejorar las condiciones de nuestras unidades en servicio\u201d.<\/p>\n\n\n\n<p class=\"wp-block-paragraph\">En su intervenci\u00f3n, Germ\u00e1n Pinto Alonso, comandante de los bomberos voluntarios de Colima, resalt\u00f3 el compromiso del Cuerpo de Bomberos en la atenci\u00f3n a emergencias del estado desde hace 73 a\u00f1os. \u201cNuestra fuerza operativa la integran 160 elementos voluntarios, entre bomberos activos, honorarios, veteranos y el grupo juvenil, operando las 24 horas del d\u00eda\u201d.<\/p>\n\n\n\n<p class=\"wp-block-paragraph\">Inform\u00f3 que solamente entre 2023 y 2025 atendieron casi mil emergencias, entre incendios, rescates y diversas servicios, todos de forma gratuita \u201cpor ello, su apoyo a esta colecta no solo representa una contribuci\u00f3n econ\u00f3mica a nuestra instituci\u00f3n, sino una inversi\u00f3n directa a la seguridad y resiliencia de nuestro estado\u201d.<\/p>\n\n\n\n<p class=\"wp-block-paragraph\">Finalmente Riult Rivera, presidente municipal de Colima, resalt\u00f3 los valores de la gente voluntaria que integra el Cuerpo de Bomberos, \u201cdispuesta a entregar su existencia para proteger y salvaguardar la existencia de las y los colimenses\u201d.<\/p>\n\n\n\n<p class=\"wp-block-paragraph\">Agreg\u00f3 sentirse \u201chonrado de estar aqu\u00ed, junto a ustedes, en el inicio de la colecta anual, y que por supuesto contribuiremos para que se cumpla la meta planteada para este a\u00f1o, que las aportaciones que realicemos las hagamos pensando en nuestra propia sociedad colimense y que las hagamos reconociendo y fortaleciendo el actuar de cada uno de los integrantes del Cuerpo de Bomberos Colima\u201d.<\/p>\n\n\n\n<figure class=\"wp-block-image size-large\"><img loading=\"lazy\" decoding=\"async\" width=\"1024\" height=\"683\" src=\"https:\/\/diarioavanzada.com.mx\/wp-content\/uploads\/2025\/05\/Se-suma-UdeC-a-la-Colecta-anual-de-Bomberos-2025_b-1024x683.jpg\" alt=\"\" class=\"wp-image-85198\" srcset=\"https:\/\/diarioavanzada.com.mx\/wp-content\/uploads\/2025\/05\/Se-suma-UdeC-a-la-Colecta-anual-de-Bomberos-2025_b-1024x683.jpg 1024w, https:\/\/diarioavanzada.com.mx\/wp-content\/uploads\/2025\/05\/Se-suma-UdeC-a-la-Colecta-anual-de-Bomberos-2025_b-300x200.jpg 300w, https:\/\/diarioavanzada.com.mx\/wp-content\/uploads\/2025\/05\/Se-suma-UdeC-a-la-Colecta-anual-de-Bomberos-2025_b-768x512.jpg 768w, https:\/\/diarioavanzada.com.mx\/wp-content\/uploads\/2025\/05\/Se-suma-UdeC-a-la-Colecta-anual-de-Bomberos-2025_b-1200x800.jpg 1200w, https:\/\/diarioavanzada.com.mx\/wp-content\/uploads\/2025\/05\/Se-suma-UdeC-a-la-Colecta-anual-de-Bomberos-2025_b.jpg 1224w\" sizes=\"auto, (max-width: 1024px) 100vw, 1024px\" \/><\/figure>\n\n\n\n<figure class=\"wp-block-image size-large\"><img loading=\"lazy\" decoding=\"async\" width=\"1024\" height=\"683\" src=\"https:\/\/diarioavanzada.com.mx\/wp-content\/uploads\/2025\/05\/Se-suma-UdeC-a-la-Colecta-anual-de-Bomberos-2025_c-1024x683.jpg\" alt=\"\" class=\"wp-image-85199\" srcset=\"https:\/\/diarioavanzada.com.mx\/wp-content\/uploads\/2025\/05\/Se-suma-UdeC-a-la-Colecta-anual-de-Bomberos-2025_c-1024x683.jpg 1024w, https:\/\/diarioavanzada.com.mx\/wp-content\/uploads\/2025\/05\/Se-suma-UdeC-a-la-Colecta-anual-de-Bomberos-2025_c-300x200.jpg 300w, https:\/\/diarioavanzada.com.mx\/wp-content\/uploads\/2025\/05\/Se-suma-UdeC-a-la-Colecta-anual-de-Bomberos-2025_c-768x512.jpg 768w, https:\/\/diarioavanzada.com.mx\/wp-content\/uploads\/2025\/05\/Se-suma-UdeC-a-la-Colecta-anual-de-Bomberos-2025_c-1200x800.jpg 1200w, https:\/\/diarioavanzada.com.mx\/wp-content\/uploads\/2025\/05\/Se-suma-UdeC-a-la-Colecta-anual-de-Bomberos-2025_c.jpg 1224w\" sizes=\"auto, (max-width: 1024px) 100vw, 1024px\" \/><\/figure>\n\n\n\n<figure class=\"wp-block-image size-large\"><img loading=\"lazy\" decoding=\"async\" width=\"1024\" height=\"683\" src=\"https:\/\/diarioavanzada.com.mx\/wp-content\/uploads\/2025\/05\/Se-suma-UdeC-a-la-Colecta-anual-de-Bomberos-2025-1024x683.jpg\" alt=\"\" class=\"wp-image-85201\" srcset=\"https:\/\/diarioavanzada.com.mx\/wp-content\/uploads\/2025\/05\/Se-suma-UdeC-a-la-Colecta-anual-de-Bomberos-2025-1024x683.jpg 1024w, https:\/\/diarioavanzada.com.mx\/wp-content\/uploads\/2025\/05\/Se-suma-UdeC-a-la-Colecta-anual-de-Bomberos-2025-300x200.jpg 300w, https:\/\/diarioavanzada.com.mx\/wp-content\/uploads\/2025\/05\/Se-suma-UdeC-a-la-Colecta-anual-de-Bomberos-2025-768x512.jpg 768w, https:\/\/diarioavanzada.com.mx\/wp-content\/uploads\/2025\/05\/Se-suma-UdeC-a-la-Colecta-anual-de-Bomberos-2025-1200x800.jpg 1200w, https:\/\/diarioavanzada.com.mx\/wp-content\/uploads\/2025\/05\/Se-suma-UdeC-a-la-Colecta-anual-de-Bomberos-2025.jpg 1224w\" sizes=\"auto, (max-width: 1024px) 100vw, 1024px\" \/><\/figure>\n\n\n\n<figure class=\"wp-block-image size-large\"><img loading=\"lazy\" decoding=\"async\" width=\"1024\" height=\"683\" src=\"https:\/\/diarioavanzada.com.mx\/wp-content\/uploads\/2025\/05\/Se-suma-UdeC-a-la-Colecta-anual-de-Bomberos-2025_d-1024x683.jpg\" alt=\"\" class=\"wp-image-85203\" srcset=\"https:\/\/diarioavanzada.com.mx\/wp-content\/uploads\/2025\/05\/Se-suma-UdeC-a-la-Colecta-anual-de-Bomberos-2025_d-1024x683.jpg 1024w, https:\/\/diarioavanzada.com.mx\/wp-content\/uploads\/2025\/05\/Se-suma-UdeC-a-la-Colecta-anual-de-Bomberos-2025_d-300x200.jpg 300w, https:\/\/diarioavanzada.com.mx\/wp-content\/uploads\/2025\/05\/Se-suma-UdeC-a-la-Colecta-anual-de-Bomberos-2025_d-768x512.jpg 768w, https:\/\/diarioavanzada.com.mx\/wp-content\/uploads\/2025\/05\/Se-suma-UdeC-a-la-Colecta-anual-de-Bomberos-2025_d-1200x800.jpg 1200w, https:\/\/diarioavanzada.com.mx\/wp-content\/uploads\/2025\/05\/Se-suma-UdeC-a-la-Colecta-anual-de-Bomberos-2025_d.jpg 1224w\" sizes=\"auto, (max-width: 1024px) 100vw, 1024px\" \/><\/figure>\n\n\n\n<figure class=\"wp-block-image size-large\"><img loading=\"lazy\" decoding=\"async\" width=\"1024\" height=\"683\" src=\"https:\/\/diarioavanzada.com.mx\/wp-content\/uploads\/2025\/05\/Se-suma-UdeC-a-la-Colecta-anual-de-Bomberos-2025_e-1024x683.jpg\" alt=\"\" class=\"wp-image-85204\" srcset=\"https:\/\/diarioavanzada.com.mx\/wp-content\/uploads\/2025\/05\/Se-suma-UdeC-a-la-Colecta-anual-de-Bomberos-2025_e-1024x683.jpg 1024w, https:\/\/diarioavanzada.com.mx\/wp-content\/uploads\/2025\/05\/Se-suma-UdeC-a-la-Colecta-anual-de-Bomberos-2025_e-300x200.jpg 300w, https:\/\/diarioavanzada.com.mx\/wp-content\/uploads\/2025\/05\/Se-suma-UdeC-a-la-Colecta-anual-de-Bomberos-2025_e-768x512.jpg 768w, https:\/\/diarioavanzada.com.mx\/wp-content\/uploads\/2025\/05\/Se-suma-UdeC-a-la-Colecta-anual-de-Bomberos-2025_e-1200x800.jpg 1200w, https:\/\/diarioavanzada.com.mx\/wp-content\/uploads\/2025\/05\/Se-suma-UdeC-a-la-Colecta-anual-de-Bomberos-2025_e.jpg 1224w\" sizes=\"auto, (max-width: 1024px) 100vw, 1024px\" \/><\/figure>\n\n\n\n<figure class=\"wp-block-image size-large\"><img loading=\"lazy\" decoding=\"async\" width=\"1024\" height=\"683\" src=\"https:\/\/diarioavanzada.com.mx\/wp-content\/uploads\/2025\/05\/Se-suma-UdeC-a-la-Colecta-anual-de-Bomberos-2025_g-1024x683.jpg\" alt=\"\" class=\"wp-image-85206\" srcset=\"https:\/\/diarioavanzada.com.mx\/wp-content\/uploads\/2025\/05\/Se-suma-UdeC-a-la-Colecta-anual-de-Bomberos-2025_g-1024x683.jpg 1024w, https:\/\/diarioavanzada.com.mx\/wp-content\/uploads\/2025\/05\/Se-suma-UdeC-a-la-Colecta-anual-de-Bomberos-2025_g-300x200.jpg 300w, https:\/\/diarioavanzada.com.mx\/wp-content\/uploads\/2025\/05\/Se-suma-UdeC-a-la-Colecta-anual-de-Bomberos-2025_g-768x512.jpg 768w, https:\/\/diarioavanzada.com.mx\/wp-content\/uploads\/2025\/05\/Se-suma-UdeC-a-la-Colecta-anual-de-Bomberos-2025_g-1200x800.jpg 1200w, https:\/\/diarioavanzada.com.mx\/wp-content\/uploads\/2025\/05\/Se-suma-UdeC-a-la-Colecta-anual-de-Bomberos-2025_g.jpg 1224w\" sizes=\"auto, (max-width: 1024px) 100vw, 1024px\" \/><\/figure>\n\n\n\n<figure class=\"wp-block-image size-large\"><img loading=\"lazy\" decoding=\"async\" width=\"1024\" height=\"683\" src=\"https:\/\/diarioavanzada.com.mx\/wp-content\/uploads\/2025\/05\/Se-suma-UdeC-a-la-Colecta-anual-de-Bomberos-2025_Riult-1024x683.jpg\" alt=\"\" class=\"wp-image-85207\" srcset=\"https:\/\/diarioavanzada.com.mx\/wp-content\/uploads\/2025\/05\/Se-suma-UdeC-a-la-Colecta-anual-de-Bomberos-2025_Riult-1024x683.jpg 1024w, https:\/\/diarioavanzada.com.mx\/wp-content\/uploads\/2025\/05\/Se-suma-UdeC-a-la-Colecta-anual-de-Bomberos-2025_Riult-300x200.jpg 300w, https:\/\/diarioavanzada.com.mx\/wp-content\/uploads\/2025\/05\/Se-suma-UdeC-a-la-Colecta-anual-de-Bomberos-2025_Riult-768x512.jpg 768w, https:\/\/diarioavanzada.com.mx\/wp-content\/uploads\/2025\/05\/Se-suma-UdeC-a-la-Colecta-anual-de-Bomberos-2025_Riult-1200x800.jpg 1200w, https:\/\/diarioavanzada.com.mx\/wp-content\/uploads\/2025\/05\/Se-suma-UdeC-a-la-Colecta-anual-de-Bomberos-2025_Riult.jpg 1224w\" sizes=\"auto, (max-width: 1024px) 100vw, 1024px\" \/><\/figure>\n\n\n\n<figure class=\"wp-block-image size-large\"><img loading=\"lazy\" decoding=\"async\" width=\"1024\" height=\"683\" src=\"https:\/\/diarioavanzada.com.mx\/wp-content\/uploads\/2025\/05\/Se-suma-UdeC-a-la-Colecta-anual-de-Bomberos-2025_Rector-1024x683.jpg\" alt=\"\" class=\"wp-image-85208\" srcset=\"https:\/\/diarioavanzada.com.mx\/wp-content\/uploads\/2025\/05\/Se-suma-UdeC-a-la-Colecta-anual-de-Bomberos-2025_Rector-1024x683.jpg 1024w, https:\/\/diarioavanzada.com.mx\/wp-content\/uploads\/2025\/05\/Se-suma-UdeC-a-la-Colecta-anual-de-Bomberos-2025_Rector-300x200.jpg 300w, https:\/\/diarioavanzada.com.mx\/wp-content\/uploads\/2025\/05\/Se-suma-UdeC-a-la-Colecta-anual-de-Bomberos-2025_Rector-768x512.jpg 768w, https:\/\/diarioavanzada.com.mx\/wp-content\/uploads\/2025\/05\/Se-suma-UdeC-a-la-Colecta-anual-de-Bomberos-2025_Rector-1200x800.jpg 1200w, https:\/\/diarioavanzada.com.mx\/wp-content\/uploads\/2025\/05\/Se-suma-UdeC-a-la-Colecta-anual-de-Bomberos-2025_Rector.jpg 1224w\" sizes=\"auto, (max-width: 1024px) 100vw, 1024px\" \/><\/figure>\n<div class=\"fb-background-color\">\n\t\t\t  <div \n\t\t\t  \tclass = \"fb-comments\" \n\t\t\t  \tdata-href = \"https:\/\/diarioavanzada.com.mx\/?p=85196\"\n\t\t\t  \tdata-numposts = \"10\"\n\t\t\t  \tdata-lazy = \"true\"\n\t\t\t\tdata-colorscheme = \"light\"\n\t\t\t\tdata-order-by = \"social\"\n\t\t\t\tdata-mobile=true>\n\t\t\t  <\/div><\/div>\n\t\t  <style>\n\t\t    .fb-background-color {\n\t\t\t\tbackground:  !important;\n\t\t\t}\n\t\t\t.fb_iframe_widget_fluid_desktop iframe {\n\t\t\t    width: 100% !important;\n\t\t\t}\n\t\t  <\/style>\n\t\t  ","protected":false},"excerpt":{"rendered":"<p>\u201cCuenten con nuestra Universidad, con toda la fuerza, la voluntad de la comunidad universitaria para esta extraordinaria convocatoria. Nos comprometemos tambi\u00e9n a superar la aportaci\u00f3n que hizo la UdeC el a\u00f1o pasado\u201d: Christian Torres Ortiz. Colima, M\u00e9xico, Comunicado (06\/05\/2025).- Este martes, el Archivo Hist\u00f3rico de la Universidad de Colima fue sede del arranque de la [&hellip;]<\/p>\n","protected":false},"author":7,"featured_media":85211,"comment_status":"closed","ping_status":"closed","sticky":false,"template":"","format":"standard","meta":{"_coblocks_attr":"","_coblocks_dimensions":"","_coblocks_responsive_height":"","_coblocks_accordion_ie_support":"","_crdt_document":"","advanced_seo_description":"","jetpack_seo_html_title":"","jetpack_seo_noindex":false,"_jetpack_memberships_contains_paid_content":false,"footnotes":""},"categories":[19,209,7],"tags":[],"class_list":["post-85196","post","type-post","status-publish","format-standard","has-post-thumbnail","hentry","category-colima","category-importantes","category-noticias"],"jetpack_featured_media_url":"https:\/\/diarioavanzada.com.mx\/wp-content\/uploads\/2025\/05\/a01b0a28-e1ed-4196-94b4-7d6352b194dd-1.jpg","jetpack-related-posts":[],"jetpack_sharing_enabled":true,"amp_enabled":true,"_links":{"self":[{"href":"https:\/\/diarioavanzada.com.mx\/index.php?rest_route=\/wp\/v2\/posts\/85196","targetHints":{"allow":["GET"]}}],"collection":[{"href":"https:\/\/diarioavanzada.com.mx\/index.php?rest_route=\/wp\/v2\/posts"}],"about":[{"href":"https:\/\/diarioavanzada.com.mx\/index.php?rest_route=\/wp\/v2\/types\/post"}],"author":[{"embeddable":true,"href":"https:\/\/diarioavanzada.com.mx\/index.php?rest_route=\/wp\/v2\/users\/7"}],"replies":[{"embeddable":true,"href":"https:\/\/diarioavanzada.com.mx\/index.php?rest_route=%2Fwp%2Fv2%2Fcomments&post=85196"}],"version-history":[{"count":5,"href":"https:\/\/diarioavanzada.com.mx\/index.php?rest_route=\/wp\/v2\/posts\/85196\/revisions"}],"predecessor-version":[{"id":85209,"href":"https:\/\/diarioavanzada.com.mx\/index.php?rest_route=\/wp\/v2\/posts\/85196\/revisions\/85209"}],"wp:featuredmedia":[{"embeddable":true,"href":"https:\/\/diarioavanzada.com.mx\/index.php?rest_route=\/wp\/v2\/media\/85211"}],"wp:attachment":[{"href":"https:\/\/diarioavanzada.com.mx\/index.php?rest_route=%2Fwp%2Fv2%2Fmedia&parent=85196"}],"wp:term":[{"taxonomy":"category","embeddable":true,"href":"https:\/\/diarioavanzada.com.mx\/index.php?rest_route=%2Fwp%2Fv2%2Fcategories&post=85196"},{"taxonomy":"post_tag","embeddable":true,"href":"https:\/\/diarioavanzada.com.mx\/index.php?rest_route=%2Fwp%2Fv2%2Ftags&post=85196"}],"curies":[{"name":"wp","href":"https:\/\/api.w.org\/{rel}","templated":true}]}}