{"id":85177,"date":"2025-05-06T14:36:44","date_gmt":"2025-05-06T20:36:44","guid":{"rendered":"https:\/\/diarioavanzada.com.mx\/?p=85177"},"modified":"2025-05-06T14:36:44","modified_gmt":"2025-05-06T20:36:44","slug":"buscan-a-citlalli-elizabeth-solorzano-rodriguez-desaparecio-en-colima","status":"publish","type":"post","link":"https:\/\/diarioavanzada.com.mx\/?p=85177","title":{"rendered":"Buscan a Citlalli Elizabeth Solorzano Rodr\u00edguez, desapareci\u00f3 en Colima"},"content":{"rendered":"\n<p class=\"p1 wp-block-paragraph\">Colima, M\u00e9xico, Avanzada (06\/05\/2025).- La Comisi\u00f3n de B\u00fasqueda de Personas del Estado de Colima emiti\u00f3 una alerta urgente para localizar a Citlalli Elizabeth Solorzano Rodr\u00edguez, una menor de 14 a\u00f1os que desapareci\u00f3 el pasado 5 de mayo en la ciudad de Colima.<\/p>\n\n\n\n<p class=\"p1 wp-block-paragraph\">Citlalli fue reportada como desaparecida el 6 de mayo. Al momento de su desaparici\u00f3n, vest\u00eda una blusa de manga 3\/4 color verde, pantal\u00f3n de mezclilla azul y sandalias. La joven mide 1.78 metros, tiene el rostro redondo, nariz respingada y grande, ojos grandes de color caf\u00e9 oscuros y cabello largo de tono casta\u00f1o. Su tez es morena clara y no cuenta con se\u00f1as particulares visibles.<\/p>\n\n\n\n<p class=\"p1 wp-block-paragraph\">La Comisi\u00f3n hace un llamado urgente a la poblaci\u00f3n para colaborar con cualquier informaci\u00f3n que ayude a dar con su paradero. Se ha habilitado el n\u00famero de contacto 312 131 3809 para reportes o datos relevantes.<\/p>\n\n\n\n<p class=\"p1 wp-block-paragraph\">Cualquier ayuda o difusi\u00f3n es crucial en las primeras horas tras una desaparici\u00f3n, especialmente en casos que involucran a menores de edad.<\/p>\n\n\n\n<figure class=\"wp-block-image size-large\"><img loading=\"lazy\" decoding=\"async\" width=\"940\" height=\"788\" src=\"https:\/\/diarioavanzada.com.mx\/wp-content\/uploads\/2025\/05\/img_2331-1.jpg\" class=\"wp-image-85175\" srcset=\"https:\/\/diarioavanzada.com.mx\/wp-content\/uploads\/2025\/05\/img_2331-1.jpg 940w, https:\/\/diarioavanzada.com.mx\/wp-content\/uploads\/2025\/05\/img_2331-1-300x251.jpg 300w, https:\/\/diarioavanzada.com.mx\/wp-content\/uploads\/2025\/05\/img_2331-1-768x644.jpg 768w\" sizes=\"auto, (max-width: 940px) 100vw, 940px\" \/><\/figure>\n<div class=\"fb-background-color\">\n\t\t\t  <div \n\t\t\t  \tclass = \"fb-comments\" \n\t\t\t  \tdata-href = \"https:\/\/diarioavanzada.com.mx\/?p=85177\"\n\t\t\t  \tdata-numposts = \"10\"\n\t\t\t  \tdata-lazy = \"true\"\n\t\t\t\tdata-colorscheme = \"light\"\n\t\t\t\tdata-order-by = \"social\"\n\t\t\t\tdata-mobile=true>\n\t\t\t  <\/div><\/div>\n\t\t  <style>\n\t\t    .fb-background-color {\n\t\t\t\tbackground:  !important;\n\t\t\t}\n\t\t\t.fb_iframe_widget_fluid_desktop iframe {\n\t\t\t    width: 100% !important;\n\t\t\t}\n\t\t  <\/style>\n\t\t  ","protected":false},"excerpt":{"rendered":"<p>Colima, M\u00e9xico, Avanzada (06\/05\/2025).- La Comisi\u00f3n de B\u00fasqueda de Personas del Estado de Colima emiti\u00f3 una alerta urgente para localizar a Citlalli Elizabeth Solorzano Rodr\u00edguez, una menor de 14 a\u00f1os que desapareci\u00f3 el pasado 5 de mayo en la ciudad de Colima. Citlalli fue reportada como desaparecida el 6 de mayo. Al momento de su [&hellip;]<\/p>\n","protected":false},"author":7,"featured_media":85176,"comment_status":"closed","ping_status":"closed","sticky":false,"template":"","format":"standard","meta":{"_coblocks_attr":"","_coblocks_dimensions":"","_coblocks_responsive_height":"","_coblocks_accordion_ie_support":"","_crdt_document":"","advanced_seo_description":"","jetpack_seo_html_title":"","jetpack_seo_noindex":false,"_jetpack_memberships_contains_paid_content":false,"footnotes":""},"categories":[19,209,7,231],"tags":[210],"class_list":["post-85177","post","type-post","status-publish","format-standard","has-post-thumbnail","hentry","category-colima","category-importantes","category-noticias","category-seguridad","tag-portada"],"jetpack_featured_media_url":"https:\/\/diarioavanzada.com.mx\/wp-content\/uploads\/2025\/05\/img_2331-2-1.jpg","jetpack-related-posts":[],"jetpack_sharing_enabled":true,"amp_enabled":true,"_links":{"self":[{"href":"https:\/\/diarioavanzada.com.mx\/index.php?rest_route=\/wp\/v2\/posts\/85177","targetHints":{"allow":["GET"]}}],"collection":[{"href":"https:\/\/diarioavanzada.com.mx\/index.php?rest_route=\/wp\/v2\/posts"}],"about":[{"href":"https:\/\/diarioavanzada.com.mx\/index.php?rest_route=\/wp\/v2\/types\/post"}],"author":[{"embeddable":true,"href":"https:\/\/diarioavanzada.com.mx\/index.php?rest_route=\/wp\/v2\/users\/7"}],"replies":[{"embeddable":true,"href":"https:\/\/diarioavanzada.com.mx\/index.php?rest_route=%2Fwp%2Fv2%2Fcomments&post=85177"}],"version-history":[{"count":0,"href":"https:\/\/diarioavanzada.com.mx\/index.php?rest_route=\/wp\/v2\/posts\/85177\/revisions"}],"wp:featuredmedia":[{"embeddable":true,"href":"https:\/\/diarioavanzada.com.mx\/index.php?rest_route=\/wp\/v2\/media\/85176"}],"wp:attachment":[{"href":"https:\/\/diarioavanzada.com.mx\/index.php?rest_route=%2Fwp%2Fv2%2Fmedia&parent=85177"}],"wp:term":[{"taxonomy":"category","embeddable":true,"href":"https:\/\/diarioavanzada.com.mx\/index.php?rest_route=%2Fwp%2Fv2%2Fcategories&post=85177"},{"taxonomy":"post_tag","embeddable":true,"href":"https:\/\/diarioavanzada.com.mx\/index.php?rest_route=%2Fwp%2Fv2%2Ftags&post=85177"}],"curies":[{"name":"wp","href":"https:\/\/api.w.org\/{rel}","templated":true}]}}