{"id":85173,"date":"2025-05-06T13:46:03","date_gmt":"2025-05-06T19:46:03","guid":{"rendered":"https:\/\/diarioavanzada.com.mx\/?p=85173"},"modified":"2025-05-06T13:46:03","modified_gmt":"2025-05-06T19:46:03","slug":"buscan-a-karina-yasmin-guajardo-bracamontes-menor-desaparecida-en-colima","status":"publish","type":"post","link":"https:\/\/diarioavanzada.com.mx\/?p=85173","title":{"rendered":"Buscan a Karina Yasmin Guajardo Bracamontes, menor desaparecida en Colima"},"content":{"rendered":"\n<p class=\"p1 wp-block-paragraph\">Colima, M\u00e9xico, Avanzada (06\/05\/2025).- La Comisi\u00f3n de B\u00fasqueda de Personas del Estado de Colima emiti\u00f3 una alerta para localizar a Karina Yasmin Guajardo Bracamontes, una adolescente de 15 a\u00f1os que fue vista por \u00faltima vez el pasado 3 de mayo en la ciudad de Colima.<\/p>\n\n\n\n<p class=\"p1 wp-block-paragraph\">La denuncia de desaparici\u00f3n fue presentada el 6 de mayo, y hasta el momento no se cuenta con informaci\u00f3n sobre la vestimenta que portaba al momento de su desaparici\u00f3n. Karina es de complexi\u00f3n delgada, tiene el rostro ovalado, nariz mediana, ojos peque\u00f1os y piel morena clara. Su cabello es largo, ondulado y de color negro.<\/p>\n\n\n\n<p class=\"p1 wp-block-paragraph\">La comisi\u00f3n hace un llamado a la ciudadan\u00eda a colaborar con cualquier informaci\u00f3n que pueda ayudar a dar con su paradero. Para ello, se ha puesto a disposici\u00f3n el n\u00famero de contacto 312 131 3809, adem\u00e1s de las redes sociales oficiales de la instituci\u00f3n.<\/p>\n\n\n\n<p class=\"p1 wp-block-paragraph\">Las autoridades reiteran la importancia de actuar con rapidez en casos de desaparici\u00f3n de menores y solicitan a la poblaci\u00f3n estar atenta y compartir la informaci\u00f3n difundida.<\/p>\n\n\n\n<p class=\"p1 wp-block-paragraph\"><\/p>\n\n\n\n<figure class=\"wp-block-image size-large\"><img loading=\"lazy\" decoding=\"async\" width=\"940\" height=\"788\" src=\"https:\/\/diarioavanzada.com.mx\/wp-content\/uploads\/2025\/05\/img_2332-1.jpg\" class=\"wp-image-85171\" srcset=\"https:\/\/diarioavanzada.com.mx\/wp-content\/uploads\/2025\/05\/img_2332-1.jpg 940w, https:\/\/diarioavanzada.com.mx\/wp-content\/uploads\/2025\/05\/img_2332-1-300x251.jpg 300w, https:\/\/diarioavanzada.com.mx\/wp-content\/uploads\/2025\/05\/img_2332-1-768x644.jpg 768w\" sizes=\"auto, (max-width: 940px) 100vw, 940px\" \/><\/figure>\n\n\n\n<p class=\"wp-block-paragraph\"><\/p>\n<div class=\"fb-background-color\">\n\t\t\t  <div \n\t\t\t  \tclass = \"fb-comments\" \n\t\t\t  \tdata-href = \"https:\/\/diarioavanzada.com.mx\/?p=85173\"\n\t\t\t  \tdata-numposts = \"10\"\n\t\t\t  \tdata-lazy = \"true\"\n\t\t\t\tdata-colorscheme = \"light\"\n\t\t\t\tdata-order-by = \"social\"\n\t\t\t\tdata-mobile=true>\n\t\t\t  <\/div><\/div>\n\t\t  <style>\n\t\t    .fb-background-color {\n\t\t\t\tbackground:  !important;\n\t\t\t}\n\t\t\t.fb_iframe_widget_fluid_desktop iframe {\n\t\t\t    width: 100% !important;\n\t\t\t}\n\t\t  <\/style>\n\t\t  ","protected":false},"excerpt":{"rendered":"<p>Colima, M\u00e9xico, Avanzada (06\/05\/2025).- La Comisi\u00f3n de B\u00fasqueda de Personas del Estado de Colima emiti\u00f3 una alerta para localizar a Karina Yasmin Guajardo Bracamontes, una adolescente de 15 a\u00f1os que fue vista por \u00faltima vez el pasado 3 de mayo en la ciudad de Colima. La denuncia de desaparici\u00f3n fue presentada el 6 de mayo, [&hellip;]<\/p>\n","protected":false},"author":7,"featured_media":85172,"comment_status":"closed","ping_status":"closed","sticky":false,"template":"","format":"standard","meta":{"_coblocks_attr":"","_coblocks_dimensions":"","_coblocks_responsive_height":"","_coblocks_accordion_ie_support":"","_crdt_document":"","advanced_seo_description":"","jetpack_seo_html_title":"","jetpack_seo_noindex":false,"_jetpack_memberships_contains_paid_content":false,"footnotes":""},"categories":[19,209,7,231],"tags":[210],"class_list":["post-85173","post","type-post","status-publish","format-standard","has-post-thumbnail","hentry","category-colima","category-importantes","category-noticias","category-seguridad","tag-portada"],"jetpack_featured_media_url":"https:\/\/diarioavanzada.com.mx\/wp-content\/uploads\/2025\/05\/img_2333-1.png","jetpack-related-posts":[],"jetpack_sharing_enabled":true,"amp_enabled":true,"_links":{"self":[{"href":"https:\/\/diarioavanzada.com.mx\/index.php?rest_route=\/wp\/v2\/posts\/85173","targetHints":{"allow":["GET"]}}],"collection":[{"href":"https:\/\/diarioavanzada.com.mx\/index.php?rest_route=\/wp\/v2\/posts"}],"about":[{"href":"https:\/\/diarioavanzada.com.mx\/index.php?rest_route=\/wp\/v2\/types\/post"}],"author":[{"embeddable":true,"href":"https:\/\/diarioavanzada.com.mx\/index.php?rest_route=\/wp\/v2\/users\/7"}],"replies":[{"embeddable":true,"href":"https:\/\/diarioavanzada.com.mx\/index.php?rest_route=%2Fwp%2Fv2%2Fcomments&post=85173"}],"version-history":[{"count":0,"href":"https:\/\/diarioavanzada.com.mx\/index.php?rest_route=\/wp\/v2\/posts\/85173\/revisions"}],"wp:featuredmedia":[{"embeddable":true,"href":"https:\/\/diarioavanzada.com.mx\/index.php?rest_route=\/wp\/v2\/media\/85172"}],"wp:attachment":[{"href":"https:\/\/diarioavanzada.com.mx\/index.php?rest_route=%2Fwp%2Fv2%2Fmedia&parent=85173"}],"wp:term":[{"taxonomy":"category","embeddable":true,"href":"https:\/\/diarioavanzada.com.mx\/index.php?rest_route=%2Fwp%2Fv2%2Fcategories&post=85173"},{"taxonomy":"post_tag","embeddable":true,"href":"https:\/\/diarioavanzada.com.mx\/index.php?rest_route=%2Fwp%2Fv2%2Ftags&post=85173"}],"curies":[{"name":"wp","href":"https:\/\/api.w.org\/{rel}","templated":true}]}}