{"id":85167,"date":"2025-05-06T15:34:30","date_gmt":"2025-05-06T21:34:30","guid":{"rendered":"https:\/\/diarioavanzada.com.mx\/?p=85167"},"modified":"2025-05-06T15:34:30","modified_gmt":"2025-05-06T21:34:30","slug":"psicologa-acusa-a-alcaldesa-de-capulhuac-por-agresiones-fisicas-verbales-y-sexuales","status":"publish","type":"post","link":"https:\/\/diarioavanzada.com.mx\/?p=85167","title":{"rendered":"Psic\u00f3loga acusa a alcaldesa de Capulhuac por agresiones f\u00edsicas, verbales y sexuales"},"content":{"rendered":"\n<p class=\"p1 wp-block-paragraph\">Estado de M\u00e9xico, M\u00e9xico, Avanzada (06\/05\/2025).- Una trabajadora del Sistema DIF municipal de Capulhuac denunci\u00f3 p\u00fablicamente haber sido agredida dentro de las instalaciones de la instituci\u00f3n por la presidenta municipal, Selene Hern\u00e1ndez Herrera, militante del Partido del Trabajo (PT), as\u00ed como por familiares cercanos a la funcionaria.<\/p>\n\n\n\n<p class=\"p1 wp-block-paragraph\">En un video difundido en redes sociales, la mujer, identificada como Miriam \u201cN\u201d, declar\u00f3 que los hechos ocurrieron el pasado 2 de mayo de 2025, mientras cumpl\u00eda sus labores como psic\u00f3loga en el DIF. En el mensaje, visiblemente afectada y con lesiones en el rostro, se\u00f1al\u00f3 directamente a la alcaldesa, a su hija Andrea S\u00e1stiga Hern\u00e1ndez y a una agente de la polic\u00eda municipal, Ana Luc\u00eda R\u00edos Cano, como responsables de agresiones f\u00edsicas, verbales e incluso sexuales.<\/p>\n\n\n\n<p class=\"p1 wp-block-paragraph\">\u201cTemo por la integridad de mi familia, de mis hijos y la m\u00eda. Este suceso lo doy a conocer para que no quede impune y se visibilice el abuso de poder que ejerce esta persona en el cargo que ostenta\u201d, declar\u00f3 Miriam en el video.<\/p>\n\n\n\n<p class=\"p1 wp-block-paragraph\">La denunciante responsabiliz\u00f3 a Hern\u00e1ndez Herrera y a su hija de cualquier da\u00f1o que pudiera ocurrirle tanto a ella como a sus seres queridos, al tiempo que hizo un llamado a las autoridades competentes para que act\u00faen conforme a la ley.<\/p>\n\n\n\n<p class=\"p1 wp-block-paragraph\">Tras la difusi\u00f3n del testimonio, el Comit\u00e9 Ejecutivo Municipal del PT en Capulhuac se deslind\u00f3 de la conducta de la edil. A trav\u00e9s de un comunicado, expres\u00f3 su condena \u201cen\u00e9rgica\u201d ante los hechos relatados, y lament\u00f3 que desde el inicio de su administraci\u00f3n la presidenta no haya gobernado en concordancia con los principios del partido.<\/p>\n\n\n\n<p class=\"p1 wp-block-paragraph\">En tanto, Morena tambi\u00e9n manifest\u00f3 su rechazo a cualquier forma de violencia, incluyendo la f\u00edsica, sexual, digital y psicol\u00f3gica.<\/p>\n\n\n\n<p class=\"p1 wp-block-paragraph\">Hasta el momento, no se ha emitido una postura oficial por parte de la alcaldesa Selene Hern\u00e1ndez Herrera respecto a las acusaciones.<\/p>\n\n\n\n<figure class=\"wp-block-image size-large\"><img loading=\"lazy\" decoding=\"async\" width=\"720\" height=\"930\" src=\"https:\/\/diarioavanzada.com.mx\/wp-content\/uploads\/2025\/05\/img_8467-1.jpg\" alt=\"\" class=\"wp-image-85164\" srcset=\"https:\/\/diarioavanzada.com.mx\/wp-content\/uploads\/2025\/05\/img_8467-1.jpg 720w, https:\/\/diarioavanzada.com.mx\/wp-content\/uploads\/2025\/05\/img_8467-1-232x300.jpg 232w\" sizes=\"auto, (max-width: 720px) 100vw, 720px\" \/><\/figure>\n\n\n\n<figure class=\"wp-block-image size-large\"><img loading=\"lazy\" decoding=\"async\" width=\"720\" height=\"493\" src=\"https:\/\/diarioavanzada.com.mx\/wp-content\/uploads\/2025\/05\/img_8468-1.jpg\" alt=\"\" class=\"wp-image-85165\" srcset=\"https:\/\/diarioavanzada.com.mx\/wp-content\/uploads\/2025\/05\/img_8468-1.jpg 720w, https:\/\/diarioavanzada.com.mx\/wp-content\/uploads\/2025\/05\/img_8468-1-300x205.jpg 300w\" sizes=\"auto, (max-width: 720px) 100vw, 720px\" \/><\/figure>\n<div class=\"fb-background-color\">\n\t\t\t  <div \n\t\t\t  \tclass = \"fb-comments\" \n\t\t\t  \tdata-href = \"https:\/\/diarioavanzada.com.mx\/?p=85167\"\n\t\t\t  \tdata-numposts = \"10\"\n\t\t\t  \tdata-lazy = \"true\"\n\t\t\t\tdata-colorscheme = \"light\"\n\t\t\t\tdata-order-by = \"social\"\n\t\t\t\tdata-mobile=true>\n\t\t\t  <\/div><\/div>\n\t\t  <style>\n\t\t    .fb-background-color {\n\t\t\t\tbackground:  !important;\n\t\t\t}\n\t\t\t.fb_iframe_widget_fluid_desktop iframe {\n\t\t\t    width: 100% !important;\n\t\t\t}\n\t\t  <\/style>\n\t\t  ","protected":false},"excerpt":{"rendered":"<p>Estado de M\u00e9xico, M\u00e9xico, Avanzada (06\/05\/2025).- Una trabajadora del Sistema DIF municipal de Capulhuac denunci\u00f3 p\u00fablicamente haber sido agredida dentro de las instalaciones de la instituci\u00f3n por la presidenta municipal, Selene Hern\u00e1ndez Herrera, militante del Partido del Trabajo (PT), as\u00ed como por familiares cercanos a la funcionaria. En un video difundido en redes sociales, la [&hellip;]<\/p>\n","protected":false},"author":7,"featured_media":85166,"comment_status":"closed","ping_status":"closed","sticky":false,"template":"","format":"standard","meta":{"_coblocks_attr":"","_coblocks_dimensions":"","_coblocks_responsive_height":"","_coblocks_accordion_ie_support":"","_crdt_document":"","advanced_seo_description":"","jetpack_seo_html_title":"","jetpack_seo_noindex":false,"_jetpack_memberships_contains_paid_content":false,"footnotes":""},"categories":[22,7,231],"tags":[],"class_list":["post-85167","post","type-post","status-publish","format-standard","has-post-thumbnail","hentry","category-nacion","category-noticias","category-seguridad"],"jetpack_featured_media_url":"https:\/\/diarioavanzada.com.mx\/wp-content\/uploads\/2025\/05\/img_8472-1.jpg","jetpack-related-posts":[],"jetpack_sharing_enabled":true,"amp_enabled":true,"_links":{"self":[{"href":"https:\/\/diarioavanzada.com.mx\/index.php?rest_route=\/wp\/v2\/posts\/85167","targetHints":{"allow":["GET"]}}],"collection":[{"href":"https:\/\/diarioavanzada.com.mx\/index.php?rest_route=\/wp\/v2\/posts"}],"about":[{"href":"https:\/\/diarioavanzada.com.mx\/index.php?rest_route=\/wp\/v2\/types\/post"}],"author":[{"embeddable":true,"href":"https:\/\/diarioavanzada.com.mx\/index.php?rest_route=\/wp\/v2\/users\/7"}],"replies":[{"embeddable":true,"href":"https:\/\/diarioavanzada.com.mx\/index.php?rest_route=%2Fwp%2Fv2%2Fcomments&post=85167"}],"version-history":[{"count":2,"href":"https:\/\/diarioavanzada.com.mx\/index.php?rest_route=\/wp\/v2\/posts\/85167\/revisions"}],"predecessor-version":[{"id":85184,"href":"https:\/\/diarioavanzada.com.mx\/index.php?rest_route=\/wp\/v2\/posts\/85167\/revisions\/85184"}],"wp:featuredmedia":[{"embeddable":true,"href":"https:\/\/diarioavanzada.com.mx\/index.php?rest_route=\/wp\/v2\/media\/85166"}],"wp:attachment":[{"href":"https:\/\/diarioavanzada.com.mx\/index.php?rest_route=%2Fwp%2Fv2%2Fmedia&parent=85167"}],"wp:term":[{"taxonomy":"category","embeddable":true,"href":"https:\/\/diarioavanzada.com.mx\/index.php?rest_route=%2Fwp%2Fv2%2Fcategories&post=85167"},{"taxonomy":"post_tag","embeddable":true,"href":"https:\/\/diarioavanzada.com.mx\/index.php?rest_route=%2Fwp%2Fv2%2Ftags&post=85167"}],"curies":[{"name":"wp","href":"https:\/\/api.w.org\/{rel}","templated":true}]}}