{"id":8506,"date":"2019-11-09T07:50:25","date_gmt":"2019-11-09T12:50:25","guid":{"rendered":"https:\/\/diarioavanzada.com.mx\/?p=8506"},"modified":"2019-11-09T07:50:26","modified_gmt":"2019-11-09T12:50:26","slug":"derroches-y-mala-planeacion-originaron-que-gobierno-no-tenga-para-pagar-aguinaldos-diputado","status":"publish","type":"post","link":"https:\/\/diarioavanzada.com.mx\/?p=8506","title":{"rendered":"Derroches y mala planeaci\u00f3n originaron que gobierno no tenga para pagar aguinaldos: Diputado"},"content":{"rendered":"\n<p class=\"wp-block-paragraph\">Colima, M\u00e9xico, Avanzada (09\/11\/2019).-\u00a0Los derroches del gobierno del estado y la mala planeaci\u00f3n financiera son las causas por las cuales la administraci\u00f3n estatal no cuenta con los 600 millones de pesos para cubrir los compromisos de fin de a\u00f1o con los trabajadores.<\/p>\n\n\n\n<p class=\"wp-block-paragraph\">Lo anterior fue se\u00f1alado por el integrante de la comisi\u00f3n de Hacienda, el diputado, Francisco Rodr\u00edguez Garc\u00eda quien descalific\u00f3 el discurso del gobernador, Ignacio Peralta S\u00e1nchez en el sentido de que las complicaciones financieras se deben al recorte de participaciones federales.<\/p>\n\n\n\n<p class=\"wp-block-paragraph\">El legislador refiri\u00f3 que la Cuenta P\u00fablica del Gobierno del Estado muestra que la administraci\u00f3n estatal no ha tenido una disminuci\u00f3n significativa de recursos federales, \u201cha habido algunas situaciones por ejemplo en la disminuci\u00f3n del impuesto por autom\u00f3viles, pero eso es porque han ca\u00eddo la venta de autom\u00f3viles nuevos, pero el impacto para las finanzas estatales no es significativo\u201d.<\/p>\n\n\n\n<p class=\"wp-block-paragraph\">Indic\u00f3 que el propio secretario de Planeaci\u00f3n y Finanzas, Carlos Noriega Garc\u00eda ha declarado que las finanzas en el estado son adecuadas y aument\u00f3 la recaudaci\u00f3n, \u201centonces, su discurso no corresponde con lo que est\u00e1 declarando el gobernador, porque ya dijo que se necesitar\u00e1n 600 millones de pesos\u201d.<\/p>\n\n\n\n<p class=\"wp-block-paragraph\">Rodr\u00edguez Garc\u00eda refiri\u00f3 que desde hace a\u00f1o, el gobierno estatal y los municipios han mostrado una incapacidad financiera, y malas decisiones, \u201cno les ajusta el presupuesto y tienen que estar solicitando, pero s\u00ed vemos que tienen endeudamientos, y que gastan en cosas que no causan ning\u00fan beneficio a la ciudadan\u00eda\u201d.<\/p>\n\n\n\n<p class=\"wp-block-paragraph\">Por otra parte refiri\u00f3 que no ha llegado al Congreso del Estado una solicitud para&nbsp; el endeudamiento de 600 millones de pesos, \u201csabemos que Morena ha dicho que no apoyar\u00e1 un cr\u00e9dito, y yo digo que tendr\u00edamos que analizar la situaci\u00f3n y revisar el presupuesto real del gobierno del estado para saber si no hay rubros en los que se puedan hacer recortes. Necesitamos revisar los documentos, y si vemos que no hay opci\u00f3n, entonces aprobar un cr\u00e9dito, pero con candados y restricciones presupuestales, y asumir la responsabilidad de estar vigilando el gasto, y tomar acciones, &nbsp;porque tampoco podemos dejar a los trabajadores sin sus prestaciones\u201d, concluy\u00f3.<\/p>\n<div class=\"fb-background-color\">\n\t\t\t  <div \n\t\t\t  \tclass = \"fb-comments\" \n\t\t\t  \tdata-href = \"https:\/\/diarioavanzada.com.mx\/?p=8506\"\n\t\t\t  \tdata-numposts = \"10\"\n\t\t\t  \tdata-lazy = \"true\"\n\t\t\t\tdata-colorscheme = \"light\"\n\t\t\t\tdata-order-by = \"social\"\n\t\t\t\tdata-mobile=true>\n\t\t\t  <\/div><\/div>\n\t\t  <style>\n\t\t    .fb-background-color {\n\t\t\t\tbackground:  !important;\n\t\t\t}\n\t\t\t.fb_iframe_widget_fluid_desktop iframe {\n\t\t\t    width: 100% !important;\n\t\t\t}\n\t\t  <\/style>\n\t\t  ","protected":false},"excerpt":{"rendered":"<p>Colima, M\u00e9xico, Avanzada (09\/11\/2019).-\u00a0Los derroches del gobierno del estado y la mala planeaci\u00f3n financiera son las causas por las cuales la administraci\u00f3n estatal no cuenta con los 600 millones de pesos para cubrir los compromisos de fin de a\u00f1o con los trabajadores. Lo anterior fue se\u00f1alado por el integrante de la comisi\u00f3n de Hacienda, el [&hellip;]<\/p>\n","protected":false},"author":5,"featured_media":2587,"comment_status":"closed","ping_status":"closed","sticky":false,"template":"","format":"standard","meta":{"_coblocks_attr":"","_coblocks_dimensions":"","_coblocks_responsive_height":"","_coblocks_accordion_ie_support":"","_crdt_document":"","advanced_seo_description":"","jetpack_seo_html_title":"","jetpack_seo_noindex":false,"_jetpack_memberships_contains_paid_content":false,"footnotes":""},"categories":[19],"tags":[210],"class_list":["post-8506","post","type-post","status-publish","format-standard","has-post-thumbnail","hentry","category-colima","tag-portada"],"jetpack_featured_media_url":"https:\/\/diarioavanzada.com.mx\/wp-content\/uploads\/2018\/11\/Gobernador-de-Colima.jpg","jetpack-related-posts":[],"jetpack_sharing_enabled":true,"amp_enabled":true,"_links":{"self":[{"href":"https:\/\/diarioavanzada.com.mx\/index.php?rest_route=\/wp\/v2\/posts\/8506","targetHints":{"allow":["GET"]}}],"collection":[{"href":"https:\/\/diarioavanzada.com.mx\/index.php?rest_route=\/wp\/v2\/posts"}],"about":[{"href":"https:\/\/diarioavanzada.com.mx\/index.php?rest_route=\/wp\/v2\/types\/post"}],"author":[{"embeddable":true,"href":"https:\/\/diarioavanzada.com.mx\/index.php?rest_route=\/wp\/v2\/users\/5"}],"replies":[{"embeddable":true,"href":"https:\/\/diarioavanzada.com.mx\/index.php?rest_route=%2Fwp%2Fv2%2Fcomments&post=8506"}],"version-history":[{"count":0,"href":"https:\/\/diarioavanzada.com.mx\/index.php?rest_route=\/wp\/v2\/posts\/8506\/revisions"}],"wp:featuredmedia":[{"embeddable":true,"href":"https:\/\/diarioavanzada.com.mx\/index.php?rest_route=\/wp\/v2\/media\/2587"}],"wp:attachment":[{"href":"https:\/\/diarioavanzada.com.mx\/index.php?rest_route=%2Fwp%2Fv2%2Fmedia&parent=8506"}],"wp:term":[{"taxonomy":"category","embeddable":true,"href":"https:\/\/diarioavanzada.com.mx\/index.php?rest_route=%2Fwp%2Fv2%2Fcategories&post=8506"},{"taxonomy":"post_tag","embeddable":true,"href":"https:\/\/diarioavanzada.com.mx\/index.php?rest_route=%2Fwp%2Fv2%2Ftags&post=8506"}],"curies":[{"name":"wp","href":"https:\/\/api.w.org\/{rel}","templated":true}]}}