{"id":84809,"date":"2025-05-02T19:34:04","date_gmt":"2025-05-03T01:34:04","guid":{"rendered":"https:\/\/diarioavanzada.com.mx\/?p=84809"},"modified":"2025-05-02T19:34:04","modified_gmt":"2025-05-03T01:34:04","slug":"realiza-udec-jornada-de-limpieza-de-playas-y-fondo-marino-en-manzanillo","status":"publish","type":"post","link":"https:\/\/diarioavanzada.com.mx\/?p=84809","title":{"rendered":"Realiza UdeC jornada de limpieza de playas y fondo marino, en Manzanillo"},"content":{"rendered":"\n<p class=\"wp-block-paragraph\"><em>\u201cEs inspirador ver a tantas y tantos j\u00f3venes comprometidos con el futuro del planeta. Hoy, m\u00e1s que nunca, necesitamos sumar esfuerzos para cuidar lo que nos pertenece a todos\u201d: Blanca D\u00edaz V\u00e1zquez, presidenta del Voluntariado Universitario.<\/em><\/p>\n\n\n\n<p class=\"wp-block-paragraph\">Colima, M\u00e9xico, Comunicado (02\/04\/2025).- Esta semana, la Universidad de Colima, a trav\u00e9s de su Delegaci\u00f3n en Manzanillo y del Voluntariado Universitario, llev\u00f3 a cabo una jornada de limpieza de playas y fondo marino en el puerto, con el objetivo de fortalecer la conciencia ecol\u00f3gica y promover el cuidado del medio ambiente mediante la correcta recolecci\u00f3n y gesti\u00f3n de residuos.<\/p>\n\n\n\n<p class=\"wp-block-paragraph\">La actividad se sum\u00f3 a los esfuerzos del Sistema Institucional de Gesti\u00f3n Ambiental (SIGA) y del Centro Universitario de Gesti\u00f3n Ambiental (CEUGEA), como parte de una estrategia integral para impulsar una cultura ambiental desde la casa de estudios.<\/p>\n\n\n\n<p class=\"wp-block-paragraph\">En su mensaje de bienvenida, Blanca Liliana D\u00edaz V\u00e1zquez, presidenta del Voluntariado de la UdeC, destac\u00f3: \u201cEstas jornadas de limpieza no s\u00f3lo son un ejercicio de responsabilidad ambiental, sino tambi\u00e9n una oportunidad para que nuestra comunidad universitaria act\u00fae con sentido \u00e9tico y solidario.\u201d<\/p>\n\n\n\n<p class=\"wp-block-paragraph\">Agreg\u00f3 que \u201ces inspirador ver a tantos j\u00f3venes comprometidos con el futuro del planeta. Hoy, m\u00e1s que nunca, necesitamos sumar esfuerzos para cuidar lo que nos pertenece a todos.\u201d<\/p>\n\n\n\n<p class=\"wp-block-paragraph\">La jornada, que reuni\u00f3 a m\u00e1s de 650 estudiantes y 70 trabajadores universitarios, incluy\u00f3 la participaci\u00f3n especial de estudiantes buzos de la Facultad de Ciencias Marinas, quienes realizaron labores de limpieza submarina con el acompa\u00f1amiento de Marco Agust\u00edn Li\u00f1\u00e1n Cabello (instructor de buceo) y del Dr. Christian Ortega Ortiz.<\/p>\n\n\n\n<p class=\"wp-block-paragraph\">Las acciones se realizaron simult\u00e1neamente en las dos principales bah\u00edas del municipio: la Bah\u00eda de Manzanillo, con un tramo de aproximadamente 6 mil 607 metros, y la Bah\u00eda de Santiago, de 6 mil 321 metros. En ambas zonas, los contingentes universitarios recolectaron residuos s\u00f3lidos, separaron materiales reciclables y reflexionaron sobre la importancia de las acciones locales en la protecci\u00f3n del entorno natural.<\/p>\n\n\n\n<p class=\"wp-block-paragraph\">Participaron estudiantes y docentes de las facultades de Ciencias Marinas, Turismo y Gastronom\u00eda, Comercio Exterior, Contabilidad y Administraci\u00f3n, as\u00ed como de Ingenier\u00eda Electromec\u00e1nica, as\u00ed como de la Escuela T\u00e9cnica de Enfermer\u00eda y los bachilleratos 8, 9, 10, 14, 23 y 27. Estos planteles forman parte del campus Manzanillo de la UdeC.<\/p>\n\n\n\n<p class=\"wp-block-paragraph\">En la zona de La Boquita, una de las playas m\u00e1s concurridas del puerto, los buzos universitarios retiraron desechos como pl\u00e1sticos, latas, vidrios y redes de pesca abandonadas del fondo marino, contribuyendo as\u00ed a la preservaci\u00f3n de los ecosistemas costeros.<\/p>\n\n\n\n<p class=\"wp-block-paragraph\">Esta iniciativa reafirma el compromiso de la Universidad de Colima con la formaci\u00f3n de ciudadanos y ciudadanas conscientes, responsables y solidarios, capaces de incidir positivamente en su entorno. Bajo el lema: \u201cQuien suma no se equivoca\u201d, la instituci\u00f3n contin\u00faa fortaleciendo su cultura ambiental y el trabajo colaborativo.<\/p>\n\n\n\n<p class=\"wp-block-paragraph\">En el arranque de la jornada tambi\u00e9n estuvieron: Ana Mar\u00eda Gallardo V\u00e1zquez, delegada de la UdeC en Manzanillo; Alejandro Novela Casta\u00f1eda, presidente de la FEC; Cintia Karina Rojas Mayorga, directora del CEUGEA y Beatriz Bracamontes Ceballos, responsable del SIGA en el Voluntariado de la UdeC, acompa\u00f1adas y acompa\u00f1ados por directivos universitarios y grupos estudiantiles.<\/p>\n\n\n\n<figure class=\"wp-block-image size-large\"><img loading=\"lazy\" decoding=\"async\" width=\"1024\" height=\"768\" src=\"https:\/\/diarioavanzada.com.mx\/wp-content\/uploads\/2025\/05\/Realiza-UdeC-jornada-de-limpieza-de-playas-y-fondo-marino-en-Mzllo_b-1024x768.jpg\" alt=\"\" class=\"wp-image-84811\" srcset=\"https:\/\/diarioavanzada.com.mx\/wp-content\/uploads\/2025\/05\/Realiza-UdeC-jornada-de-limpieza-de-playas-y-fondo-marino-en-Mzllo_b-1024x768.jpg 1024w, https:\/\/diarioavanzada.com.mx\/wp-content\/uploads\/2025\/05\/Realiza-UdeC-jornada-de-limpieza-de-playas-y-fondo-marino-en-Mzllo_b-300x225.jpg 300w, https:\/\/diarioavanzada.com.mx\/wp-content\/uploads\/2025\/05\/Realiza-UdeC-jornada-de-limpieza-de-playas-y-fondo-marino-en-Mzllo_b-768x576.jpg 768w, https:\/\/diarioavanzada.com.mx\/wp-content\/uploads\/2025\/05\/Realiza-UdeC-jornada-de-limpieza-de-playas-y-fondo-marino-en-Mzllo_b-1536x1152.jpg 1536w, https:\/\/diarioavanzada.com.mx\/wp-content\/uploads\/2025\/05\/Realiza-UdeC-jornada-de-limpieza-de-playas-y-fondo-marino-en-Mzllo_b-1200x900.jpg?crop=1 1200w, https:\/\/diarioavanzada.com.mx\/wp-content\/uploads\/2025\/05\/Realiza-UdeC-jornada-de-limpieza-de-playas-y-fondo-marino-en-Mzllo_b-800x600.jpg?crop=1 800w, https:\/\/diarioavanzada.com.mx\/wp-content\/uploads\/2025\/05\/Realiza-UdeC-jornada-de-limpieza-de-playas-y-fondo-marino-en-Mzllo_b-600x450.jpg?crop=1 600w, https:\/\/diarioavanzada.com.mx\/wp-content\/uploads\/2025\/05\/Realiza-UdeC-jornada-de-limpieza-de-playas-y-fondo-marino-en-Mzllo_b-400x300.jpg?crop=1 400w, https:\/\/diarioavanzada.com.mx\/wp-content\/uploads\/2025\/05\/Realiza-UdeC-jornada-de-limpieza-de-playas-y-fondo-marino-en-Mzllo_b-200x150.jpg?crop=1 200w, https:\/\/diarioavanzada.com.mx\/wp-content\/uploads\/2025\/05\/Realiza-UdeC-jornada-de-limpieza-de-playas-y-fondo-marino-en-Mzllo_b.jpg 1600w\" sizes=\"auto, (max-width: 1024px) 100vw, 1024px\" \/><\/figure>\n\n\n\n<figure class=\"wp-block-image size-large\"><img loading=\"lazy\" decoding=\"async\" width=\"1024\" height=\"683\" src=\"https:\/\/diarioavanzada.com.mx\/wp-content\/uploads\/2025\/05\/Realiza-UdeC-jornada-de-limpieza-de-playas-y-fondo-marino-en-Mzllo_a-1024x683.jpg\" alt=\"\" class=\"wp-image-84813\" srcset=\"https:\/\/diarioavanzada.com.mx\/wp-content\/uploads\/2025\/05\/Realiza-UdeC-jornada-de-limpieza-de-playas-y-fondo-marino-en-Mzllo_a-1024x683.jpg 1024w, https:\/\/diarioavanzada.com.mx\/wp-content\/uploads\/2025\/05\/Realiza-UdeC-jornada-de-limpieza-de-playas-y-fondo-marino-en-Mzllo_a-300x200.jpg 300w, https:\/\/diarioavanzada.com.mx\/wp-content\/uploads\/2025\/05\/Realiza-UdeC-jornada-de-limpieza-de-playas-y-fondo-marino-en-Mzllo_a-768x512.jpg 768w, https:\/\/diarioavanzada.com.mx\/wp-content\/uploads\/2025\/05\/Realiza-UdeC-jornada-de-limpieza-de-playas-y-fondo-marino-en-Mzllo_a-1536x1024.jpg 1536w, https:\/\/diarioavanzada.com.mx\/wp-content\/uploads\/2025\/05\/Realiza-UdeC-jornada-de-limpieza-de-playas-y-fondo-marino-en-Mzllo_a-2048x1365.jpg 2048w, https:\/\/diarioavanzada.com.mx\/wp-content\/uploads\/2025\/05\/Realiza-UdeC-jornada-de-limpieza-de-playas-y-fondo-marino-en-Mzllo_a-1200x800.jpg 1200w\" sizes=\"auto, (max-width: 1024px) 100vw, 1024px\" \/><\/figure>\n\n\n\n<figure class=\"wp-block-image size-large\"><img loading=\"lazy\" decoding=\"async\" width=\"1024\" height=\"683\" src=\"https:\/\/diarioavanzada.com.mx\/wp-content\/uploads\/2025\/05\/Realiza-UdeC-jornada-de-limpieza-de-playas-y-fondo-marino-en-Mzllo_Ana-1024x683.jpg\" alt=\"\" class=\"wp-image-84814\" srcset=\"https:\/\/diarioavanzada.com.mx\/wp-content\/uploads\/2025\/05\/Realiza-UdeC-jornada-de-limpieza-de-playas-y-fondo-marino-en-Mzllo_Ana-1024x683.jpg 1024w, https:\/\/diarioavanzada.com.mx\/wp-content\/uploads\/2025\/05\/Realiza-UdeC-jornada-de-limpieza-de-playas-y-fondo-marino-en-Mzllo_Ana-300x200.jpg 300w, https:\/\/diarioavanzada.com.mx\/wp-content\/uploads\/2025\/05\/Realiza-UdeC-jornada-de-limpieza-de-playas-y-fondo-marino-en-Mzllo_Ana-768x512.jpg 768w, https:\/\/diarioavanzada.com.mx\/wp-content\/uploads\/2025\/05\/Realiza-UdeC-jornada-de-limpieza-de-playas-y-fondo-marino-en-Mzllo_Ana-1536x1024.jpg 1536w, https:\/\/diarioavanzada.com.mx\/wp-content\/uploads\/2025\/05\/Realiza-UdeC-jornada-de-limpieza-de-playas-y-fondo-marino-en-Mzllo_Ana-2048x1365.jpg 2048w, https:\/\/diarioavanzada.com.mx\/wp-content\/uploads\/2025\/05\/Realiza-UdeC-jornada-de-limpieza-de-playas-y-fondo-marino-en-Mzllo_Ana-1200x800.jpg 1200w\" sizes=\"auto, (max-width: 1024px) 100vw, 1024px\" \/><\/figure>\n\n\n\n<figure class=\"wp-block-image size-large\"><img loading=\"lazy\" decoding=\"async\" width=\"1024\" height=\"683\" src=\"https:\/\/diarioavanzada.com.mx\/wp-content\/uploads\/2025\/05\/Realiza-UdeC-jornada-de-limpieza-de-playas-y-fondo-marino-en-Mzllo-1024x683.jpg\" alt=\"\" class=\"wp-image-84816\" srcset=\"https:\/\/diarioavanzada.com.mx\/wp-content\/uploads\/2025\/05\/Realiza-UdeC-jornada-de-limpieza-de-playas-y-fondo-marino-en-Mzllo-1024x683.jpg 1024w, https:\/\/diarioavanzada.com.mx\/wp-content\/uploads\/2025\/05\/Realiza-UdeC-jornada-de-limpieza-de-playas-y-fondo-marino-en-Mzllo-300x200.jpg 300w, https:\/\/diarioavanzada.com.mx\/wp-content\/uploads\/2025\/05\/Realiza-UdeC-jornada-de-limpieza-de-playas-y-fondo-marino-en-Mzllo-768x512.jpg 768w, https:\/\/diarioavanzada.com.mx\/wp-content\/uploads\/2025\/05\/Realiza-UdeC-jornada-de-limpieza-de-playas-y-fondo-marino-en-Mzllo-1536x1024.jpg 1536w, https:\/\/diarioavanzada.com.mx\/wp-content\/uploads\/2025\/05\/Realiza-UdeC-jornada-de-limpieza-de-playas-y-fondo-marino-en-Mzllo-2048x1365.jpg 2048w, https:\/\/diarioavanzada.com.mx\/wp-content\/uploads\/2025\/05\/Realiza-UdeC-jornada-de-limpieza-de-playas-y-fondo-marino-en-Mzllo-1200x800.jpg 1200w\" sizes=\"auto, (max-width: 1024px) 100vw, 1024px\" \/><\/figure>\n\n\n\n<p class=\"wp-block-paragraph\"><\/p>\n<div class=\"fb-background-color\">\n\t\t\t  <div \n\t\t\t  \tclass = \"fb-comments\" \n\t\t\t  \tdata-href = \"https:\/\/diarioavanzada.com.mx\/?p=84809\"\n\t\t\t  \tdata-numposts = \"10\"\n\t\t\t  \tdata-lazy = \"true\"\n\t\t\t\tdata-colorscheme = \"light\"\n\t\t\t\tdata-order-by = \"social\"\n\t\t\t\tdata-mobile=true>\n\t\t\t  <\/div><\/div>\n\t\t  <style>\n\t\t    .fb-background-color {\n\t\t\t\tbackground:  !important;\n\t\t\t}\n\t\t\t.fb_iframe_widget_fluid_desktop iframe {\n\t\t\t    width: 100% !important;\n\t\t\t}\n\t\t  <\/style>\n\t\t  ","protected":false},"excerpt":{"rendered":"<p>\u201cEs inspirador ver a tantas y tantos j\u00f3venes comprometidos con el futuro del planeta. Hoy, m\u00e1s que nunca, necesitamos sumar esfuerzos para cuidar lo que nos pertenece a todos\u201d: Blanca D\u00edaz V\u00e1zquez, presidenta del Voluntariado Universitario. Colima, M\u00e9xico, Comunicado (02\/04\/2025).- Esta semana, la Universidad de Colima, a trav\u00e9s de su Delegaci\u00f3n en Manzanillo y del [&hellip;]<\/p>\n","protected":false},"author":7,"featured_media":84820,"comment_status":"closed","ping_status":"closed","sticky":false,"template":"","format":"standard","meta":{"_coblocks_attr":"","_coblocks_dimensions":"","_coblocks_responsive_height":"","_coblocks_accordion_ie_support":"","_crdt_document":"","advanced_seo_description":"","jetpack_seo_html_title":"","jetpack_seo_noindex":false,"_jetpack_memberships_contains_paid_content":false,"footnotes":""},"categories":[19,209,7],"tags":[],"class_list":["post-84809","post","type-post","status-publish","format-standard","has-post-thumbnail","hentry","category-colima","category-importantes","category-noticias"],"jetpack_featured_media_url":"https:\/\/diarioavanzada.com.mx\/wp-content\/uploads\/2025\/05\/a99dfad1-96f6-4801-94f8-49de250faa28-1.jpg","jetpack-related-posts":[],"jetpack_sharing_enabled":true,"amp_enabled":true,"_links":{"self":[{"href":"https:\/\/diarioavanzada.com.mx\/index.php?rest_route=\/wp\/v2\/posts\/84809","targetHints":{"allow":["GET"]}}],"collection":[{"href":"https:\/\/diarioavanzada.com.mx\/index.php?rest_route=\/wp\/v2\/posts"}],"about":[{"href":"https:\/\/diarioavanzada.com.mx\/index.php?rest_route=\/wp\/v2\/types\/post"}],"author":[{"embeddable":true,"href":"https:\/\/diarioavanzada.com.mx\/index.php?rest_route=\/wp\/v2\/users\/7"}],"replies":[{"embeddable":true,"href":"https:\/\/diarioavanzada.com.mx\/index.php?rest_route=%2Fwp%2Fv2%2Fcomments&post=84809"}],"version-history":[{"count":5,"href":"https:\/\/diarioavanzada.com.mx\/index.php?rest_route=\/wp\/v2\/posts\/84809\/revisions"}],"predecessor-version":[{"id":84818,"href":"https:\/\/diarioavanzada.com.mx\/index.php?rest_route=\/wp\/v2\/posts\/84809\/revisions\/84818"}],"wp:featuredmedia":[{"embeddable":true,"href":"https:\/\/diarioavanzada.com.mx\/index.php?rest_route=\/wp\/v2\/media\/84820"}],"wp:attachment":[{"href":"https:\/\/diarioavanzada.com.mx\/index.php?rest_route=%2Fwp%2Fv2%2Fmedia&parent=84809"}],"wp:term":[{"taxonomy":"category","embeddable":true,"href":"https:\/\/diarioavanzada.com.mx\/index.php?rest_route=%2Fwp%2Fv2%2Fcategories&post=84809"},{"taxonomy":"post_tag","embeddable":true,"href":"https:\/\/diarioavanzada.com.mx\/index.php?rest_route=%2Fwp%2Fv2%2Ftags&post=84809"}],"curies":[{"name":"wp","href":"https:\/\/api.w.org\/{rel}","templated":true}]}}