{"id":84671,"date":"2025-05-01T19:13:01","date_gmt":"2025-05-02T01:13:01","guid":{"rendered":"https:\/\/diarioavanzada.com.mx\/?p=84671"},"modified":"2025-05-01T19:19:59","modified_gmt":"2025-05-02T01:19:59","slug":"conmemoran-comunidad-universitaria-dia-internacional-del-trabajo","status":"publish","type":"post","link":"https:\/\/diarioavanzada.com.mx\/?p=84671","title":{"rendered":"Comunidad universitaria conmemora el D\u00eda Internacional del Trabajo"},"content":{"rendered":"\n<p class=\"wp-block-paragraph\"><em>\u201cSomos un ejemplo nacional de universidad p\u00fablica, y eso se debe al compromiso y esfuerzo diario de cada uno de ustedes\u201d. Christian Torres Ortiz, rector.<\/em><\/p>\n\n\n\n<p class=\"wp-block-paragraph\">Colima, M\u00e9xico, Comunicado (01\/05\/2025).- Este mi\u00e9rcoles 1 de mayo, m\u00e1s de 3 mil 300 integrantes de la comunidad trabajadora de la Universidad de Colima se reunieron en el Casino del SUTUC para conmemorar el D\u00eda Internacional del Trabajo, con un convivio que incluy\u00f3 comida y m\u00fasica.<\/p>\n\n\n\n<p class=\"wp-block-paragraph\">El evento fue encabezado por el rector Christian Jorge Torres Ortiz Zerme\u00f1o y por el secretario general del Sindicato \u00danico de Trabajadores de la Universidad de Colima (SUTUC), Luis Enrique Zamorano Manr\u00edquez.<\/p>\n\n\n\n<p class=\"wp-block-paragraph\">Durante su intervenci\u00f3n, el rector destac\u00f3 la unidad como un valor fundamental en la instituci\u00f3n. \u201cSin lugar a dudas, somos la instituci\u00f3n p\u00fablica con el ambiente laboral m\u00e1s sano del estado. Por eso la gente quiere trabajar con nosotros: porque somos un ejemplo nacional de universidad p\u00fablica, y eso se debe al compromiso y esfuerzo diario de cada uno de ustedes\u201d, expres\u00f3.<\/p>\n\n\n\n<p class=\"wp-block-paragraph\">Torres Ortiz tambi\u00e9n subray\u00f3 la relaci\u00f3n s\u00f3lida y respetuosa que existe entre la administraci\u00f3n que encabeza y el sindicato: \u201cEsa colaboraci\u00f3n cercana y en unidad es uno de los sellos distintivos de nuestra universidad\u201d.<\/p>\n\n\n\n<p class=\"wp-block-paragraph\">A\u00f1adi\u00f3 que una de las mejores formas de proteger a la Universidad de Colima es a trav\u00e9s del trabajo comprometido de su personal. \u201cSomos una instituci\u00f3n muy importante, y debemos seguir dando lo mejor de nosotros por los miles de j\u00f3venes que desean estudiar aqu\u00ed. Por eso, reitero mi reconocimiento a todas y todos ustedes, y los invito a seguir llevando en alto el nombre de nuestra Universidad\u201d, concluy\u00f3.<\/p>\n\n\n\n<p class=\"wp-block-paragraph\">Finalmente, el rector Christian Torres Ortiz se\u00f1al\u00f3 que, gracias a esta relaci\u00f3n laboral positiva, se han cumplido en tiempo y forma todas las prestaciones laborales, se han reactivado convocatorias previamente suspendidas, y anunci\u00f3 que este a\u00f1o se lanzar\u00e1n nuevas, especialmente dirigidas al personal universitario.<\/p>\n\n\n\n<p class=\"wp-block-paragraph\">Por su parte, el secretario general del SUTUC, Luis Enrique Zamorano Manr\u00edquez, agradeci\u00f3 al rector por su sensibilidad y compromiso con los derechos laborales. \u201cAcabamos de cerrar la negociaci\u00f3n salarial con un aumento del 6 por ciento efectivo. Gracias, rector, por ese esfuerzo financiero y por su cercan\u00eda con nosotros los trabajadores\u201d, expres\u00f3.<\/p>\n\n\n\n<p class=\"wp-block-paragraph\">Entre otros funcionarios, acompa\u00f1aron al rector y al l\u00edder sindical: Joel Nino Jr., secretario General; Priscilia \u00c1lvarez, directora general de Recursos Humanos; Alejandro Novela, presidente de la FEC; Carolina Venegas, presidenta de la FEUC; Isabel Andrade, presidenta de la ACU y Sergio Venancio por parte de los jubilados y pensionados de esta casa de estudios.<\/p>\n\n\n\n<figure class=\"wp-block-image size-large\"><img loading=\"lazy\" decoding=\"async\" width=\"1024\" height=\"683\" src=\"https:\/\/diarioavanzada.com.mx\/wp-content\/uploads\/2025\/05\/Conmemoran-universitarios-Dia-Internacional-del-Trabajo_d-1024x683.jpg\" alt=\"\" class=\"wp-image-84708\" srcset=\"https:\/\/diarioavanzada.com.mx\/wp-content\/uploads\/2025\/05\/Conmemoran-universitarios-Dia-Internacional-del-Trabajo_d-1024x683.jpg 1024w, https:\/\/diarioavanzada.com.mx\/wp-content\/uploads\/2025\/05\/Conmemoran-universitarios-Dia-Internacional-del-Trabajo_d-300x200.jpg 300w, https:\/\/diarioavanzada.com.mx\/wp-content\/uploads\/2025\/05\/Conmemoran-universitarios-Dia-Internacional-del-Trabajo_d-768x512.jpg 768w, https:\/\/diarioavanzada.com.mx\/wp-content\/uploads\/2025\/05\/Conmemoran-universitarios-Dia-Internacional-del-Trabajo_d-1536x1024.jpg 1536w, https:\/\/diarioavanzada.com.mx\/wp-content\/uploads\/2025\/05\/Conmemoran-universitarios-Dia-Internacional-del-Trabajo_d-2048x1365.jpg 2048w, https:\/\/diarioavanzada.com.mx\/wp-content\/uploads\/2025\/05\/Conmemoran-universitarios-Dia-Internacional-del-Trabajo_d-1200x800.jpg 1200w\" sizes=\"auto, (max-width: 1024px) 100vw, 1024px\" \/><\/figure>\n\n\n\n<figure class=\"wp-block-image size-large\"><img loading=\"lazy\" decoding=\"async\" width=\"1024\" height=\"683\" src=\"https:\/\/diarioavanzada.com.mx\/wp-content\/uploads\/2025\/05\/Conmemoran-universitarios-Dia-Internacional-del-Trabajo_a-1024x683.jpg\" alt=\"\" class=\"wp-image-84709\" srcset=\"https:\/\/diarioavanzada.com.mx\/wp-content\/uploads\/2025\/05\/Conmemoran-universitarios-Dia-Internacional-del-Trabajo_a-1024x683.jpg 1024w, https:\/\/diarioavanzada.com.mx\/wp-content\/uploads\/2025\/05\/Conmemoran-universitarios-Dia-Internacional-del-Trabajo_a-300x200.jpg 300w, https:\/\/diarioavanzada.com.mx\/wp-content\/uploads\/2025\/05\/Conmemoran-universitarios-Dia-Internacional-del-Trabajo_a-768x512.jpg 768w, https:\/\/diarioavanzada.com.mx\/wp-content\/uploads\/2025\/05\/Conmemoran-universitarios-Dia-Internacional-del-Trabajo_a-1536x1024.jpg 1536w, https:\/\/diarioavanzada.com.mx\/wp-content\/uploads\/2025\/05\/Conmemoran-universitarios-Dia-Internacional-del-Trabajo_a-2048x1365.jpg 2048w, https:\/\/diarioavanzada.com.mx\/wp-content\/uploads\/2025\/05\/Conmemoran-universitarios-Dia-Internacional-del-Trabajo_a-1200x800.jpg 1200w\" sizes=\"auto, (max-width: 1024px) 100vw, 1024px\" \/><\/figure>\n\n\n\n<figure class=\"wp-block-image size-large\"><img loading=\"lazy\" decoding=\"async\" width=\"1024\" height=\"683\" src=\"https:\/\/diarioavanzada.com.mx\/wp-content\/uploads\/2025\/05\/Conmemoran-universitarios-Dia-Internacional-del-Trabajo_e-1024x683.jpg\" alt=\"\" class=\"wp-image-84711\" srcset=\"https:\/\/diarioavanzada.com.mx\/wp-content\/uploads\/2025\/05\/Conmemoran-universitarios-Dia-Internacional-del-Trabajo_e-1024x683.jpg 1024w, https:\/\/diarioavanzada.com.mx\/wp-content\/uploads\/2025\/05\/Conmemoran-universitarios-Dia-Internacional-del-Trabajo_e-300x200.jpg 300w, https:\/\/diarioavanzada.com.mx\/wp-content\/uploads\/2025\/05\/Conmemoran-universitarios-Dia-Internacional-del-Trabajo_e-768x512.jpg 768w, https:\/\/diarioavanzada.com.mx\/wp-content\/uploads\/2025\/05\/Conmemoran-universitarios-Dia-Internacional-del-Trabajo_e-1536x1024.jpg 1536w, https:\/\/diarioavanzada.com.mx\/wp-content\/uploads\/2025\/05\/Conmemoran-universitarios-Dia-Internacional-del-Trabajo_e-2048x1365.jpg 2048w, https:\/\/diarioavanzada.com.mx\/wp-content\/uploads\/2025\/05\/Conmemoran-universitarios-Dia-Internacional-del-Trabajo_e-1200x800.jpg 1200w\" sizes=\"auto, (max-width: 1024px) 100vw, 1024px\" \/><\/figure>\n\n\n\n<figure class=\"wp-block-image size-large\"><img loading=\"lazy\" decoding=\"async\" width=\"1024\" height=\"683\" src=\"https:\/\/diarioavanzada.com.mx\/wp-content\/uploads\/2025\/05\/Conmemoran-universitarios-Dia-Internacional-del-Trabajo_b-1024x683.jpg\" alt=\"\" class=\"wp-image-84714\" srcset=\"https:\/\/diarioavanzada.com.mx\/wp-content\/uploads\/2025\/05\/Conmemoran-universitarios-Dia-Internacional-del-Trabajo_b-1024x683.jpg 1024w, https:\/\/diarioavanzada.com.mx\/wp-content\/uploads\/2025\/05\/Conmemoran-universitarios-Dia-Internacional-del-Trabajo_b-300x200.jpg 300w, https:\/\/diarioavanzada.com.mx\/wp-content\/uploads\/2025\/05\/Conmemoran-universitarios-Dia-Internacional-del-Trabajo_b-768x512.jpg 768w, https:\/\/diarioavanzada.com.mx\/wp-content\/uploads\/2025\/05\/Conmemoran-universitarios-Dia-Internacional-del-Trabajo_b-1536x1024.jpg 1536w, https:\/\/diarioavanzada.com.mx\/wp-content\/uploads\/2025\/05\/Conmemoran-universitarios-Dia-Internacional-del-Trabajo_b-2048x1365.jpg 2048w, https:\/\/diarioavanzada.com.mx\/wp-content\/uploads\/2025\/05\/Conmemoran-universitarios-Dia-Internacional-del-Trabajo_b-1200x800.jpg 1200w\" sizes=\"auto, (max-width: 1024px) 100vw, 1024px\" \/><\/figure>\n\n\n\n<figure class=\"wp-block-image size-large\"><img loading=\"lazy\" decoding=\"async\" width=\"1024\" height=\"683\" src=\"https:\/\/diarioavanzada.com.mx\/wp-content\/uploads\/2025\/05\/Conmemoran-universitarios-Dia-Internacional-del-Trabajo_c-1024x683.jpg\" alt=\"\" class=\"wp-image-84715\" srcset=\"https:\/\/diarioavanzada.com.mx\/wp-content\/uploads\/2025\/05\/Conmemoran-universitarios-Dia-Internacional-del-Trabajo_c-1024x683.jpg 1024w, https:\/\/diarioavanzada.com.mx\/wp-content\/uploads\/2025\/05\/Conmemoran-universitarios-Dia-Internacional-del-Trabajo_c-300x200.jpg 300w, https:\/\/diarioavanzada.com.mx\/wp-content\/uploads\/2025\/05\/Conmemoran-universitarios-Dia-Internacional-del-Trabajo_c-768x512.jpg 768w, https:\/\/diarioavanzada.com.mx\/wp-content\/uploads\/2025\/05\/Conmemoran-universitarios-Dia-Internacional-del-Trabajo_c-1536x1024.jpg 1536w, https:\/\/diarioavanzada.com.mx\/wp-content\/uploads\/2025\/05\/Conmemoran-universitarios-Dia-Internacional-del-Trabajo_c-2048x1365.jpg 2048w, https:\/\/diarioavanzada.com.mx\/wp-content\/uploads\/2025\/05\/Conmemoran-universitarios-Dia-Internacional-del-Trabajo_c-1200x800.jpg 1200w\" sizes=\"auto, (max-width: 1024px) 100vw, 1024px\" \/><\/figure>\n\n\n\n<figure class=\"wp-block-image size-large\"><img loading=\"lazy\" decoding=\"async\" width=\"1024\" height=\"683\" src=\"https:\/\/diarioavanzada.com.mx\/wp-content\/uploads\/2025\/05\/Conmemoran-universitarios-Dia-Internacional-del-Trabajo-1024x683.jpg\" alt=\"\" class=\"wp-image-84717\" srcset=\"https:\/\/diarioavanzada.com.mx\/wp-content\/uploads\/2025\/05\/Conmemoran-universitarios-Dia-Internacional-del-Trabajo-1024x683.jpg 1024w, https:\/\/diarioavanzada.com.mx\/wp-content\/uploads\/2025\/05\/Conmemoran-universitarios-Dia-Internacional-del-Trabajo-300x200.jpg 300w, https:\/\/diarioavanzada.com.mx\/wp-content\/uploads\/2025\/05\/Conmemoran-universitarios-Dia-Internacional-del-Trabajo-768x512.jpg 768w, https:\/\/diarioavanzada.com.mx\/wp-content\/uploads\/2025\/05\/Conmemoran-universitarios-Dia-Internacional-del-Trabajo-1536x1024.jpg 1536w, https:\/\/diarioavanzada.com.mx\/wp-content\/uploads\/2025\/05\/Conmemoran-universitarios-Dia-Internacional-del-Trabajo-2048x1365.jpg 2048w, https:\/\/diarioavanzada.com.mx\/wp-content\/uploads\/2025\/05\/Conmemoran-universitarios-Dia-Internacional-del-Trabajo-1200x800.jpg 1200w\" sizes=\"auto, (max-width: 1024px) 100vw, 1024px\" \/><\/figure>\n\n\n\n<figure class=\"wp-block-image size-large\"><img loading=\"lazy\" decoding=\"async\" width=\"1024\" height=\"701\" src=\"https:\/\/diarioavanzada.com.mx\/wp-content\/uploads\/2025\/05\/Conmemoran-universitarios-Dia-Internacional-del-Trabajo_l-1-1024x701.jpg\" alt=\"\" class=\"wp-image-84719\" srcset=\"https:\/\/diarioavanzada.com.mx\/wp-content\/uploads\/2025\/05\/Conmemoran-universitarios-Dia-Internacional-del-Trabajo_l-1-1024x701.jpg 1024w, https:\/\/diarioavanzada.com.mx\/wp-content\/uploads\/2025\/05\/Conmemoran-universitarios-Dia-Internacional-del-Trabajo_l-1-300x205.jpg 300w, https:\/\/diarioavanzada.com.mx\/wp-content\/uploads\/2025\/05\/Conmemoran-universitarios-Dia-Internacional-del-Trabajo_l-1-768x526.jpg 768w, https:\/\/diarioavanzada.com.mx\/wp-content\/uploads\/2025\/05\/Conmemoran-universitarios-Dia-Internacional-del-Trabajo_l-1-1536x1051.jpg 1536w, https:\/\/diarioavanzada.com.mx\/wp-content\/uploads\/2025\/05\/Conmemoran-universitarios-Dia-Internacional-del-Trabajo_l-1-2048x1402.jpg 2048w, https:\/\/diarioavanzada.com.mx\/wp-content\/uploads\/2025\/05\/Conmemoran-universitarios-Dia-Internacional-del-Trabajo_l-1-1200x821.jpg 1200w\" sizes=\"auto, (max-width: 1024px) 100vw, 1024px\" \/><\/figure>\n<div class=\"fb-background-color\">\n\t\t\t  <div \n\t\t\t  \tclass = \"fb-comments\" \n\t\t\t  \tdata-href = \"https:\/\/diarioavanzada.com.mx\/?p=84671\"\n\t\t\t  \tdata-numposts = \"10\"\n\t\t\t  \tdata-lazy = \"true\"\n\t\t\t\tdata-colorscheme = \"light\"\n\t\t\t\tdata-order-by = \"social\"\n\t\t\t\tdata-mobile=true>\n\t\t\t  <\/div><\/div>\n\t\t  <style>\n\t\t    .fb-background-color {\n\t\t\t\tbackground:  !important;\n\t\t\t}\n\t\t\t.fb_iframe_widget_fluid_desktop iframe {\n\t\t\t    width: 100% !important;\n\t\t\t}\n\t\t  <\/style>\n\t\t  ","protected":false},"excerpt":{"rendered":"<p>\u201cSomos un ejemplo nacional de universidad p\u00fablica, y eso se debe al compromiso y esfuerzo diario de cada uno de ustedes\u201d. Christian Torres Ortiz, rector. Colima, M\u00e9xico, Comunicado (01\/05\/2025).- Este mi\u00e9rcoles 1 de mayo, m\u00e1s de 3 mil 300 integrantes de la comunidad trabajadora de la Universidad de Colima se reunieron en el Casino del [&hellip;]<\/p>\n","protected":false},"author":7,"featured_media":84735,"comment_status":"closed","ping_status":"closed","sticky":false,"template":"","format":"standard","meta":{"_coblocks_attr":"","_coblocks_dimensions":"","_coblocks_responsive_height":"","_coblocks_accordion_ie_support":"","_crdt_document":"","advanced_seo_description":"","jetpack_seo_html_title":"","jetpack_seo_noindex":false,"_jetpack_memberships_contains_paid_content":false,"footnotes":""},"categories":[19,209,7],"tags":[],"class_list":["post-84671","post","type-post","status-publish","format-standard","has-post-thumbnail","hentry","category-colima","category-importantes","category-noticias"],"jetpack_featured_media_url":"https:\/\/diarioavanzada.com.mx\/wp-content\/uploads\/2025\/05\/04652d36-4e6a-4751-b422-a49e00254465-1.jpg","jetpack-related-posts":[],"jetpack_sharing_enabled":true,"amp_enabled":true,"_links":{"self":[{"href":"https:\/\/diarioavanzada.com.mx\/index.php?rest_route=\/wp\/v2\/posts\/84671","targetHints":{"allow":["GET"]}}],"collection":[{"href":"https:\/\/diarioavanzada.com.mx\/index.php?rest_route=\/wp\/v2\/posts"}],"about":[{"href":"https:\/\/diarioavanzada.com.mx\/index.php?rest_route=\/wp\/v2\/types\/post"}],"author":[{"embeddable":true,"href":"https:\/\/diarioavanzada.com.mx\/index.php?rest_route=\/wp\/v2\/users\/7"}],"replies":[{"embeddable":true,"href":"https:\/\/diarioavanzada.com.mx\/index.php?rest_route=%2Fwp%2Fv2%2Fcomments&post=84671"}],"version-history":[{"count":7,"href":"https:\/\/diarioavanzada.com.mx\/index.php?rest_route=\/wp\/v2\/posts\/84671\/revisions"}],"predecessor-version":[{"id":84741,"href":"https:\/\/diarioavanzada.com.mx\/index.php?rest_route=\/wp\/v2\/posts\/84671\/revisions\/84741"}],"wp:featuredmedia":[{"embeddable":true,"href":"https:\/\/diarioavanzada.com.mx\/index.php?rest_route=\/wp\/v2\/media\/84735"}],"wp:attachment":[{"href":"https:\/\/diarioavanzada.com.mx\/index.php?rest_route=%2Fwp%2Fv2%2Fmedia&parent=84671"}],"wp:term":[{"taxonomy":"category","embeddable":true,"href":"https:\/\/diarioavanzada.com.mx\/index.php?rest_route=%2Fwp%2Fv2%2Fcategories&post=84671"},{"taxonomy":"post_tag","embeddable":true,"href":"https:\/\/diarioavanzada.com.mx\/index.php?rest_route=%2Fwp%2Fv2%2Ftags&post=84671"}],"curies":[{"name":"wp","href":"https:\/\/api.w.org\/{rel}","templated":true}]}}