{"id":84605,"date":"2025-04-30T13:07:06","date_gmt":"2025-04-30T19:07:06","guid":{"rendered":"https:\/\/diarioavanzada.com.mx\/?p=84605"},"modified":"2025-04-30T13:07:06","modified_gmt":"2025-04-30T19:07:06","slug":"gobierno-de-riult-rivera-realiza-mega-poda-preventiva-en-principales-avenidas-ante-temporada-de-lluvias","status":"publish","type":"post","link":"https:\/\/diarioavanzada.com.mx\/?p=84605","title":{"rendered":"Gobierno de Riult Rivera realiza mega poda preventiva en principales avenidas ante temporada de lluvias"},"content":{"rendered":"\n<p class=\"wp-block-paragraph\"><em>Se procedi\u00f3 al corte de ramas en riesgo en las avenidas Anastacio Brizuela, 20 de noviembre y Calzada del Campesino Sur.<\/em><\/p>\n\n\n\n<p class=\"wp-block-paragraph\"><em>Invit\u00f3 a la poblaci\u00f3n para sumarse a este esfuerzo, realizando la poda preventiva de \u00e1rboles en sus propiedades.<\/em><\/p>\n\n\n\n<p class=\"wp-block-paragraph\">Colima, M\u00e9xico, Comunicado (30\/04\/2025).- Con el objetivo de brindar mayor seguridad y tranquilidad a las familias colimenses ante la pr\u00f3xima temporada de lluvias, el Ayuntamiento de Colima, encabezado por el presidente municipal Riult Rivera Guti\u00e9rrez, llev\u00f3 a cabo este martes una mega jornada de poda en las avenidas Anastacio Brizuela, 20 de Noviembre y la Calzad del Campesino Sur.<\/p>\n\n\n\n<p class=\"wp-block-paragraph\">Estas acciones forman parte de una estrategia preventiva integral que busca mitigar riesgos asociados al arbolado urbano, como la ca\u00edda de ramas sobre el cableado el\u00e9ctrico y de telecomunicaciones, as\u00ed como la posible afectaci\u00f3n a peatones y automovilistas que diariamente transitan por estas importantes vialidades.<\/p>\n\n\n\n<p class=\"wp-block-paragraph\">Durante la jornada, se procedi\u00f3 al corte de ramas en riesgo, y se inform\u00f3 a la poblaci\u00f3n sobre cortes intermitentes a la circulaci\u00f3n vehicular, dependiendo del avance y complejidad de los trabajos. Por ello, se recomienda a la ciudadan\u00eda tomar precauciones al circular por estas zonas o utilizar v\u00edas alternas para evitar contratiempos.<\/p>\n\n\n\n<p class=\"wp-block-paragraph\">El presidente Riult Rivera reiter\u00f3 que estas labores se alinean con su visi\u00f3n de tener una ciudad m\u00e1s limpia, segura y ordenada, as\u00ed como preparada de forma anticipada para la temporada de lluvias. En ese sentido, destac\u00f3 la importancia de mantener en buenas condiciones los espacios p\u00fablicos y proteger tanto la infraestructura como las vialidades del municipio.<\/p>\n\n\n\n<p class=\"wp-block-paragraph\">Asimismo, se hizo un llamado a la poblaci\u00f3n para sumarse a este esfuerzo colectivo, realizando la poda preventiva de \u00e1rboles y vegetaci\u00f3n en sus propiedades, y evitando dejar residuos en la v\u00eda p\u00fablica, ya que estos pueden generar taponamientos, encharcamientos e incluso inundaciones en distintos puntos de la ciudad.<\/p>\n\n\n\n<p class=\"wp-block-paragraph\">Finalmente, anunci\u00f3 que estos trabajos continuar\u00e1n durante la semana, por lo que es posible que la circulaci\u00f3n se vea interrumpida por momentos. Sin embargo, solicit\u00f3 la colaboraci\u00f3n de la ciudadan\u00eda para que estas labores puedan desarrollarse de la manera m\u00e1s \u00e1gil posible y as\u00ed estar preparados ante el temporal que se aproxima.<\/p>\n\n\n\n<figure class=\"wp-block-image size-large\"><img loading=\"lazy\" decoding=\"async\" width=\"1024\" height=\"682\" src=\"https:\/\/diarioavanzada.com.mx\/wp-content\/uploads\/2025\/04\/e6b6b731-0539-4420-9f13-1710e7b5187a-1-1024x682.jpg\" class=\"wp-image-84599\" srcset=\"https:\/\/diarioavanzada.com.mx\/wp-content\/uploads\/2025\/04\/e6b6b731-0539-4420-9f13-1710e7b5187a-1-1024x682.jpg 1024w, https:\/\/diarioavanzada.com.mx\/wp-content\/uploads\/2025\/04\/e6b6b731-0539-4420-9f13-1710e7b5187a-1-300x200.jpg 300w, https:\/\/diarioavanzada.com.mx\/wp-content\/uploads\/2025\/04\/e6b6b731-0539-4420-9f13-1710e7b5187a-1-768x512.jpg 768w, https:\/\/diarioavanzada.com.mx\/wp-content\/uploads\/2025\/04\/e6b6b731-0539-4420-9f13-1710e7b5187a-1-1536x1024.jpg 1536w, https:\/\/diarioavanzada.com.mx\/wp-content\/uploads\/2025\/04\/e6b6b731-0539-4420-9f13-1710e7b5187a-1.jpg 2000w\" sizes=\"auto, (max-width: 1024px) 100vw, 1024px\" \/><\/figure>\n\n\n\n<figure class=\"wp-block-image size-large\"><img loading=\"lazy\" decoding=\"async\" width=\"1024\" height=\"682\" src=\"https:\/\/diarioavanzada.com.mx\/wp-content\/uploads\/2025\/04\/0f097d71-7668-4ac0-9173-92dc0c2a5f4c-1-1024x682.jpg\" class=\"wp-image-84600\" srcset=\"https:\/\/diarioavanzada.com.mx\/wp-content\/uploads\/2025\/04\/0f097d71-7668-4ac0-9173-92dc0c2a5f4c-1-1024x682.jpg 1024w, https:\/\/diarioavanzada.com.mx\/wp-content\/uploads\/2025\/04\/0f097d71-7668-4ac0-9173-92dc0c2a5f4c-1-300x200.jpg 300w, https:\/\/diarioavanzada.com.mx\/wp-content\/uploads\/2025\/04\/0f097d71-7668-4ac0-9173-92dc0c2a5f4c-1-768x512.jpg 768w, https:\/\/diarioavanzada.com.mx\/wp-content\/uploads\/2025\/04\/0f097d71-7668-4ac0-9173-92dc0c2a5f4c-1-1536x1024.jpg 1536w, https:\/\/diarioavanzada.com.mx\/wp-content\/uploads\/2025\/04\/0f097d71-7668-4ac0-9173-92dc0c2a5f4c-1.jpg 2000w\" sizes=\"auto, (max-width: 1024px) 100vw, 1024px\" \/><\/figure>\n\n\n\n<figure class=\"wp-block-image size-large\"><img loading=\"lazy\" decoding=\"async\" width=\"1024\" height=\"682\" src=\"https:\/\/diarioavanzada.com.mx\/wp-content\/uploads\/2025\/04\/c541b3b1-4968-4dc0-b2d4-72f45732405d-1-1024x682.jpg\" class=\"wp-image-84601\" srcset=\"https:\/\/diarioavanzada.com.mx\/wp-content\/uploads\/2025\/04\/c541b3b1-4968-4dc0-b2d4-72f45732405d-1-1024x682.jpg 1024w, https:\/\/diarioavanzada.com.mx\/wp-content\/uploads\/2025\/04\/c541b3b1-4968-4dc0-b2d4-72f45732405d-1-300x200.jpg 300w, https:\/\/diarioavanzada.com.mx\/wp-content\/uploads\/2025\/04\/c541b3b1-4968-4dc0-b2d4-72f45732405d-1-768x512.jpg 768w, https:\/\/diarioavanzada.com.mx\/wp-content\/uploads\/2025\/04\/c541b3b1-4968-4dc0-b2d4-72f45732405d-1-1536x1024.jpg 1536w, https:\/\/diarioavanzada.com.mx\/wp-content\/uploads\/2025\/04\/c541b3b1-4968-4dc0-b2d4-72f45732405d-1.jpg 2000w\" sizes=\"auto, (max-width: 1024px) 100vw, 1024px\" \/><\/figure>\n\n\n\n<figure class=\"wp-block-image size-large\"><img loading=\"lazy\" decoding=\"async\" width=\"682\" height=\"1024\" src=\"https:\/\/diarioavanzada.com.mx\/wp-content\/uploads\/2025\/04\/070cd6b3-90c9-44fd-93c9-aa4585dc46e2-1-682x1024.jpg\" class=\"wp-image-84602\" srcset=\"https:\/\/diarioavanzada.com.mx\/wp-content\/uploads\/2025\/04\/070cd6b3-90c9-44fd-93c9-aa4585dc46e2-1-682x1024.jpg 682w, https:\/\/diarioavanzada.com.mx\/wp-content\/uploads\/2025\/04\/070cd6b3-90c9-44fd-93c9-aa4585dc46e2-1-200x300.jpg 200w, https:\/\/diarioavanzada.com.mx\/wp-content\/uploads\/2025\/04\/070cd6b3-90c9-44fd-93c9-aa4585dc46e2-1-768x1152.jpg 768w, https:\/\/diarioavanzada.com.mx\/wp-content\/uploads\/2025\/04\/070cd6b3-90c9-44fd-93c9-aa4585dc46e2-1-1024x1536.jpg 1024w, https:\/\/diarioavanzada.com.mx\/wp-content\/uploads\/2025\/04\/070cd6b3-90c9-44fd-93c9-aa4585dc46e2-1.jpg 1333w\" sizes=\"auto, (max-width: 682px) 100vw, 682px\" \/><\/figure>\n\n\n\n<figure class=\"wp-block-image size-large\"><img loading=\"lazy\" decoding=\"async\" width=\"1024\" height=\"682\" src=\"https:\/\/diarioavanzada.com.mx\/wp-content\/uploads\/2025\/04\/51de6757-c0fe-4fd7-a85a-c86db0eed871-1-1024x682.jpg\" class=\"wp-image-84603\" srcset=\"https:\/\/diarioavanzada.com.mx\/wp-content\/uploads\/2025\/04\/51de6757-c0fe-4fd7-a85a-c86db0eed871-1-1024x682.jpg 1024w, https:\/\/diarioavanzada.com.mx\/wp-content\/uploads\/2025\/04\/51de6757-c0fe-4fd7-a85a-c86db0eed871-1-300x200.jpg 300w, https:\/\/diarioavanzada.com.mx\/wp-content\/uploads\/2025\/04\/51de6757-c0fe-4fd7-a85a-c86db0eed871-1-768x512.jpg 768w, https:\/\/diarioavanzada.com.mx\/wp-content\/uploads\/2025\/04\/51de6757-c0fe-4fd7-a85a-c86db0eed871-1-1536x1024.jpg 1536w, https:\/\/diarioavanzada.com.mx\/wp-content\/uploads\/2025\/04\/51de6757-c0fe-4fd7-a85a-c86db0eed871-1.jpg 2000w\" sizes=\"auto, (max-width: 1024px) 100vw, 1024px\" \/><\/figure>\n<div class=\"fb-background-color\">\n\t\t\t  <div \n\t\t\t  \tclass = \"fb-comments\" \n\t\t\t  \tdata-href = \"https:\/\/diarioavanzada.com.mx\/?p=84605\"\n\t\t\t  \tdata-numposts = \"10\"\n\t\t\t  \tdata-lazy = \"true\"\n\t\t\t\tdata-colorscheme = \"light\"\n\t\t\t\tdata-order-by = \"social\"\n\t\t\t\tdata-mobile=true>\n\t\t\t  <\/div><\/div>\n\t\t  <style>\n\t\t    .fb-background-color {\n\t\t\t\tbackground:  !important;\n\t\t\t}\n\t\t\t.fb_iframe_widget_fluid_desktop iframe {\n\t\t\t    width: 100% !important;\n\t\t\t}\n\t\t  <\/style>\n\t\t  ","protected":false},"excerpt":{"rendered":"<p>Se procedi\u00f3 al corte de ramas en riesgo en las avenidas Anastacio Brizuela, 20 de noviembre y Calzada del Campesino Sur. Invit\u00f3 a la poblaci\u00f3n para sumarse a este esfuerzo, realizando la poda preventiva de \u00e1rboles en sus propiedades. Colima, M\u00e9xico, Comunicado (30\/04\/2025).- Con el objetivo de brindar mayor seguridad y tranquilidad a las familias [&hellip;]<\/p>\n","protected":false},"author":7,"featured_media":84604,"comment_status":"closed","ping_status":"closed","sticky":false,"template":"","format":"standard","meta":{"_coblocks_attr":"","_coblocks_dimensions":"","_coblocks_responsive_height":"","_coblocks_accordion_ie_support":"","_crdt_document":"","advanced_seo_description":"","jetpack_seo_html_title":"","jetpack_seo_noindex":false,"_jetpack_memberships_contains_paid_content":false,"footnotes":""},"categories":[19,209,7],"tags":[],"class_list":["post-84605","post","type-post","status-publish","format-standard","has-post-thumbnail","hentry","category-colima","category-importantes","category-noticias"],"jetpack_featured_media_url":"https:\/\/diarioavanzada.com.mx\/wp-content\/uploads\/2025\/04\/e584c400-89fc-4791-b103-8495d209cd73-1.jpg","jetpack-related-posts":[],"jetpack_sharing_enabled":true,"amp_enabled":true,"_links":{"self":[{"href":"https:\/\/diarioavanzada.com.mx\/index.php?rest_route=\/wp\/v2\/posts\/84605","targetHints":{"allow":["GET"]}}],"collection":[{"href":"https:\/\/diarioavanzada.com.mx\/index.php?rest_route=\/wp\/v2\/posts"}],"about":[{"href":"https:\/\/diarioavanzada.com.mx\/index.php?rest_route=\/wp\/v2\/types\/post"}],"author":[{"embeddable":true,"href":"https:\/\/diarioavanzada.com.mx\/index.php?rest_route=\/wp\/v2\/users\/7"}],"replies":[{"embeddable":true,"href":"https:\/\/diarioavanzada.com.mx\/index.php?rest_route=%2Fwp%2Fv2%2Fcomments&post=84605"}],"version-history":[{"count":0,"href":"https:\/\/diarioavanzada.com.mx\/index.php?rest_route=\/wp\/v2\/posts\/84605\/revisions"}],"wp:featuredmedia":[{"embeddable":true,"href":"https:\/\/diarioavanzada.com.mx\/index.php?rest_route=\/wp\/v2\/media\/84604"}],"wp:attachment":[{"href":"https:\/\/diarioavanzada.com.mx\/index.php?rest_route=%2Fwp%2Fv2%2Fmedia&parent=84605"}],"wp:term":[{"taxonomy":"category","embeddable":true,"href":"https:\/\/diarioavanzada.com.mx\/index.php?rest_route=%2Fwp%2Fv2%2Fcategories&post=84605"},{"taxonomy":"post_tag","embeddable":true,"href":"https:\/\/diarioavanzada.com.mx\/index.php?rest_route=%2Fwp%2Fv2%2Ftags&post=84605"}],"curies":[{"name":"wp","href":"https:\/\/api.w.org\/{rel}","templated":true}]}}