{"id":84582,"date":"2025-04-30T10:47:14","date_gmt":"2025-04-30T16:47:14","guid":{"rendered":"https:\/\/diarioavanzada.com.mx\/?p=84582"},"modified":"2025-04-30T10:55:08","modified_gmt":"2025-04-30T16:55:08","slug":"tragedias-infantiles-en-dos-ruedas-el-riesgo-de-los-menores-en-motocicleta","status":"publish","type":"post","link":"https:\/\/diarioavanzada.com.mx\/?p=84582","title":{"rendered":"Tragedias infantiles en dos ruedas: el riesgo de los menores en motocicleta"},"content":{"rendered":"\n<p class=\"p1 wp-block-paragraph\">Villa de \u00c1lvarez, M\u00e9xico, Avanzada (30\/04\/2025).-&nbsp; Mientras miles de ni\u00f1os esperan con emoci\u00f3n la celebraci\u00f3n del D\u00eda del Ni\u00f1o, otras familias enfrentan el dolor de una p\u00e9rdida irreparable. El pasado 23 de abril, un adolescente de apenas 13 a\u00f1os perdi\u00f3 la vida tras sufrir un accidente en motocicleta sobre la carretera Villa de \u00c1lvarez\u2013Minatitl\u00e1n, a la altura del crucero. Este tr\u00e1gico suceso se suma a una creciente estad\u00edstica que refleja una alarmante realidad: cada vez son m\u00e1s los menores involucrados en percances viales a bordo de motocicletas.<\/p>\n\n\n\n<p class=\"p1 wp-block-paragraph\">La normalizaci\u00f3n del uso de estos veh\u00edculos por parte de ni\u00f1os y adolescentes desata preocupaci\u00f3n entre autoridades y especialistas. La falta de control, vigilancia y conciencia permite que muchos menores circulen en motocicletas sin la madurez f\u00edsica ni emocional necesaria, exponi\u00e9ndose a peligros que no alcanzan a dimensionar.<\/p>\n\n\n\n<p class=\"p1 wp-block-paragraph\">\u201cEs un riesgo inminente que j\u00f3venes de entre ocho y 15 a\u00f1os tengan acceso a motocicletas. No est\u00e1n preparados para reaccionar ante los peligros del camino. Basta con dar la vuelta a una esquina para que un coche los embista\u201d advirti\u00f3 la especialista en seguridad vial, Elizabeth Rodr\u00edguez, delegada de la&nbsp;Federaci\u00f3n Nacional Rodando y Creando Cultura, quien tambi\u00e9n hizo un llamado urgente a los padres de familia, a quienes responsabiliz\u00f3 en gran medida por permitir esta pr\u00e1ctica.<\/p>\n\n\n\n<p class=\"p1 wp-block-paragraph\">Adem\u00e1s del peligro natural que implica conducir una motocicleta, muchos de estos j\u00f3venes lo hacen sin protecci\u00f3n, sin licencia, sin placas y con veh\u00edculos que no cumplen con las condiciones m\u00ednimas de seguridad. Esta combinaci\u00f3n resulta mortal.<\/p>\n\n\n\n<p class=\"p1 wp-block-paragraph\">Las autoridades han reiterado la necesidad de aplicar medidas m\u00e1s estrictas: sanciones a padres y conductores, verificaci\u00f3n de documentaci\u00f3n y campa\u00f1as de concientizaci\u00f3n permanentes.<\/p>\n\n\n\n<p class=\"p1 wp-block-paragraph\">En este D\u00eda del Ni\u00f1o, mientras algunos peque\u00f1os disfrutan juegos y regalos, otros quedan marcados por el dolor de un accidente, la p\u00e9rdida de un amigo o el vac\u00edo de un hermano que ya no est\u00e1. Una motocicleta puede parecer un juguete moderno o una herramienta de libertad, pero para muchos es la causa de una tragedia que pudo evitarse.<\/p>\n<div class=\"fb-background-color\">\n\t\t\t  <div \n\t\t\t  \tclass = \"fb-comments\" \n\t\t\t  \tdata-href = \"https:\/\/diarioavanzada.com.mx\/?p=84582\"\n\t\t\t  \tdata-numposts = \"10\"\n\t\t\t  \tdata-lazy = \"true\"\n\t\t\t\tdata-colorscheme = \"light\"\n\t\t\t\tdata-order-by = \"social\"\n\t\t\t\tdata-mobile=true>\n\t\t\t  <\/div><\/div>\n\t\t  <style>\n\t\t    .fb-background-color {\n\t\t\t\tbackground:  !important;\n\t\t\t}\n\t\t\t.fb_iframe_widget_fluid_desktop iframe {\n\t\t\t    width: 100% !important;\n\t\t\t}\n\t\t  <\/style>\n\t\t  ","protected":false},"excerpt":{"rendered":"<p>Villa de \u00c1lvarez, M\u00e9xico, Avanzada (30\/04\/2025).-&nbsp; Mientras miles de ni\u00f1os esperan con emoci\u00f3n la celebraci\u00f3n del D\u00eda del Ni\u00f1o, otras familias enfrentan el dolor de una p\u00e9rdida irreparable. El pasado 23 de abril, un adolescente de apenas 13 a\u00f1os perdi\u00f3 la vida tras sufrir un accidente en motocicleta sobre la carretera Villa de \u00c1lvarez\u2013Minatitl\u00e1n, a [&hellip;]<\/p>\n","protected":false},"author":7,"featured_media":84581,"comment_status":"closed","ping_status":"closed","sticky":false,"template":"","format":"standard","meta":{"_coblocks_attr":"","_coblocks_dimensions":"","_coblocks_responsive_height":"","_coblocks_accordion_ie_support":"","_crdt_document":"","advanced_seo_description":"","jetpack_seo_html_title":"","jetpack_seo_noindex":false,"_jetpack_memberships_contains_paid_content":false,"footnotes":""},"categories":[19,7,231],"tags":[],"class_list":["post-84582","post","type-post","status-publish","format-standard","has-post-thumbnail","hentry","category-colima","category-noticias","category-seguridad"],"jetpack_featured_media_url":"https:\/\/diarioavanzada.com.mx\/wp-content\/uploads\/2025\/04\/img_2850-1.png","jetpack-related-posts":[],"jetpack_sharing_enabled":true,"amp_enabled":true,"_links":{"self":[{"href":"https:\/\/diarioavanzada.com.mx\/index.php?rest_route=\/wp\/v2\/posts\/84582","targetHints":{"allow":["GET"]}}],"collection":[{"href":"https:\/\/diarioavanzada.com.mx\/index.php?rest_route=\/wp\/v2\/posts"}],"about":[{"href":"https:\/\/diarioavanzada.com.mx\/index.php?rest_route=\/wp\/v2\/types\/post"}],"author":[{"embeddable":true,"href":"https:\/\/diarioavanzada.com.mx\/index.php?rest_route=\/wp\/v2\/users\/7"}],"replies":[{"embeddable":true,"href":"https:\/\/diarioavanzada.com.mx\/index.php?rest_route=%2Fwp%2Fv2%2Fcomments&post=84582"}],"version-history":[{"count":2,"href":"https:\/\/diarioavanzada.com.mx\/index.php?rest_route=\/wp\/v2\/posts\/84582\/revisions"}],"predecessor-version":[{"id":84587,"href":"https:\/\/diarioavanzada.com.mx\/index.php?rest_route=\/wp\/v2\/posts\/84582\/revisions\/84587"}],"wp:featuredmedia":[{"embeddable":true,"href":"https:\/\/diarioavanzada.com.mx\/index.php?rest_route=\/wp\/v2\/media\/84581"}],"wp:attachment":[{"href":"https:\/\/diarioavanzada.com.mx\/index.php?rest_route=%2Fwp%2Fv2%2Fmedia&parent=84582"}],"wp:term":[{"taxonomy":"category","embeddable":true,"href":"https:\/\/diarioavanzada.com.mx\/index.php?rest_route=%2Fwp%2Fv2%2Fcategories&post=84582"},{"taxonomy":"post_tag","embeddable":true,"href":"https:\/\/diarioavanzada.com.mx\/index.php?rest_route=%2Fwp%2Fv2%2Ftags&post=84582"}],"curies":[{"name":"wp","href":"https:\/\/api.w.org\/{rel}","templated":true}]}}