{"id":84571,"date":"2025-04-30T08:25:32","date_gmt":"2025-04-30T14:25:32","guid":{"rendered":"https:\/\/diarioavanzada.com.mx\/?p=84571"},"modified":"2025-04-30T08:37:13","modified_gmt":"2025-04-30T14:37:13","slug":"asesinan-a-candidato-en-veracruz-le-dieron-5-balazos-seis-mas-fueron-heridos","status":"publish","type":"post","link":"https:\/\/diarioavanzada.com.mx\/?p=84571","title":{"rendered":"Asesinan a candidato en Veracruz, le dieron 5 balazos: seis m\u00e1s fueron heridos"},"content":{"rendered":"\n<p class=\"p1 wp-block-paragraph\">Veracruz, M\u00e9xico, Avanzada (30\/04\/2025).- Germ\u00e1n Anuar Valencia, conocido como \u201cEl Napo\u201d y aspirante a la presidencia municipal de Coxquihui por la coalici\u00f3n Sigamos Haciendo Historia, fue asesinado a balazos este martes, justo en el inicio oficial del proceso electoral en los 212 municipios del estado.<\/p>\n\n\n\n<p class=\"p1 wp-block-paragraph\">El ataque armado ocurri\u00f3 poco despu\u00e9s de las 11:00 horas, en la comunidad de Arenal, donde el candidato se encontraba reunido con simpatizantes en su casa de campa\u00f1a. Seg\u00fan reportes preliminares, sujetos armados abrieron fuego, dejando un saldo de seis personas lesionadas, entre ellas una beb\u00e9 de apenas 10 meses de edad, adem\u00e1s de mujeres y un adolescente.<\/p>\n\n\n\n<p class=\"p1 wp-block-paragraph\">Valencia fue trasladado de urgencia al Hospital de la Comunidad de Entabladero, donde se confirm\u00f3 su fallecimiento a las 12:15 del d\u00eda. De acuerdo con fuentes m\u00e9dicas, presentaba al menos cinco impactos de bala, uno de ellos en el pecho.<\/p>\n\n\n\n<p class=\"p1 wp-block-paragraph\">Tras el atentado, fuerzas de seguridad de los tres niveles de gobierno \u2014Polic\u00eda Municipal, Estatal y Ej\u00e9rcito Mexicano\u2014 se desplegaron en la zona e iniciaron un operativo para dar con los responsables. La Fiscal\u00eda General del Estado inform\u00f3 que ya abri\u00f3 una carpeta de investigaci\u00f3n a trav\u00e9s de la Fiscal\u00eda Regional de Tuxpan y que peritos y agentes ministeriales trabajan en el esclarecimiento del crimen.<\/p>\n\n\n\n<p class=\"p1 wp-block-paragraph\">En un giro que caus\u00f3 pol\u00e9mica, la FGE tambi\u00e9n se\u00f1al\u00f3 que el ahora fallecido podr\u00eda estar vinculado con hechos violentos ocurridos recientemente en Coxquihui y el municipio vecino de Espinal, donde la semana pasada fueron asesinados un hombre y una mujer.<\/p>\n\n\n\n<p class=\"p1 wp-block-paragraph\">El asesinato de Germ\u00e1n Anuar Valencia gener\u00f3 conmoci\u00f3n en la regi\u00f3n del Totonacapan y revive los temores sobre la violencia pol\u00edtica en el actual proceso electoral.<\/p>\n<div class=\"fb-background-color\">\n\t\t\t  <div \n\t\t\t  \tclass = \"fb-comments\" \n\t\t\t  \tdata-href = \"https:\/\/diarioavanzada.com.mx\/?p=84571\"\n\t\t\t  \tdata-numposts = \"10\"\n\t\t\t  \tdata-lazy = \"true\"\n\t\t\t\tdata-colorscheme = \"light\"\n\t\t\t\tdata-order-by = \"social\"\n\t\t\t\tdata-mobile=true>\n\t\t\t  <\/div><\/div>\n\t\t  <style>\n\t\t    .fb-background-color {\n\t\t\t\tbackground:  !important;\n\t\t\t}\n\t\t\t.fb_iframe_widget_fluid_desktop iframe {\n\t\t\t    width: 100% !important;\n\t\t\t}\n\t\t  <\/style>\n\t\t  ","protected":false},"excerpt":{"rendered":"<p>Veracruz, M\u00e9xico, Avanzada (30\/04\/2025).- Germ\u00e1n Anuar Valencia, conocido como \u201cEl Napo\u201d y aspirante a la presidencia municipal de Coxquihui por la coalici\u00f3n Sigamos Haciendo Historia, fue asesinado a balazos este martes, justo en el inicio oficial del proceso electoral en los 212 municipios del estado. El ataque armado ocurri\u00f3 poco despu\u00e9s de las 11:00 horas, [&hellip;]<\/p>\n","protected":false},"author":7,"featured_media":84574,"comment_status":"closed","ping_status":"closed","sticky":false,"template":"","format":"standard","meta":{"_coblocks_attr":"","_coblocks_dimensions":"","_coblocks_responsive_height":"","_coblocks_accordion_ie_support":"","_crdt_document":"","advanced_seo_description":"","jetpack_seo_html_title":"","jetpack_seo_noindex":false,"_jetpack_memberships_contains_paid_content":false,"footnotes":""},"categories":[22,7,231],"tags":[],"class_list":["post-84571","post","type-post","status-publish","format-standard","has-post-thumbnail","hentry","category-nacion","category-noticias","category-seguridad"],"jetpack_featured_media_url":"https:\/\/diarioavanzada.com.mx\/wp-content\/uploads\/2025\/04\/img_2836-1.jpg","jetpack-related-posts":[],"jetpack_sharing_enabled":true,"amp_enabled":true,"_links":{"self":[{"href":"https:\/\/diarioavanzada.com.mx\/index.php?rest_route=\/wp\/v2\/posts\/84571","targetHints":{"allow":["GET"]}}],"collection":[{"href":"https:\/\/diarioavanzada.com.mx\/index.php?rest_route=\/wp\/v2\/posts"}],"about":[{"href":"https:\/\/diarioavanzada.com.mx\/index.php?rest_route=\/wp\/v2\/types\/post"}],"author":[{"embeddable":true,"href":"https:\/\/diarioavanzada.com.mx\/index.php?rest_route=\/wp\/v2\/users\/7"}],"replies":[{"embeddable":true,"href":"https:\/\/diarioavanzada.com.mx\/index.php?rest_route=%2Fwp%2Fv2%2Fcomments&post=84571"}],"version-history":[{"count":1,"href":"https:\/\/diarioavanzada.com.mx\/index.php?rest_route=\/wp\/v2\/posts\/84571\/revisions"}],"predecessor-version":[{"id":84572,"href":"https:\/\/diarioavanzada.com.mx\/index.php?rest_route=\/wp\/v2\/posts\/84571\/revisions\/84572"}],"wp:featuredmedia":[{"embeddable":true,"href":"https:\/\/diarioavanzada.com.mx\/index.php?rest_route=\/wp\/v2\/media\/84574"}],"wp:attachment":[{"href":"https:\/\/diarioavanzada.com.mx\/index.php?rest_route=%2Fwp%2Fv2%2Fmedia&parent=84571"}],"wp:term":[{"taxonomy":"category","embeddable":true,"href":"https:\/\/diarioavanzada.com.mx\/index.php?rest_route=%2Fwp%2Fv2%2Fcategories&post=84571"},{"taxonomy":"post_tag","embeddable":true,"href":"https:\/\/diarioavanzada.com.mx\/index.php?rest_route=%2Fwp%2Fv2%2Ftags&post=84571"}],"curies":[{"name":"wp","href":"https:\/\/api.w.org\/{rel}","templated":true}]}}