{"id":84550,"date":"2025-04-30T06:00:10","date_gmt":"2025-04-30T12:00:10","guid":{"rendered":"https:\/\/diarioavanzada.com.mx\/?p=84550"},"modified":"2025-04-30T06:00:10","modified_gmt":"2025-04-30T12:00:10","slug":"fgr-descarta-crematorios-clandestinos-en-rancho-izaguirre-segun-estudios-de-la-unam","status":"publish","type":"post","link":"https:\/\/diarioavanzada.com.mx\/?p=84550","title":{"rendered":"FGR descarta crematorios clandestinos en rancho Izaguirre, seg\u00fan estudios de la UNAM"},"content":{"rendered":"\n<p class=\"p1 wp-block-paragraph\"><em>Confirma FGR que rancho en Jalisco operaba como centro del CJNG desde 2021; autoridades locales ignoraron alertas<\/em><\/p>\n\n\n\n<p class=\"p1 wp-block-paragraph\">M\u00e9xico, Avanzada (30\/04\/2025).- El fiscal general de la Rep\u00fablica, Alejandro Gertz Manero, confirm\u00f3 este lunes que el rancho Izaguirre, ubicado en el municipio de Teuchitl\u00e1n, Jalisco, funcionaba como centro de reclutamiento, adiestramiento y operaci\u00f3n del C\u00e1rtel Jalisco Nueva Generaci\u00f3n (CJNG) desde 2021. De acuerdo con el titular de la Fiscal\u00eda General de la Rep\u00fablica (FGR), esta actividad criminal fue plenamente documentada mediante pruebas testimoniales, confesionales y documentales.<\/p>\n\n\n\n<p class=\"p1 wp-block-paragraph\">Durante una rueda de prensa, Gertz Manero acus\u00f3 que las autoridades locales fueron notificadas desde hace m\u00e1s de tres a\u00f1os por la Comisi\u00f3n Estatal de Derechos Humanos de Jalisco sobre lo que ocurr\u00eda en ese predio, sin que tomaran medidas. No fue sino hasta 2024 cuando fuerzas federales, en coordinaci\u00f3n con autoridades estatales, realizaron un operativo que deriv\u00f3 en un enfrentamiento, la detenci\u00f3n de diez personas, el rescate de dos v\u00edctimas secuestradas y el hallazgo del cuerpo de una tercera persona.<\/p>\n\n\n\n<p class=\"p1 wp-block-paragraph\">\u201cTenemos pruebas desde 2021. La Comisi\u00f3n de Derechos Humanos de Jalisco inform\u00f3 a las autoridades locales y no hicieron nada\u201d, sostuvo el fiscal. Asegur\u00f3 que esa inacci\u00f3n permiti\u00f3 que durante tres a\u00f1os el sitio operara de forma continua como base del grupo delictivo.<\/p>\n\n\n\n<p class=\"p1 wp-block-paragraph\">Gertz tambi\u00e9n abord\u00f3 las versiones sobre la posible existencia de un sitio de cremaci\u00f3n clandestino dentro del rancho. Seg\u00fan explic\u00f3, aunque se localizaron zanjas, fogatas y una peque\u00f1a vasija con fragmentos \u00f3seos antiguos, los estudios periciales no encontraron indicios de temperaturas superiores a 200 grados, insuficientes para la cremaci\u00f3n de cuerpos. El an\u00e1lisis fue confirmado por laboratorios de la Universidad Nacional Aut\u00f3noma de M\u00e9xico (UNAM).<\/p>\n\n\n\n<p class=\"p1 wp-block-paragraph\">\u201cNo se encontraron cad\u00e1veres ni osamentas completas o parciales. La informaci\u00f3n hasta ahora no sustenta la existencia de crematorios clandestinos\u201d, puntualiz\u00f3.<\/p>\n\n\n\n<p class=\"p1 wp-block-paragraph\">En cuanto a las prendas halladas por colectivos de b\u00fasqueda en marzo pasado, el fiscal detall\u00f3 que fueron localizadas en una zona del inmueble que, al momento de una inspecci\u00f3n previa en septiembre de 2024, aparec\u00eda completamente vac\u00eda. Mostr\u00f3 im\u00e1genes que contrastan el antes y despu\u00e9s del hallazgo para evidenciar el abandono del sitio por varios meses, lo cual pudo haber alterado la escena.<\/p>\n\n\n\n<p class=\"p1 wp-block-paragraph\">Gertz tambi\u00e9n revel\u00f3 que algunas bolsas con ropa encontradas en el lugar hab\u00edan sido aseguradas previamente por autoridades locales y devueltas sin an\u00e1lisis pericial. \u201cEso es grav\u00edsimo\u201d, advirti\u00f3. Asegur\u00f3 que las prendas est\u00e1n siendo periciadas de forma individual y que se implementar\u00e1 un protocolo en colaboraci\u00f3n con colectivos de b\u00fasqueda y la Comisi\u00f3n de Derechos Humanos para su identificaci\u00f3n.<\/p>\n\n\n\n<p class=\"p1 wp-block-paragraph\">Hasta el momento, se han iniciado 14 procesos judiciales relacionados con delincuencia organizada, desaparici\u00f3n forzada y homicidio, vinculados al caso. Las \u00f3rdenes de aprehensi\u00f3n han sido cumplidas, y la FGR adelant\u00f3 que continuar\u00e1 investigando la posible responsabilidad de autoridades locales en la omisi\u00f3n o complicidad con las actividades del CJNG en la zona.<\/p>\n\n\n\n<p class=\"p1 wp-block-paragraph\"><\/p>\n\n\n\n<p class=\"p1 wp-block-paragraph\"><\/p>\n<div class=\"fb-background-color\">\n\t\t\t  <div \n\t\t\t  \tclass = \"fb-comments\" \n\t\t\t  \tdata-href = \"https:\/\/diarioavanzada.com.mx\/?p=84550\"\n\t\t\t  \tdata-numposts = \"10\"\n\t\t\t  \tdata-lazy = \"true\"\n\t\t\t\tdata-colorscheme = \"light\"\n\t\t\t\tdata-order-by = \"social\"\n\t\t\t\tdata-mobile=true>\n\t\t\t  <\/div><\/div>\n\t\t  <style>\n\t\t    .fb-background-color {\n\t\t\t\tbackground:  !important;\n\t\t\t}\n\t\t\t.fb_iframe_widget_fluid_desktop iframe {\n\t\t\t    width: 100% !important;\n\t\t\t}\n\t\t  <\/style>\n\t\t  ","protected":false},"excerpt":{"rendered":"<p>Confirma FGR que rancho en Jalisco operaba como centro del CJNG desde 2021; autoridades locales ignoraron alertas M\u00e9xico, Avanzada (30\/04\/2025).- El fiscal general de la Rep\u00fablica, Alejandro Gertz Manero, confirm\u00f3 este lunes que el rancho Izaguirre, ubicado en el municipio de Teuchitl\u00e1n, Jalisco, funcionaba como centro de reclutamiento, adiestramiento y operaci\u00f3n del C\u00e1rtel Jalisco Nueva [&hellip;]<\/p>\n","protected":false},"author":7,"featured_media":84551,"comment_status":"closed","ping_status":"closed","sticky":false,"template":"","format":"standard","meta":{"_coblocks_attr":"","_coblocks_dimensions":"","_coblocks_responsive_height":"","_coblocks_accordion_ie_support":"","_crdt_document":"","advanced_seo_description":"","jetpack_seo_html_title":"","jetpack_seo_noindex":false,"_jetpack_memberships_contains_paid_content":false,"footnotes":""},"categories":[209,22,231],"tags":[210],"class_list":["post-84550","post","type-post","status-publish","format-standard","has-post-thumbnail","hentry","category-importantes","category-nacion","category-seguridad","tag-portada"],"jetpack_featured_media_url":"https:\/\/diarioavanzada.com.mx\/wp-content\/uploads\/2025\/04\/img_2831-1.jpg","jetpack-related-posts":[],"jetpack_sharing_enabled":true,"amp_enabled":true,"_links":{"self":[{"href":"https:\/\/diarioavanzada.com.mx\/index.php?rest_route=\/wp\/v2\/posts\/84550","targetHints":{"allow":["GET"]}}],"collection":[{"href":"https:\/\/diarioavanzada.com.mx\/index.php?rest_route=\/wp\/v2\/posts"}],"about":[{"href":"https:\/\/diarioavanzada.com.mx\/index.php?rest_route=\/wp\/v2\/types\/post"}],"author":[{"embeddable":true,"href":"https:\/\/diarioavanzada.com.mx\/index.php?rest_route=\/wp\/v2\/users\/7"}],"replies":[{"embeddable":true,"href":"https:\/\/diarioavanzada.com.mx\/index.php?rest_route=%2Fwp%2Fv2%2Fcomments&post=84550"}],"version-history":[{"count":1,"href":"https:\/\/diarioavanzada.com.mx\/index.php?rest_route=\/wp\/v2\/posts\/84550\/revisions"}],"predecessor-version":[{"id":84552,"href":"https:\/\/diarioavanzada.com.mx\/index.php?rest_route=\/wp\/v2\/posts\/84550\/revisions\/84552"}],"wp:featuredmedia":[{"embeddable":true,"href":"https:\/\/diarioavanzada.com.mx\/index.php?rest_route=\/wp\/v2\/media\/84551"}],"wp:attachment":[{"href":"https:\/\/diarioavanzada.com.mx\/index.php?rest_route=%2Fwp%2Fv2%2Fmedia&parent=84550"}],"wp:term":[{"taxonomy":"category","embeddable":true,"href":"https:\/\/diarioavanzada.com.mx\/index.php?rest_route=%2Fwp%2Fv2%2Fcategories&post=84550"},{"taxonomy":"post_tag","embeddable":true,"href":"https:\/\/diarioavanzada.com.mx\/index.php?rest_route=%2Fwp%2Fv2%2Ftags&post=84550"}],"curies":[{"name":"wp","href":"https:\/\/api.w.org\/{rel}","templated":true}]}}