{"id":84451,"date":"2025-04-28T20:07:17","date_gmt":"2025-04-29T02:07:17","guid":{"rendered":"https:\/\/diarioavanzada.com.mx\/?p=84451"},"modified":"2025-04-28T20:51:56","modified_gmt":"2025-04-29T02:51:56","slug":"estudiante-de-la-udec-participa-en-congreso-internacional-sobre-derecho-y-justicia","status":"publish","type":"post","link":"https:\/\/diarioavanzada.com.mx\/?p=84451","title":{"rendered":"Estudiante de la UdC expone sobre modificaci\u00f3n gen\u00e9tica y transhumanismo"},"content":{"rendered":"\n<p class=\"wp-block-paragraph\"><em>En este foro, que se llev\u00f3 a cabo de manera h\u00edbrida del 9 al 11 de abril, el estudiante present\u00f3 de forma virtual la ponencia: \u201cModificaci\u00f3n gen\u00e9tica embrional, implicaciones jur\u00eddicas y su impacto bio\u00e9tico en el transhumanismo\u201d.<\/em><\/p>\n\n\n\n<p class=\"wp-block-paragraph\">Colima, M\u00e9xico, Comunicado (28\/04\/2025).- El estudiante de posgrado Ramiro Guadalupe L\u00f3pez Morales, acompa\u00f1ado por el profesor Enoc Francisco Mor\u00e1n Torres -ambos de la Facultad de Derecho de la Universidad de Colima (UdeC)- particip\u00f3 en el <strong>II Congreso Internacional en Ciencias Jur\u00eddicas<\/strong> \u201cLos nuevos derroteros del Derecho y la Justicia\u201d, organizado por la Universidad Michoacana de San Nicol\u00e1s de Hidalgo.<\/p>\n\n\n\n<p class=\"wp-block-paragraph\">En este foro, que se llev\u00f3 a cabo de manera h\u00edbrida del 9 al 11 de abril, el estudiante present\u00f3 de forma virtual la ponencia: \u201cModificaci\u00f3n gen\u00e9tica embrional, implicaciones jur\u00eddicas y su impacto bio\u00e9tico en el transhumanismo\u201d.<\/p>\n\n\n\n<p class=\"wp-block-paragraph\">Durante su participaci\u00f3n, ambos destacaron que el transhumanismo, apoyado en los avances tecnol\u00f3gicos, plantea la posibilidad de que los seres humanos puedan modificar gen\u00e9ticamente a su descendencia para retrasar el envejecimiento y potenciar sus capacidades intelectuales, f\u00edsicas, psicol\u00f3gicas y humanas. Expusieron tambi\u00e9n los retos jur\u00eddicos y bio\u00e9ticos que esto implica, enfatizando la necesidad de un marco normativo que regule estas pr\u00e1cticas.<\/p>\n\n\n\n<p class=\"wp-block-paragraph\">El II Congreso Internacional en Ciencias Jur\u00eddicas reuni\u00f3 a investigadoras, investigadores y estudiantes de posgrado dedicados a la investigaci\u00f3n en ciencias sociales, humanidades y artes. Los ejes tem\u00e1ticos abordados fueron: Transformaciones del poder judicial y democracia, Nuevos retos de los derechos humanos, Innovaciones y desaf\u00edos del Estado de derecho y el orden p\u00fablico, as\u00ed como Derecho global y sostenibilidad en un mundo interconectado. Tambi\u00e9n se organizaron mesas especializadas en Derecho Electoral, Derecho Notarial y Derecho Fiscal.<\/p>\n\n\n\n<p class=\"wp-block-paragraph\">El evento se desarroll\u00f3 de forma presencial en el Centro de Convenciones y Exposiciones de Morelia, Michoac\u00e1n, y de manera virtual para participantes de otras entidades.<\/p>\n\n\n\n<figure class=\"wp-block-image size-full\"><img loading=\"lazy\" decoding=\"async\" width=\"633\" height=\"251\" src=\"https:\/\/diarioavanzada.com.mx\/wp-content\/uploads\/2025\/04\/Estudiante-UdeC-participa-en-Congreso-Internacional-sobre-Derecho-y-Justicia.jpg\" alt=\"\" class=\"wp-image-84454\" srcset=\"https:\/\/diarioavanzada.com.mx\/wp-content\/uploads\/2025\/04\/Estudiante-UdeC-participa-en-Congreso-Internacional-sobre-Derecho-y-Justicia.jpg 633w, https:\/\/diarioavanzada.com.mx\/wp-content\/uploads\/2025\/04\/Estudiante-UdeC-participa-en-Congreso-Internacional-sobre-Derecho-y-Justicia-300x119.jpg 300w\" sizes=\"auto, (max-width: 633px) 100vw, 633px\" \/><\/figure>\n\n\n\n<figure class=\"wp-block-image size-full\"><img loading=\"lazy\" decoding=\"async\" width=\"637\" height=\"255\" src=\"https:\/\/diarioavanzada.com.mx\/wp-content\/uploads\/2025\/04\/Estudiante-UdeC-participa-en-Congreso-Internacional-sobre-Derecho-y-Justicia_a.jpg\" alt=\"\" class=\"wp-image-84456\" srcset=\"https:\/\/diarioavanzada.com.mx\/wp-content\/uploads\/2025\/04\/Estudiante-UdeC-participa-en-Congreso-Internacional-sobre-Derecho-y-Justicia_a.jpg 637w, https:\/\/diarioavanzada.com.mx\/wp-content\/uploads\/2025\/04\/Estudiante-UdeC-participa-en-Congreso-Internacional-sobre-Derecho-y-Justicia_a-300x120.jpg 300w\" sizes=\"auto, (max-width: 637px) 100vw, 637px\" \/><\/figure>\n<div class=\"fb-background-color\">\n\t\t\t  <div \n\t\t\t  \tclass = \"fb-comments\" \n\t\t\t  \tdata-href = \"https:\/\/diarioavanzada.com.mx\/?p=84451\"\n\t\t\t  \tdata-numposts = \"10\"\n\t\t\t  \tdata-lazy = \"true\"\n\t\t\t\tdata-colorscheme = \"light\"\n\t\t\t\tdata-order-by = \"social\"\n\t\t\t\tdata-mobile=true>\n\t\t\t  <\/div><\/div>\n\t\t  <style>\n\t\t    .fb-background-color {\n\t\t\t\tbackground:  !important;\n\t\t\t}\n\t\t\t.fb_iframe_widget_fluid_desktop iframe {\n\t\t\t    width: 100% !important;\n\t\t\t}\n\t\t  <\/style>\n\t\t  ","protected":false},"excerpt":{"rendered":"<p>En este foro, que se llev\u00f3 a cabo de manera h\u00edbrida del 9 al 11 de abril, el estudiante present\u00f3 de forma virtual la ponencia: \u201cModificaci\u00f3n gen\u00e9tica embrional, implicaciones jur\u00eddicas y su impacto bio\u00e9tico en el transhumanismo\u201d. Colima, M\u00e9xico, Comunicado (28\/04\/2025).- El estudiante de posgrado Ramiro Guadalupe L\u00f3pez Morales, acompa\u00f1ado por el profesor Enoc Francisco [&hellip;]<\/p>\n","protected":false},"author":7,"featured_media":84459,"comment_status":"closed","ping_status":"closed","sticky":false,"template":"","format":"standard","meta":{"_coblocks_attr":"","_coblocks_dimensions":"","_coblocks_responsive_height":"","_coblocks_accordion_ie_support":"","_crdt_document":"","advanced_seo_description":"","jetpack_seo_html_title":"","jetpack_seo_noindex":false,"_jetpack_memberships_contains_paid_content":false,"footnotes":""},"categories":[19,209,7],"tags":[],"class_list":["post-84451","post","type-post","status-publish","format-standard","has-post-thumbnail","hentry","category-colima","category-importantes","category-noticias"],"jetpack_featured_media_url":"https:\/\/diarioavanzada.com.mx\/wp-content\/uploads\/2025\/04\/f7f48dde-fa27-4d50-b820-00f884a04ff1-1.jpg","jetpack-related-posts":[],"jetpack_sharing_enabled":true,"amp_enabled":true,"_links":{"self":[{"href":"https:\/\/diarioavanzada.com.mx\/index.php?rest_route=\/wp\/v2\/posts\/84451","targetHints":{"allow":["GET"]}}],"collection":[{"href":"https:\/\/diarioavanzada.com.mx\/index.php?rest_route=\/wp\/v2\/posts"}],"about":[{"href":"https:\/\/diarioavanzada.com.mx\/index.php?rest_route=\/wp\/v2\/types\/post"}],"author":[{"embeddable":true,"href":"https:\/\/diarioavanzada.com.mx\/index.php?rest_route=\/wp\/v2\/users\/7"}],"replies":[{"embeddable":true,"href":"https:\/\/diarioavanzada.com.mx\/index.php?rest_route=%2Fwp%2Fv2%2Fcomments&post=84451"}],"version-history":[{"count":4,"href":"https:\/\/diarioavanzada.com.mx\/index.php?rest_route=\/wp\/v2\/posts\/84451\/revisions"}],"predecessor-version":[{"id":84462,"href":"https:\/\/diarioavanzada.com.mx\/index.php?rest_route=\/wp\/v2\/posts\/84451\/revisions\/84462"}],"wp:featuredmedia":[{"embeddable":true,"href":"https:\/\/diarioavanzada.com.mx\/index.php?rest_route=\/wp\/v2\/media\/84459"}],"wp:attachment":[{"href":"https:\/\/diarioavanzada.com.mx\/index.php?rest_route=%2Fwp%2Fv2%2Fmedia&parent=84451"}],"wp:term":[{"taxonomy":"category","embeddable":true,"href":"https:\/\/diarioavanzada.com.mx\/index.php?rest_route=%2Fwp%2Fv2%2Fcategories&post=84451"},{"taxonomy":"post_tag","embeddable":true,"href":"https:\/\/diarioavanzada.com.mx\/index.php?rest_route=%2Fwp%2Fv2%2Ftags&post=84451"}],"curies":[{"name":"wp","href":"https:\/\/api.w.org\/{rel}","templated":true}]}}