{"id":84405,"date":"2025-04-28T16:34:30","date_gmt":"2025-04-28T22:34:30","guid":{"rendered":"https:\/\/diarioavanzada.com.mx\/?p=84405"},"modified":"2025-04-28T16:35:21","modified_gmt":"2025-04-28T22:35:21","slug":"localizan-sin-vida-a-la-activista-sandra-dominguez-y-a-su-esposo-en-veracruz","status":"publish","type":"post","link":"https:\/\/diarioavanzada.com.mx\/?p=84405","title":{"rendered":"Localizan sin vida a la activista Sandra Dom\u00ednguez y a su esposo en Veracruz"},"content":{"rendered":"\n<p class=\"p1 wp-block-paragraph\">Oaxaca, M\u00e9xico, Avanzada (28\/04\/2025).- La Fiscal\u00eda General del Estado de Oaxaca&nbsp; confirm\u00f3 la localizaci\u00f3n sin vida de la activista mixe Sandra Estefana Dom\u00ednguez Mart\u00ednez y su esposo Alexander Hern\u00e1ndez Hern\u00e1ndez, quienes hab\u00edan sido reportados como desaparecidos desde el 8 de octubre de 2024.<\/p>\n\n\n\n<p class=\"p1 wp-block-paragraph\">De acuerdo con el fiscal Bernardo Rodr\u00edguez Alamilla, el hallazgo fue posible gracias a un operativo conjunto realizado el pasado 24 de abril en el estado de Veracruz, donde participaron instituciones estatales y federales, como la Secretar\u00eda de Seguridad y Protecci\u00f3n Ciudadana, la Coordinaci\u00f3n Nacional Antisecuestro, el Centro Nacional de Inteligencia, la Secretar\u00eda de la Defensa Nacional, la Guardia Nacional, as\u00ed como las fiscal\u00edas de Oaxaca y Veracruz.<\/p>\n\n\n\n<p class=\"p1 wp-block-paragraph\">Los cuerpos fueron encontrados en dos fosas ubicadas en un inmueble localizado en un camino de terracer\u00eda que conecta La Ceiba con Uni\u00f3n Progreso, en el municipio de Santiago Sochiapan, Veracruz. Tras el descubrimiento, los restos fueron trasladados al Instituto de Servicios Periciales, donde mediante estudios cient\u00edficos se confirm\u00f3 la identidad de las v\u00edctimas.<\/p>\n\n\n\n<p class=\"p1 wp-block-paragraph\">El fiscal detall\u00f3 que, como parte de las investigaciones, previamente se hab\u00edan realizado importantes hallazgos en la regi\u00f3n de la Cuenca del Papaloapan y en territorio veracruzano, entre ellos la localizaci\u00f3n de la camioneta de las v\u00edctimas en Playa Vicente y, d\u00edas despu\u00e9s, el tel\u00e9fono celular de Sandra Dom\u00ednguez en la comunidad de El Nigromante.<\/p>\n\n\n\n<p class=\"p1 wp-block-paragraph\">Las autoridades contin\u00faan con las indagatorias para esclarecer los hechos y dar con los responsables del crimen, que caus\u00f3 consternaci\u00f3n en el \u00e1mbito de los derechos humanos en Oaxaca y el pa\u00eds.<\/p>\n<div class=\"fb-background-color\">\n\t\t\t  <div \n\t\t\t  \tclass = \"fb-comments\" \n\t\t\t  \tdata-href = \"https:\/\/diarioavanzada.com.mx\/?p=84405\"\n\t\t\t  \tdata-numposts = \"10\"\n\t\t\t  \tdata-lazy = \"true\"\n\t\t\t\tdata-colorscheme = \"light\"\n\t\t\t\tdata-order-by = \"social\"\n\t\t\t\tdata-mobile=true>\n\t\t\t  <\/div><\/div>\n\t\t  <style>\n\t\t    .fb-background-color {\n\t\t\t\tbackground:  !important;\n\t\t\t}\n\t\t\t.fb_iframe_widget_fluid_desktop iframe {\n\t\t\t    width: 100% !important;\n\t\t\t}\n\t\t  <\/style>\n\t\t  ","protected":false},"excerpt":{"rendered":"<p>Oaxaca, M\u00e9xico, Avanzada (28\/04\/2025).- La Fiscal\u00eda General del Estado de Oaxaca&nbsp; confirm\u00f3 la localizaci\u00f3n sin vida de la activista mixe Sandra Estefana Dom\u00ednguez Mart\u00ednez y su esposo Alexander Hern\u00e1ndez Hern\u00e1ndez, quienes hab\u00edan sido reportados como desaparecidos desde el 8 de octubre de 2024. De acuerdo con el fiscal Bernardo Rodr\u00edguez Alamilla, el hallazgo fue posible [&hellip;]<\/p>\n","protected":false},"author":7,"featured_media":84404,"comment_status":"closed","ping_status":"closed","sticky":false,"template":"","format":"standard","meta":{"_coblocks_attr":"","_coblocks_dimensions":"","_coblocks_responsive_height":"","_coblocks_accordion_ie_support":"","_crdt_document":"","advanced_seo_description":"","jetpack_seo_html_title":"","jetpack_seo_noindex":false,"_jetpack_memberships_contains_paid_content":false,"footnotes":""},"categories":[22,7,231],"tags":[210],"class_list":["post-84405","post","type-post","status-publish","format-standard","has-post-thumbnail","hentry","category-nacion","category-noticias","category-seguridad","tag-portada"],"jetpack_featured_media_url":"https:\/\/diarioavanzada.com.mx\/wp-content\/uploads\/2025\/04\/img_2773-1.png","jetpack-related-posts":[],"jetpack_sharing_enabled":true,"amp_enabled":true,"_links":{"self":[{"href":"https:\/\/diarioavanzada.com.mx\/index.php?rest_route=\/wp\/v2\/posts\/84405","targetHints":{"allow":["GET"]}}],"collection":[{"href":"https:\/\/diarioavanzada.com.mx\/index.php?rest_route=\/wp\/v2\/posts"}],"about":[{"href":"https:\/\/diarioavanzada.com.mx\/index.php?rest_route=\/wp\/v2\/types\/post"}],"author":[{"embeddable":true,"href":"https:\/\/diarioavanzada.com.mx\/index.php?rest_route=\/wp\/v2\/users\/7"}],"replies":[{"embeddable":true,"href":"https:\/\/diarioavanzada.com.mx\/index.php?rest_route=%2Fwp%2Fv2%2Fcomments&post=84405"}],"version-history":[{"count":1,"href":"https:\/\/diarioavanzada.com.mx\/index.php?rest_route=\/wp\/v2\/posts\/84405\/revisions"}],"predecessor-version":[{"id":84406,"href":"https:\/\/diarioavanzada.com.mx\/index.php?rest_route=\/wp\/v2\/posts\/84405\/revisions\/84406"}],"wp:featuredmedia":[{"embeddable":true,"href":"https:\/\/diarioavanzada.com.mx\/index.php?rest_route=\/wp\/v2\/media\/84404"}],"wp:attachment":[{"href":"https:\/\/diarioavanzada.com.mx\/index.php?rest_route=%2Fwp%2Fv2%2Fmedia&parent=84405"}],"wp:term":[{"taxonomy":"category","embeddable":true,"href":"https:\/\/diarioavanzada.com.mx\/index.php?rest_route=%2Fwp%2Fv2%2Fcategories&post=84405"},{"taxonomy":"post_tag","embeddable":true,"href":"https:\/\/diarioavanzada.com.mx\/index.php?rest_route=%2Fwp%2Fv2%2Ftags&post=84405"}],"curies":[{"name":"wp","href":"https:\/\/api.w.org\/{rel}","templated":true}]}}