{"id":84294,"date":"2025-04-27T12:04:04","date_gmt":"2025-04-27T18:04:04","guid":{"rendered":"https:\/\/diarioavanzada.com.mx\/?p=84294"},"modified":"2025-04-27T12:41:58","modified_gmt":"2025-04-27T18:41:58","slug":"protestan-en-tabasco-contra-ministra-de-la-scjn-con-orejas-y-colita-de-burro","status":"publish","type":"post","link":"https:\/\/diarioavanzada.com.mx\/?p=84294","title":{"rendered":"Protestan en Tabasco contra ministra de la SCJN con orejas y colita de burro"},"content":{"rendered":"\n<p class=\"p1 wp-block-paragraph\">Avanzada (27\/04\/2025).- Un grupo de trabajadores del Poder Judicial de la Federaci\u00f3n (PJF) se manifest\u00f3 en las afueras del hotel Tabasco Inn, donde la candidata a ministra de la Suprema Corte de Justicia de la Naci\u00f3n (SCJN), Lenia Batres Guadarrama, imparti\u00f3 una conferencia magistral.<\/p>\n\n\n\n<p class=\"p1 wp-block-paragraph\">Durante su llegada al evento titulado \u201cLa reforma al Poder Judicial de la Federaci\u00f3n\u201d, organizado por la asociaci\u00f3n civil Abogadas de Tabasco, Batres fue recibida entre abucheos y protestas. Los manifestantes portaban orejas de cart\u00f3n y tela simulando ser de burro, adem\u00e1s de pancartas con diversas consignas cr\u00edticas.<\/p>\n\n\n\n<p class=\"p1 wp-block-paragraph\">Las im\u00e1genes de la protesta circularon en redes sociales y en chats internos del PJF. Pese a la manifestaci\u00f3n, la conferencia se llev\u00f3 a cabo conforme a lo programado. En su intervenci\u00f3n, Batres llam\u00f3 a respaldar un Poder Judicial que defienda los derechos sociales en el pa\u00eds.<\/p>\n\n\n\n<p class=\"p1 wp-block-paragraph\"><\/p>\n\n\n\n<figure class=\"wp-block-video\"><div class=\"wp-block-embed__wrapper\">\n<iframe title=\"VideoPress Video Player\" aria-label='VideoPress Video Player' width='466' height='1000' src='https:\/\/videopress.com\/embed\/dpGAHacP?cover=1&amp;preloadContent=metadata&amp;useAverageColor=1&amp;hd=0' frameborder='0' allowfullscreen data-resize-to-parent=\"true\" allow='clipboard-write'><\/iframe><script src='https:\/\/v0.wordpress.com\/js\/next\/videopress-iframe.js?m=1739540970'><\/script>\n<\/div><\/figure>\n<div class=\"fb-background-color\">\n\t\t\t  <div \n\t\t\t  \tclass = \"fb-comments\" \n\t\t\t  \tdata-href = \"https:\/\/diarioavanzada.com.mx\/?p=84294\"\n\t\t\t  \tdata-numposts = \"10\"\n\t\t\t  \tdata-lazy = \"true\"\n\t\t\t\tdata-colorscheme = \"light\"\n\t\t\t\tdata-order-by = \"social\"\n\t\t\t\tdata-mobile=true>\n\t\t\t  <\/div><\/div>\n\t\t  <style>\n\t\t    .fb-background-color {\n\t\t\t\tbackground:  !important;\n\t\t\t}\n\t\t\t.fb_iframe_widget_fluid_desktop iframe {\n\t\t\t    width: 100% !important;\n\t\t\t}\n\t\t  <\/style>\n\t\t  ","protected":false},"excerpt":{"rendered":"<p>Avanzada (27\/04\/2025).- Un grupo de trabajadores del Poder Judicial de la Federaci\u00f3n (PJF) se manifest\u00f3 en las afueras del hotel Tabasco Inn, donde la candidata a ministra de la Suprema Corte de Justicia de la Naci\u00f3n (SCJN), Lenia Batres Guadarrama, imparti\u00f3 una conferencia magistral. Durante su llegada al evento titulado \u201cLa reforma al Poder Judicial [&hellip;]<\/p>\n","protected":false},"author":7,"featured_media":84296,"comment_status":"closed","ping_status":"closed","sticky":false,"template":"","format":"standard","meta":{"_coblocks_attr":"","_coblocks_dimensions":"","_coblocks_responsive_height":"","_coblocks_accordion_ie_support":"","_crdt_document":"","advanced_seo_description":"","jetpack_seo_html_title":"","jetpack_seo_noindex":false,"_jetpack_memberships_contains_paid_content":false,"footnotes":""},"categories":[209,22,7],"tags":[210],"class_list":["post-84294","post","type-post","status-publish","format-standard","has-post-thumbnail","hentry","category-importantes","category-nacion","category-noticias","tag-portada"],"jetpack_featured_media_url":"https:\/\/diarioavanzada.com.mx\/wp-content\/uploads\/2025\/04\/img_8410-1.jpg","jetpack-related-posts":[],"jetpack_sharing_enabled":true,"amp_enabled":true,"_links":{"self":[{"href":"https:\/\/diarioavanzada.com.mx\/index.php?rest_route=\/wp\/v2\/posts\/84294","targetHints":{"allow":["GET"]}}],"collection":[{"href":"https:\/\/diarioavanzada.com.mx\/index.php?rest_route=\/wp\/v2\/posts"}],"about":[{"href":"https:\/\/diarioavanzada.com.mx\/index.php?rest_route=\/wp\/v2\/types\/post"}],"author":[{"embeddable":true,"href":"https:\/\/diarioavanzada.com.mx\/index.php?rest_route=\/wp\/v2\/users\/7"}],"replies":[{"embeddable":true,"href":"https:\/\/diarioavanzada.com.mx\/index.php?rest_route=%2Fwp%2Fv2%2Fcomments&post=84294"}],"version-history":[{"count":3,"href":"https:\/\/diarioavanzada.com.mx\/index.php?rest_route=\/wp\/v2\/posts\/84294\/revisions"}],"predecessor-version":[{"id":84299,"href":"https:\/\/diarioavanzada.com.mx\/index.php?rest_route=\/wp\/v2\/posts\/84294\/revisions\/84299"}],"wp:featuredmedia":[{"embeddable":true,"href":"https:\/\/diarioavanzada.com.mx\/index.php?rest_route=\/wp\/v2\/media\/84296"}],"wp:attachment":[{"href":"https:\/\/diarioavanzada.com.mx\/index.php?rest_route=%2Fwp%2Fv2%2Fmedia&parent=84294"}],"wp:term":[{"taxonomy":"category","embeddable":true,"href":"https:\/\/diarioavanzada.com.mx\/index.php?rest_route=%2Fwp%2Fv2%2Fcategories&post=84294"},{"taxonomy":"post_tag","embeddable":true,"href":"https:\/\/diarioavanzada.com.mx\/index.php?rest_route=%2Fwp%2Fv2%2Ftags&post=84294"}],"curies":[{"name":"wp","href":"https:\/\/api.w.org\/{rel}","templated":true}]}}