{"id":84279,"date":"2025-04-26T22:18:35","date_gmt":"2025-04-27T04:18:35","guid":{"rendered":"https:\/\/diarioavanzada.com.mx\/?p=84279"},"modified":"2025-04-27T06:51:23","modified_gmt":"2025-04-27T12:51:23","slug":"abuchean-y-corren-a-gerardo-fernandez-norona-del-congreso-nacional-del-pt","status":"publish","type":"post","link":"https:\/\/diarioavanzada.com.mx\/?p=84279","title":{"rendered":"Abuchean y corren a Gerardo Fern\u00e1ndez Noro\u00f1a del Congreso Nacional del PT"},"content":{"rendered":"\n<p class=\"p1 wp-block-paragraph\">M\u00e9xico, Avanzada (26\/04\/2025).- En un hecho inusual, el presidente de la Mesa Directiva del Senado, Gerardo Fern\u00e1ndez Noro\u00f1a, fue abucheado y obligado a retirarse del Congreso Nacional del Partido del Trabajo (PT), celebrado este s\u00e1bado. Al grito de \u201c\u00a1Vete, vete!\u201d, militantes petistas interrumpieron el discurso de Noro\u00f1a, quien intentaba justificar su postura de no aceptar ciertos reclamos internos, argumentando que ya soporta \u201clas majader\u00edas del PRI, del PAN y de la derecha, adem\u00e1s de campa\u00f1as de odio y calumnias\u201d.<\/p>\n\n\n\n<p class=\"p1 wp-block-paragraph\">Visiblemente molesto, Fern\u00e1ndez Noro\u00f1a lament\u00f3 el agravio y anunci\u00f3 que, aunque seguir\u00e1 promoviendo la unidad por convicci\u00f3n, tomar\u00e1 distancia del PT. A trav\u00e9s de su cuenta de X (antes Twitter), expres\u00f3:<\/p>\n\n\n\n<p class=\"p1 wp-block-paragraph\"><em>\u201cLamento mucho que el @PTnacionalMX me haya invitado a su congreso nacional para agraviarme. Yo seguir\u00e9 promoviendo la unidad por convicci\u00f3n, pero s\u00ed tomo distancia del @PTnacionalMX; lo que hoy hicieron es profundamente injusto y no lo merezco\u201d<\/em>.<\/p>\n\n\n\n<figure class=\"wp-block-embed is-type-wp-embed is-provider-diario-avanzada wp-block-embed-diario-avanzada\"><div class=\"wp-block-embed__wrapper\">\n<blockquote class=\"wp-embedded-content\" data-secret=\"xM7sDuVxfX\"><a href=\"https:\/\/diarioavanzada.com.mx\/?p=84285\">Sillazos y gritos: revientan asamblea del senador morenista Ra\u00fal Mor\u00f3n en Michoac\u00e1n<\/a><\/blockquote><iframe loading=\"lazy\" class=\"wp-embedded-content\" sandbox=\"allow-scripts\" security=\"restricted\" style=\"position: absolute; visibility: hidden;\" title=\"&#8220;Sillazos y gritos: revientan asamblea del senador morenista Ra\u00fal Mor\u00f3n en Michoac\u00e1n&#8221; &#8212; Diario Avanzada\" src=\"https:\/\/diarioavanzada.com.mx\/?p=84285&#038;embed=true#?secret=N9HK44Sz7t#?secret=xM7sDuVxfX\" data-secret=\"xM7sDuVxfX\" width=\"600\" height=\"338\" frameborder=\"0\" marginwidth=\"0\" marginheight=\"0\" scrolling=\"no\"><\/iframe>\n<\/div><\/figure>\n\n\n\n<p class=\"p1 wp-block-paragraph\">Ante el penoso incidente, la Comisi\u00f3n Ejecutiva Nacional del PT, encabezada por el senador Alberto Anaya Guti\u00e9rrez, emiti\u00f3 un comunicado en el que ofreci\u00f3 una disculpa p\u00fablica a Fern\u00e1ndez Noro\u00f1a. En el texto, el partido reconoce la trayectoria del legislador como un \u201chombre de izquierda, progresista, un gran legislador y muy valioso para la Cuarta Transformaci\u00f3n\u201d, reiter\u00e1ndole que las puertas del partido \u201csiempre estar\u00e1n abiertas\u201d para \u00e9l.<\/p>\n\n\n\n<p class=\"p1 wp-block-paragraph\"><\/p>\n\n\n\n<figure class=\"wp-block-video\"><div class=\"wp-block-embed__wrapper\">\n<iframe title=\"VideoPress Video Player\" aria-label='VideoPress Video Player' width='740' height='447' src='https:\/\/videopress.com\/embed\/BAkCn2xi?cover=1&amp;preloadContent=metadata&amp;useAverageColor=1&amp;hd=0' frameborder='0' allowfullscreen data-resize-to-parent=\"true\" allow='clipboard-write'><\/iframe><script src='https:\/\/v0.wordpress.com\/js\/next\/videopress-iframe.js?m=1739540970'><\/script>\n<\/div><\/figure>\n<div class=\"fb-background-color\">\n\t\t\t  <div \n\t\t\t  \tclass = \"fb-comments\" \n\t\t\t  \tdata-href = \"https:\/\/diarioavanzada.com.mx\/?p=84279\"\n\t\t\t  \tdata-numposts = \"10\"\n\t\t\t  \tdata-lazy = \"true\"\n\t\t\t\tdata-colorscheme = \"light\"\n\t\t\t\tdata-order-by = \"social\"\n\t\t\t\tdata-mobile=true>\n\t\t\t  <\/div><\/div>\n\t\t  <style>\n\t\t    .fb-background-color {\n\t\t\t\tbackground:  !important;\n\t\t\t}\n\t\t\t.fb_iframe_widget_fluid_desktop iframe {\n\t\t\t    width: 100% !important;\n\t\t\t}\n\t\t  <\/style>\n\t\t  ","protected":false},"excerpt":{"rendered":"<p>M\u00e9xico, Avanzada (26\/04\/2025).- En un hecho inusual, el presidente de la Mesa Directiva del Senado, Gerardo Fern\u00e1ndez Noro\u00f1a, fue abucheado y obligado a retirarse del Congreso Nacional del Partido del Trabajo (PT), celebrado este s\u00e1bado. Al grito de \u201c\u00a1Vete, vete!\u201d, militantes petistas interrumpieron el discurso de Noro\u00f1a, quien intentaba justificar su postura de no aceptar [&hellip;]<\/p>\n","protected":false},"author":7,"featured_media":84277,"comment_status":"closed","ping_status":"closed","sticky":false,"template":"","format":"standard","meta":{"_coblocks_attr":"","_coblocks_dimensions":"","_coblocks_responsive_height":"","_coblocks_accordion_ie_support":"","_crdt_document":"","advanced_seo_description":"","jetpack_seo_html_title":"","jetpack_seo_noindex":false,"_jetpack_memberships_contains_paid_content":false,"footnotes":""},"categories":[209,22,7],"tags":[210],"class_list":["post-84279","post","type-post","status-publish","format-standard","has-post-thumbnail","hentry","category-importantes","category-nacion","category-noticias","tag-portada"],"jetpack_featured_media_url":"https:\/\/diarioavanzada.com.mx\/wp-content\/uploads\/2025\/04\/img_2248-1.jpg","jetpack-related-posts":[],"jetpack_sharing_enabled":true,"amp_enabled":true,"_links":{"self":[{"href":"https:\/\/diarioavanzada.com.mx\/index.php?rest_route=\/wp\/v2\/posts\/84279","targetHints":{"allow":["GET"]}}],"collection":[{"href":"https:\/\/diarioavanzada.com.mx\/index.php?rest_route=\/wp\/v2\/posts"}],"about":[{"href":"https:\/\/diarioavanzada.com.mx\/index.php?rest_route=\/wp\/v2\/types\/post"}],"author":[{"embeddable":true,"href":"https:\/\/diarioavanzada.com.mx\/index.php?rest_route=\/wp\/v2\/users\/7"}],"replies":[{"embeddable":true,"href":"https:\/\/diarioavanzada.com.mx\/index.php?rest_route=%2Fwp%2Fv2%2Fcomments&post=84279"}],"version-history":[{"count":1,"href":"https:\/\/diarioavanzada.com.mx\/index.php?rest_route=\/wp\/v2\/posts\/84279\/revisions"}],"predecessor-version":[{"id":84290,"href":"https:\/\/diarioavanzada.com.mx\/index.php?rest_route=\/wp\/v2\/posts\/84279\/revisions\/84290"}],"wp:featuredmedia":[{"embeddable":true,"href":"https:\/\/diarioavanzada.com.mx\/index.php?rest_route=\/wp\/v2\/media\/84277"}],"wp:attachment":[{"href":"https:\/\/diarioavanzada.com.mx\/index.php?rest_route=%2Fwp%2Fv2%2Fmedia&parent=84279"}],"wp:term":[{"taxonomy":"category","embeddable":true,"href":"https:\/\/diarioavanzada.com.mx\/index.php?rest_route=%2Fwp%2Fv2%2Fcategories&post=84279"},{"taxonomy":"post_tag","embeddable":true,"href":"https:\/\/diarioavanzada.com.mx\/index.php?rest_route=%2Fwp%2Fv2%2Ftags&post=84279"}],"curies":[{"name":"wp","href":"https:\/\/api.w.org\/{rel}","templated":true}]}}