{"id":84269,"date":"2025-04-26T23:34:12","date_gmt":"2025-04-27T05:34:12","guid":{"rendered":"https:\/\/diarioavanzada.com.mx\/?p=84269"},"modified":"2025-04-26T23:34:12","modified_gmt":"2025-04-27T05:34:12","slug":"nina-de-un-ano-lucha-por-su-vida-tras-ser-atropellada-junto-a-sus-padres-en-puebla","status":"publish","type":"post","link":"https:\/\/diarioavanzada.com.mx\/?p=84269","title":{"rendered":"Ni\u00f1a de un a\u00f1o lucha por su vida tras ser atropellada junto a sus padres en Puebla"},"content":{"rendered":"\n<p class=\"p1 wp-block-paragraph\">Puebla, M\u00e9xico, Avanzada (26\/04\/2025).-&nbsp; Un grave accidente vial ocurrido en la junta auxiliar de San Pablo Xochimehuacan dej\u00f3 a una ni\u00f1a de apenas un a\u00f1o y cuatro meses en estado cr\u00edtico. Mar\u00eda Blanca fue atropellada junto con sus padres el pasado 23 de abril cuando caminaban por la calle Emiliano Zapata, entre Francisco Villa y Avenida 11 de Enero.<\/p>\n\n\n\n<p class=\"p1 wp-block-paragraph\">La familia, conformada por Hugo Fernando y Katherine, ambos de 23 a\u00f1os, se dirig\u00eda a comprar comida cuando un autom\u00f3vil Pointer color arena los embisti\u00f3. De acuerdo con el testimonio del padre, el veh\u00edculo apareci\u00f3 repentinamente y los arroll\u00f3, en una zona donde no existen sem\u00e1foros ni se\u00f1alizaci\u00f3n vial.<\/p>\n\n\n\n<p class=\"p1 wp-block-paragraph\">El momento fue captado por c\u00e1maras de videovigilancia y difundido en redes sociales en un esfuerzo por localizar al conductor responsable, quien huy\u00f3 del lugar. En las im\u00e1genes se observa c\u00f3mo la peque\u00f1a Mar\u00eda Blanca, que viajaba en una carriola, sali\u00f3 proyectada tras el impacto.<\/p>\n\n\n\n<p class=\"p1 wp-block-paragraph\">La familia no solo ha tenido que enfrentar las graves consecuencias del accidente, sino tambi\u00e9n una serie de negligencias. Seg\u00fan denunciaron, elementos de la polic\u00eda municipal presentes en la escena se mostraron indiferentes ante la gravedad de la situaci\u00f3n, sin brindar asistencia inmediata ni gestionar ayuda m\u00e9dica.<\/p>\n\n\n\n<p class=\"p1 wp-block-paragraph\">Inicialmente, la menor fue trasladada al Hospital General de Cholula, donde, de acuerdo con los padres, hubo falta de atenci\u00f3n y recursos m\u00e9dicos. Posteriormente, fue enviada al Hospital del Ni\u00f1o Poblano, donde actualmente permanece internada en estado delicado debido a inflamaci\u00f3n cerebral y co\u00e1gulos en el abdomen y cabeza.<\/p>\n\n\n\n<p class=\"p1 wp-block-paragraph\">Adem\u00e1s de la situaci\u00f3n de la ni\u00f1a, Hugo Fernando result\u00f3 con fracturas y dislocaciones en ambas piernas, mientras que Katherine presenta lesiones severas en una de sus extremidades.<\/p>\n\n\n\n<p class=\"p1 wp-block-paragraph\">La familia pide justicia y una atenci\u00f3n m\u00e9dica adecuada para su hija, mientras contin\u00faa luchando contra las secuelas del accidente y la indiferencia institucional.<\/p>\n<div class=\"fb-background-color\">\n\t\t\t  <div \n\t\t\t  \tclass = \"fb-comments\" \n\t\t\t  \tdata-href = \"https:\/\/diarioavanzada.com.mx\/?p=84269\"\n\t\t\t  \tdata-numposts = \"10\"\n\t\t\t  \tdata-lazy = \"true\"\n\t\t\t\tdata-colorscheme = \"light\"\n\t\t\t\tdata-order-by = \"social\"\n\t\t\t\tdata-mobile=true>\n\t\t\t  <\/div><\/div>\n\t\t  <style>\n\t\t    .fb-background-color {\n\t\t\t\tbackground:  !important;\n\t\t\t}\n\t\t\t.fb_iframe_widget_fluid_desktop iframe {\n\t\t\t    width: 100% !important;\n\t\t\t}\n\t\t  <\/style>\n\t\t  ","protected":false},"excerpt":{"rendered":"<p>Puebla, M\u00e9xico, Avanzada (26\/04\/2025).-&nbsp; Un grave accidente vial ocurrido en la junta auxiliar de San Pablo Xochimehuacan dej\u00f3 a una ni\u00f1a de apenas un a\u00f1o y cuatro meses en estado cr\u00edtico. Mar\u00eda Blanca fue atropellada junto con sus padres el pasado 23 de abril cuando caminaban por la calle Emiliano Zapata, entre Francisco Villa y [&hellip;]<\/p>\n","protected":false},"author":7,"featured_media":84268,"comment_status":"closed","ping_status":"closed","sticky":false,"template":"","format":"standard","meta":{"_coblocks_attr":"","_coblocks_dimensions":"","_coblocks_responsive_height":"","_coblocks_accordion_ie_support":"","_crdt_document":"","advanced_seo_description":"","jetpack_seo_html_title":"","jetpack_seo_noindex":false,"_jetpack_memberships_contains_paid_content":false,"footnotes":""},"categories":[22,7,231],"tags":[],"class_list":["post-84269","post","type-post","status-publish","format-standard","has-post-thumbnail","hentry","category-nacion","category-noticias","category-seguridad"],"jetpack_featured_media_url":"https:\/\/diarioavanzada.com.mx\/wp-content\/uploads\/2025\/04\/img_2739-1.jpg","jetpack-related-posts":[],"jetpack_sharing_enabled":true,"amp_enabled":true,"_links":{"self":[{"href":"https:\/\/diarioavanzada.com.mx\/index.php?rest_route=\/wp\/v2\/posts\/84269","targetHints":{"allow":["GET"]}}],"collection":[{"href":"https:\/\/diarioavanzada.com.mx\/index.php?rest_route=\/wp\/v2\/posts"}],"about":[{"href":"https:\/\/diarioavanzada.com.mx\/index.php?rest_route=\/wp\/v2\/types\/post"}],"author":[{"embeddable":true,"href":"https:\/\/diarioavanzada.com.mx\/index.php?rest_route=\/wp\/v2\/users\/7"}],"replies":[{"embeddable":true,"href":"https:\/\/diarioavanzada.com.mx\/index.php?rest_route=%2Fwp%2Fv2%2Fcomments&post=84269"}],"version-history":[{"count":1,"href":"https:\/\/diarioavanzada.com.mx\/index.php?rest_route=\/wp\/v2\/posts\/84269\/revisions"}],"predecessor-version":[{"id":84281,"href":"https:\/\/diarioavanzada.com.mx\/index.php?rest_route=\/wp\/v2\/posts\/84269\/revisions\/84281"}],"wp:featuredmedia":[{"embeddable":true,"href":"https:\/\/diarioavanzada.com.mx\/index.php?rest_route=\/wp\/v2\/media\/84268"}],"wp:attachment":[{"href":"https:\/\/diarioavanzada.com.mx\/index.php?rest_route=%2Fwp%2Fv2%2Fmedia&parent=84269"}],"wp:term":[{"taxonomy":"category","embeddable":true,"href":"https:\/\/diarioavanzada.com.mx\/index.php?rest_route=%2Fwp%2Fv2%2Fcategories&post=84269"},{"taxonomy":"post_tag","embeddable":true,"href":"https:\/\/diarioavanzada.com.mx\/index.php?rest_route=%2Fwp%2Fv2%2Ftags&post=84269"}],"curies":[{"name":"wp","href":"https:\/\/api.w.org\/{rel}","templated":true}]}}