{"id":84055,"date":"2025-04-23T11:18:55","date_gmt":"2025-04-23T17:18:55","guid":{"rendered":"https:\/\/diarioavanzada.com.mx\/?p=84055"},"modified":"2025-04-23T11:19:44","modified_gmt":"2025-04-23T17:19:44","slug":"rosa-bayardo-de-peor-alcaldesa-en-seguridad-a-zar-estatal-del-ramo","status":"publish","type":"post","link":"https:\/\/diarioavanzada.com.mx\/?p=84055","title":{"rendered":"Rosa Bayardo: De peor alcaldesa en seguridad a \u2018zar\u2019 estatal del ramo"},"content":{"rendered":"\n<p class=\"wp-block-paragraph\">Colima, M\u00e9xico, Avanzada (23\/04\/2025).- Pese a ser la presidenta del municipio con la peor incidencia de homicidios dolosos, Rosa Bayardo, alcaldesa de Manzanillo, fue electa por el Consejo Estatal de Seguridad P\u00fablica como la representante de Colima en la Conferencia Nacional de Seguridad P\u00fablica Municipal.<\/p>\n\n\n\n<p class=\"wp-block-paragraph\">Este martes, la gobernadora Indira Vizca\u00edno anunci\u00f3 en su p\u00e1gina de Facebook que el Consejo Estatal de Seguridad P\u00fablica eligi\u00f3 a las presidentas municipales de Manzanillo y Cuauht\u00e9moc, Rosa Bayardo y Guadalupe Sol\u00eds, como representantes en la pr\u00f3xima Conferencia Nacional de Seguridad P\u00fablica Municipal.<\/p>\n\n\n\n<p class=\"wp-block-paragraph\">La designaci\u00f3n a favor de Bayardo se da no obstante que en marzo de 2025 continu\u00f3 la tendencia iniciada desde octubre del a\u00f1o pasado, cuando Rosa Mar\u00eda Bayardo Cabrera asumi\u00f3 la Presidencia Municipal de Manzanillo: el municipio porte\u00f1o es en el que ocurren m\u00e1s homicidios dolosos en todo el estado de Colima.<\/p>\n\n\n\n<p class=\"wp-block-paragraph\">Datos del Secretariado Ejecutivo del Sistema Nacional de Seguridad P\u00fablica revelan que en marzo se cometieron en Manzanillo 35 homicidios dolosos, 1.12 asesinatos intencionales en promedio cada d\u00eda.<\/p>\n\n\n\n<p class=\"wp-block-paragraph\">Los 35 homicidios dolosos ocurridos en Manzanillo durante el mes de marzo, representan un incremento del 150 por ciento respecto a los 14 cometidos en febrero en ese mismo municipio.<\/p>\n\n\n\n<p class=\"wp-block-paragraph\">Desde el inicio de las actuales administraciones municipales, en octubre de 2024, y hasta el \u00faltimo d\u00eda de marzo de 2025, Manzanillo se consolida como el municipio m\u00e1s violent\u00f3 del estado de Colima, al registrar 169 v\u00edctimas de homicidio doloso.<\/p>\n\n\n\n<p class=\"wp-block-paragraph\">Las cifras del Secretariado Ejecutivo del Sistema Nacional de Seguridad P\u00fablica muestran que a Manzanillo le sigue Colima en el n\u00famero de v\u00edctimas de homicidio doloso, pues en el periodo octubre 2024-marzo2025, con el panista Riult Rivera como presidente municipal, en la capital del estado han sido asesinadas 64 personas.<\/p>\n\n\n\n<p class=\"wp-block-paragraph\">En Villa de \u00c1lvarez, con Esther Guti\u00e9rrez al frente del Ayuntamiento, durante los seis primeros meses de su segundo periodo como presidenta municipal, 48 personas han sido privadas de la vida de manera intencional.<\/p>\n\n\n\n<p class=\"wp-block-paragraph\">Han sido tantos los homicidios dolosos ocurridos en Manzanillo desde que Rosa Bayardo es la presidenta municipal, que ni sumando los de Colima y Villa de \u00c1lvarez se iguala la cantidad que registra el Puerto.<\/p>\n<div class=\"fb-background-color\">\n\t\t\t  <div \n\t\t\t  \tclass = \"fb-comments\" \n\t\t\t  \tdata-href = \"https:\/\/diarioavanzada.com.mx\/?p=84055\"\n\t\t\t  \tdata-numposts = \"10\"\n\t\t\t  \tdata-lazy = \"true\"\n\t\t\t\tdata-colorscheme = \"light\"\n\t\t\t\tdata-order-by = \"social\"\n\t\t\t\tdata-mobile=true>\n\t\t\t  <\/div><\/div>\n\t\t  <style>\n\t\t    .fb-background-color {\n\t\t\t\tbackground:  !important;\n\t\t\t}\n\t\t\t.fb_iframe_widget_fluid_desktop iframe {\n\t\t\t    width: 100% !important;\n\t\t\t}\n\t\t  <\/style>\n\t\t  ","protected":false},"excerpt":{"rendered":"<p>Colima, M\u00e9xico, Avanzada (23\/04\/2025).- Pese a ser la presidenta del municipio con la peor incidencia de homicidios dolosos, Rosa Bayardo, alcaldesa de Manzanillo, fue electa por el Consejo Estatal de Seguridad P\u00fablica como la representante de Colima en la Conferencia Nacional de Seguridad P\u00fablica Municipal. Este martes, la gobernadora Indira Vizca\u00edno anunci\u00f3 en su p\u00e1gina [&hellip;]<\/p>\n","protected":false},"author":7,"featured_media":84054,"comment_status":"closed","ping_status":"closed","sticky":false,"template":"","format":"standard","meta":{"_coblocks_attr":"","_coblocks_dimensions":"","_coblocks_responsive_height":"","_coblocks_accordion_ie_support":"","_crdt_document":"","advanced_seo_description":"","jetpack_seo_html_title":"","jetpack_seo_noindex":false,"_jetpack_memberships_contains_paid_content":false,"footnotes":""},"categories":[19,209,7,231],"tags":[210],"class_list":["post-84055","post","type-post","status-publish","format-standard","has-post-thumbnail","hentry","category-colima","category-importantes","category-noticias","category-seguridad","tag-portada"],"jetpack_featured_media_url":"https:\/\/diarioavanzada.com.mx\/wp-content\/uploads\/2025\/04\/img_0885-1.jpg","jetpack-related-posts":[],"jetpack_sharing_enabled":true,"amp_enabled":true,"_links":{"self":[{"href":"https:\/\/diarioavanzada.com.mx\/index.php?rest_route=\/wp\/v2\/posts\/84055","targetHints":{"allow":["GET"]}}],"collection":[{"href":"https:\/\/diarioavanzada.com.mx\/index.php?rest_route=\/wp\/v2\/posts"}],"about":[{"href":"https:\/\/diarioavanzada.com.mx\/index.php?rest_route=\/wp\/v2\/types\/post"}],"author":[{"embeddable":true,"href":"https:\/\/diarioavanzada.com.mx\/index.php?rest_route=\/wp\/v2\/users\/7"}],"replies":[{"embeddable":true,"href":"https:\/\/diarioavanzada.com.mx\/index.php?rest_route=%2Fwp%2Fv2%2Fcomments&post=84055"}],"version-history":[{"count":1,"href":"https:\/\/diarioavanzada.com.mx\/index.php?rest_route=\/wp\/v2\/posts\/84055\/revisions"}],"predecessor-version":[{"id":84056,"href":"https:\/\/diarioavanzada.com.mx\/index.php?rest_route=\/wp\/v2\/posts\/84055\/revisions\/84056"}],"wp:featuredmedia":[{"embeddable":true,"href":"https:\/\/diarioavanzada.com.mx\/index.php?rest_route=\/wp\/v2\/media\/84054"}],"wp:attachment":[{"href":"https:\/\/diarioavanzada.com.mx\/index.php?rest_route=%2Fwp%2Fv2%2Fmedia&parent=84055"}],"wp:term":[{"taxonomy":"category","embeddable":true,"href":"https:\/\/diarioavanzada.com.mx\/index.php?rest_route=%2Fwp%2Fv2%2Fcategories&post=84055"},{"taxonomy":"post_tag","embeddable":true,"href":"https:\/\/diarioavanzada.com.mx\/index.php?rest_route=%2Fwp%2Fv2%2Ftags&post=84055"}],"curies":[{"name":"wp","href":"https:\/\/api.w.org\/{rel}","templated":true}]}}