{"id":83547,"date":"2025-04-15T07:39:08","date_gmt":"2025-04-15T13:39:08","guid":{"rendered":"https:\/\/diarioavanzada.com.mx\/?p=83547"},"modified":"2025-04-15T07:39:08","modified_gmt":"2025-04-15T13:39:08","slug":"desaparece-sacerdote-en-culiacan","status":"publish","type":"post","link":"https:\/\/diarioavanzada.com.mx\/?p=83547","title":{"rendered":"Desaparece Sacerdote en Culiac\u00e1n"},"content":{"rendered":"\n<p class=\"p1 wp-block-paragraph\">Culiac\u00e1n, Sinaloa, Avanzada (15\/04\/2025).- El Seminario Diocesano de Culiac\u00e1n hizo un llamado urgente a la comunidad cat\u00f3lica y a la sociedad en general para ayudar en la localizaci\u00f3n del sacerdote Jes\u00fas Yovani G\u00f3mez Cruz, reportado como desaparecido desde el pasado 13 de abril de 2025.<\/p>\n\n\n\n<p class=\"p1 wp-block-paragraph\">A trav\u00e9s de un comunicado, la instituci\u00f3n expres\u00f3 su profunda preocupaci\u00f3n por el paradero del presb\u00edtero. \u201cCon profundo dolor y preocupaci\u00f3n solicitamos a ustedes su oraci\u00f3n y ayuda para que el P. Jes\u00fas Yovani G\u00f3mez sea localizado lo antes posible. Que el Se\u00f1or Dios lo proteja y lo haga volver sano y salvo con su familia, amigos y su Iglesia de Culiac\u00e1n\u201d, se\u00f1ala el mensaje difundido entre la feligres\u00eda.<\/p>\n\n\n\n<p class=\"p1 wp-block-paragraph\">De acuerdo con la ficha emitida por la Comisi\u00f3n Estatal de B\u00fasqueda de Personas de Sinaloa, el sacerdote, de 39 a\u00f1os de edad, fue visto por \u00faltima vez alrededor de las 7:00 de la ma\u00f1ana en Villa Adolfo L\u00f3pez Mateos (El Tamarindo), en el municipio de Culiac\u00e1n.<\/p>\n\n\n\n<p class=\"p1 wp-block-paragraph\">Jes\u00fas Yovani vest\u00eda camisa de manga larga con botones y pantal\u00f3n de mezclilla, ambos de color negro. Como se\u00f1as particulares se menciona una cicatriz en la frente y un tatuaje en el pecho con el dibujo de unas alas y el n\u00famero 18 en romano.<\/p>\n\n\n\n<p class=\"p1 wp-block-paragraph\">La Comisi\u00f3n exhorta a cualquier persona con informaci\u00f3n a comunicarse al n\u00famero 667 184 1256 o al correo cebpd@sinaloa.gob.mx. Su colaboraci\u00f3n puede ser clave para encontrarlo.<\/p>\n<div class=\"fb-background-color\">\n\t\t\t  <div \n\t\t\t  \tclass = \"fb-comments\" \n\t\t\t  \tdata-href = \"https:\/\/diarioavanzada.com.mx\/?p=83547\"\n\t\t\t  \tdata-numposts = \"10\"\n\t\t\t  \tdata-lazy = \"true\"\n\t\t\t\tdata-colorscheme = \"light\"\n\t\t\t\tdata-order-by = \"social\"\n\t\t\t\tdata-mobile=true>\n\t\t\t  <\/div><\/div>\n\t\t  <style>\n\t\t    .fb-background-color {\n\t\t\t\tbackground:  !important;\n\t\t\t}\n\t\t\t.fb_iframe_widget_fluid_desktop iframe {\n\t\t\t    width: 100% !important;\n\t\t\t}\n\t\t  <\/style>\n\t\t  ","protected":false},"excerpt":{"rendered":"<p>Culiac\u00e1n, Sinaloa, Avanzada (15\/04\/2025).- El Seminario Diocesano de Culiac\u00e1n hizo un llamado urgente a la comunidad cat\u00f3lica y a la sociedad en general para ayudar en la localizaci\u00f3n del sacerdote Jes\u00fas Yovani G\u00f3mez Cruz, reportado como desaparecido desde el pasado 13 de abril de 2025. A trav\u00e9s de un comunicado, la instituci\u00f3n expres\u00f3 su profunda [&hellip;]<\/p>\n","protected":false},"author":7,"featured_media":83546,"comment_status":"closed","ping_status":"closed","sticky":false,"template":"","format":"standard","meta":{"_coblocks_attr":"","_coblocks_dimensions":"","_coblocks_responsive_height":"","_coblocks_accordion_ie_support":"","_crdt_document":"","advanced_seo_description":"","jetpack_seo_html_title":"","jetpack_seo_noindex":false,"_jetpack_memberships_contains_paid_content":false,"footnotes":""},"categories":[209,22,231],"tags":[],"class_list":["post-83547","post","type-post","status-publish","format-standard","has-post-thumbnail","hentry","category-importantes","category-nacion","category-seguridad"],"jetpack_featured_media_url":"https:\/\/diarioavanzada.com.mx\/wp-content\/uploads\/2025\/04\/img_0422-1.jpg","jetpack-related-posts":[],"jetpack_sharing_enabled":true,"amp_enabled":true,"_links":{"self":[{"href":"https:\/\/diarioavanzada.com.mx\/index.php?rest_route=\/wp\/v2\/posts\/83547","targetHints":{"allow":["GET"]}}],"collection":[{"href":"https:\/\/diarioavanzada.com.mx\/index.php?rest_route=\/wp\/v2\/posts"}],"about":[{"href":"https:\/\/diarioavanzada.com.mx\/index.php?rest_route=\/wp\/v2\/types\/post"}],"author":[{"embeddable":true,"href":"https:\/\/diarioavanzada.com.mx\/index.php?rest_route=\/wp\/v2\/users\/7"}],"replies":[{"embeddable":true,"href":"https:\/\/diarioavanzada.com.mx\/index.php?rest_route=%2Fwp%2Fv2%2Fcomments&post=83547"}],"version-history":[{"count":0,"href":"https:\/\/diarioavanzada.com.mx\/index.php?rest_route=\/wp\/v2\/posts\/83547\/revisions"}],"wp:featuredmedia":[{"embeddable":true,"href":"https:\/\/diarioavanzada.com.mx\/index.php?rest_route=\/wp\/v2\/media\/83546"}],"wp:attachment":[{"href":"https:\/\/diarioavanzada.com.mx\/index.php?rest_route=%2Fwp%2Fv2%2Fmedia&parent=83547"}],"wp:term":[{"taxonomy":"category","embeddable":true,"href":"https:\/\/diarioavanzada.com.mx\/index.php?rest_route=%2Fwp%2Fv2%2Fcategories&post=83547"},{"taxonomy":"post_tag","embeddable":true,"href":"https:\/\/diarioavanzada.com.mx\/index.php?rest_route=%2Fwp%2Fv2%2Ftags&post=83547"}],"curies":[{"name":"wp","href":"https:\/\/api.w.org\/{rel}","templated":true}]}}